{"id":96555,"date":"2021-12-06T14:11:48","date_gmt":"2021-12-06T13:11:48","guid":{"rendered":"https:\/\/radioljubuski.ba\/?p=96555"},"modified":"2021-12-06T14:11:48","modified_gmt":"2021-12-06T13:11:48","slug":"koju-marku-automobila-su-stanovnici-bih-najvise-trazili-na-googleu","status":"publish","type":"post","link":"https:\/\/radioljubuski.ba\/index.php\/2021\/12\/06\/koju-marku-automobila-su-stanovnici-bih-najvise-trazili-na-googleu\/","title":{"rendered":"Koju marku automobila su stanovnici BiH najvi\u0161e tra\u017eili na Googleu"},"content":{"rendered":"\n<p>Ako pitamo Google, tektonske promjene u autoindustriji ve\u0107 su se odrazile i na odnos snaga na tr\u017ei\u0161tu.<\/p>\n\n\n\n<p>I dok su jo\u0161 pro\u0161le godine Toyota i BMW dr\u017eali tron kao najpretra\u017eivanije automarke na Google, podaci za ovu godinu govore kako se doga\u0111aju velike promjene. Novi igra\u010d je Tesla Motors koji je u nekoliko godina do\u0161ao do samog vrha. Trenutno je pretekao BMW, a jedina popularnija marka na globalnoj sceni je Toyota. Sude\u0107i po podacima, ne zadugo.<\/p>\n\n\n\n<p>Prema podacima za prvu polovicu 2021. godine, Comparethemarket.com je napravio kartu svijeta na kojoj lako mo\u017eemo vidjeti koja je automarka bila naj\u010de\u0161\u0107e pretra\u017eivana na Googleu, i to u svakoj od zemalja.<\/p>\n\n\n\n<p>Godine 2020. prevlast su dr\u017eali BMW i Toyota. Pro\u0161le godine Toyota je bila broj 1 u 55 dr\u017eava, a BMW u 34, dok je tre\u0107eplasirani Mercedes bio najpopularnija tema u 15 dr\u017eava. Tesle nije bilo nigdje. Isto je bilo i dalje u pro\u0161losti, 2018. i 2019. godine.<\/p>\n\n\n\n<p>\u0160to se ti\u010de Balkana, BMW uvjerljivo dr\u017ei broj 1, jer je najtra\u017eeniji u Srbiji, Hrvatskoj i Crnoj Gori.<\/p>\n\n\n\n<p>Me\u0111utim, u Bosni i Hercegovini stvar je ne\u0161to druga\u010dija, jer je najtra\u017eeniji Mercedes.<\/p>\n\n\n\n<figure class=\"wp-block-image\"><img decoding=\"async\" src=\"https:\/\/storage.pogled.ba\/images\/7c4f\/fbb0\/219037\/original\/8-2021-12-06-12-07-13-kartaAA.jpeg\" alt=\"8-2021-12-06-12-07-13-kartaAA.jpeg\"\/><\/figure>\n\n\n\n<p>Izvor:fokus.ba<\/p>\n","protected":false},"excerpt":{"rendered":"<p>Ako pitamo Google, tektonske promjene u autoindustriji ve\u0107 su se odrazile i na odnos snaga na tr\u017ei\u0161tu. I dok su jo\u0161 pro\u0161le godine Toyota i BMW dr\u017eali tron kao najpretra\u017eivanije automarke na Google, podaci za ovu godinu govore kako se doga\u0111aju velike promjene. Novi igra\u010d je Tesla Motors koji je u nekoliko godina do\u0161ao do [&hellip;]<\/p>\n","protected":false},"author":2,"featured_media":96556,"comment_status":"closed","ping_status":"closed","sticky":false,"template":"","format":"standard","meta":{"h5ap_radio_sources":[],"footnotes":""},"categories":[1],"tags":[],"class_list":["post-96555","post","type-post","status-publish","format-standard","has-post-thumbnail","hentry","category-bihiregija"],"yoast_head":"<!-- This site is optimized with the Yoast SEO plugin v27.5 - https:\/\/yoast.com\/product\/yoast-seo-wordpress\/ -->\n<title>Koju marku automobila su stanovnici BiH najvi\u0161e tra\u017eili na Googleu - RADIO LJUBU\u0160KI<\/title>\n<meta name=\"robots\" content=\"index, follow, max-snippet:-1, max-image-preview:large, max-video-preview:-1\" \/>\n<link rel=\"canonical\" href=\"https:\/\/radioljubuski.ba\/index.php\/2021\/12\/06\/koju-marku-automobila-su-stanovnici-bih-najvise-trazili-na-googleu\/\" \/>\n<meta property=\"og:locale\" content=\"hr_HR\" \/>\n<meta property=\"og:type\" content=\"article\" \/>\n<meta property=\"og:title\" content=\"Koju marku automobila su stanovnici BiH najvi\u0161e tra\u017eili na Googleu - RADIO LJUBU\u0160KI\" \/>\n<meta property=\"og:description\" content=\"Ako pitamo Google, tektonske promjene u autoindustriji ve\u0107 su se odrazile i na odnos snaga na tr\u017ei\u0161tu. I dok su jo\u0161 pro\u0161le godine Toyota i BMW dr\u017eali tron kao najpretra\u017eivanije automarke na Google, podaci za ovu godinu govore kako se doga\u0111aju velike promjene. Novi igra\u010d je Tesla Motors koji je u nekoliko godina do\u0161ao do [&hellip;]\" \/>\n<meta property=\"og:url\" content=\"https:\/\/radioljubuski.ba\/index.php\/2021\/12\/06\/koju-marku-automobila-su-stanovnici-bih-najvise-trazili-na-googleu\/\" \/>\n<meta property=\"og:site_name\" content=\"RADIO LJUBU\u0160KI\" \/>\n<meta property=\"article:publisher\" content=\"https:\/\/www.facebook.com\/Radiio-Ljubuski-1490835324566332\" \/>\n<meta property=\"article:published_time\" content=\"2021-12-06T13:11:48+00:00\" \/>\n<meta property=\"og:image\" content=\"https:\/\/radioljubuski.ba\/wp-content\/uploads\/2021\/12\/8-2021-12-06-12-07-13-karta.jpeg\" \/>\n\t<meta property=\"og:image:width\" content=\"1000\" \/>\n\t<meta property=\"og:image:height\" content=\"625\" \/>\n\t<meta property=\"og:image:type\" content=\"image\/jpeg\" \/>\n<meta name=\"author\" content=\"Radio Ljubu\u0161ki\" \/>\n<meta name=\"twitter:card\" content=\"summary_large_image\" \/>\n<meta name=\"twitter:creator\" content=\"@radioljubuski\" \/>\n<meta name=\"twitter:site\" content=\"@radioljubuski\" \/>\n<meta name=\"twitter:label1\" content=\"Napisao\/la\" \/>\n\t<meta name=\"twitter:data1\" content=\"Radio Ljubu\u0161ki\" \/>\n\t<meta name=\"twitter:label2\" content=\"Procijenjeno vrijeme \u010ditanja\" \/>\n\t<meta name=\"twitter:data2\" content=\"1 minuta\" \/>\n<script type=\"application\/ld+json\" class=\"yoast-schema-graph\">{\"@context\":\"https:\\\/\\\/schema.org\",\"@graph\":[{\"@type\":\"Article\",\"@id\":\"https:\\\/\\\/radioljubuski.ba\\\/index.php\\\/2021\\\/12\\\/06\\\/koju-marku-automobila-su-stanovnici-bih-najvise-trazili-na-googleu\\\/#article\",\"isPartOf\":{\"@id\":\"https:\\\/\\\/radioljubuski.ba\\\/index.php\\\/2021\\\/12\\\/06\\\/koju-marku-automobila-su-stanovnici-bih-najvise-trazili-na-googleu\\\/\"},\"author\":{\"name\":\"Radio Ljubu\u0161ki\",\"@id\":\"https:\\\/\\\/radioljubuski.ba\\\/#\\\/schema\\\/person\\\/19fc700381a780f69665d7956c469e3b\"},\"headline\":\"Koju marku automobila su stanovnici BiH najvi\u0161e tra\u017eili na Googleu\",\"datePublished\":\"2021-12-06T13:11:48+00:00\",\"mainEntityOfPage\":{\"@id\":\"https:\\\/\\\/radioljubuski.ba\\\/index.php\\\/2021\\\/12\\\/06\\\/koju-marku-automobila-su-stanovnici-bih-najvise-trazili-na-googleu\\\/\"},\"wordCount\":216,\"publisher\":{\"@id\":\"https:\\\/\\\/radioljubuski.ba\\\/#organization\"},\"image\":{\"@id\":\"https:\\\/\\\/radioljubuski.ba\\\/index.php\\\/2021\\\/12\\\/06\\\/koju-marku-automobila-su-stanovnici-bih-najvise-trazili-na-googleu\\\/#primaryimage\"},\"thumbnailUrl\":\"https:\\\/\\\/radioljubuski.ba\\\/wp-content\\\/uploads\\\/2021\\\/12\\\/8-2021-12-06-12-07-13-karta.jpeg\",\"articleSection\":[\"BIH i regija\"],\"inLanguage\":\"hr\"},{\"@type\":\"WebPage\",\"@id\":\"https:\\\/\\\/radioljubuski.ba\\\/index.php\\\/2021\\\/12\\\/06\\\/koju-marku-automobila-su-stanovnici-bih-najvise-trazili-na-googleu\\\/\",\"url\":\"https:\\\/\\\/radioljubuski.ba\\\/index.php\\\/2021\\\/12\\\/06\\\/koju-marku-automobila-su-stanovnici-bih-najvise-trazili-na-googleu\\\/\",\"name\":\"Koju marku automobila su stanovnici BiH najvi\u0161e tra\u017eili na Googleu - RADIO LJUBU\u0160KI\",\"isPartOf\":{\"@id\":\"https:\\\/\\\/radioljubuski.ba\\\/#website\"},\"primaryImageOfPage\":{\"@id\":\"https:\\\/\\\/radioljubuski.ba\\\/index.php\\\/2021\\\/12\\\/06\\\/koju-marku-automobila-su-stanovnici-bih-najvise-trazili-na-googleu\\\/#primaryimage\"},\"image\":{\"@id\":\"https:\\\/\\\/radioljubuski.ba\\\/index.php\\\/2021\\\/12\\\/06\\\/koju-marku-automobila-su-stanovnici-bih-najvise-trazili-na-googleu\\\/#primaryimage\"},\"thumbnailUrl\":\"https:\\\/\\\/radioljubuski.ba\\\/wp-content\\\/uploads\\\/2021\\\/12\\\/8-2021-12-06-12-07-13-karta.jpeg\",\"datePublished\":\"2021-12-06T13:11:48+00:00\",\"breadcrumb\":{\"@id\":\"https:\\\/\\\/radioljubuski.ba\\\/index.php\\\/2021\\\/12\\\/06\\\/koju-marku-automobila-su-stanovnici-bih-najvise-trazili-na-googleu\\\/#breadcrumb\"},\"inLanguage\":\"hr\",\"potentialAction\":[{\"@type\":\"ReadAction\",\"target\":[\"https:\\\/\\\/radioljubuski.ba\\\/index.php\\\/2021\\\/12\\\/06\\\/koju-marku-automobila-su-stanovnici-bih-najvise-trazili-na-googleu\\\/\"]}]},{\"@type\":\"ImageObject\",\"inLanguage\":\"hr\",\"@id\":\"https:\\\/\\\/radioljubuski.ba\\\/index.php\\\/2021\\\/12\\\/06\\\/koju-marku-automobila-su-stanovnici-bih-najvise-trazili-na-googleu\\\/#primaryimage\",\"url\":\"https:\\\/\\\/radioljubuski.ba\\\/wp-content\\\/uploads\\\/2021\\\/12\\\/8-2021-12-06-12-07-13-karta.jpeg\",\"contentUrl\":\"https:\\\/\\\/radioljubuski.ba\\\/wp-content\\\/uploads\\\/2021\\\/12\\\/8-2021-12-06-12-07-13-karta.jpeg\",\"width\":1000,\"height\":625},{\"@type\":\"BreadcrumbList\",\"@id\":\"https:\\\/\\\/radioljubuski.ba\\\/index.php\\\/2021\\\/12\\\/06\\\/koju-marku-automobila-su-stanovnici-bih-najvise-trazili-na-googleu\\\/#breadcrumb\",\"itemListElement\":[{\"@type\":\"ListItem\",\"position\":1,\"name\":\"Po\u010detna stranica\",\"item\":\"https:\\\/\\\/radioljubuski.ba\\\/\"},{\"@type\":\"ListItem\",\"position\":2,\"name\":\"Koju marku automobila su stanovnici BiH najvi\u0161e tra\u017eili na Googleu\"}]},{\"@type\":\"WebSite\",\"@id\":\"https:\\\/\\\/radioljubuski.ba\\\/#website\",\"url\":\"https:\\\/\\\/radioljubuski.ba\\\/\",\"name\":\"Radio Ljubu\u0161ki\",\"description\":\"Sun\u010dana frekvencija Hercegovine\",\"publisher\":{\"@id\":\"https:\\\/\\\/radioljubuski.ba\\\/#organization\"},\"potentialAction\":[{\"@type\":\"SearchAction\",\"target\":{\"@type\":\"EntryPoint\",\"urlTemplate\":\"https:\\\/\\\/radioljubuski.ba\\\/?s={search_term_string}\"},\"query-input\":{\"@type\":\"PropertyValueSpecification\",\"valueRequired\":true,\"valueName\":\"search_term_string\"}}],\"inLanguage\":\"hr\"},{\"@type\":\"Organization\",\"@id\":\"https:\\\/\\\/radioljubuski.ba\\\/#organization\",\"name\":\"Radio Ljubu\u0161ki\",\"url\":\"https:\\\/\\\/radioljubuski.ba\\\/\",\"logo\":{\"@type\":\"ImageObject\",\"inLanguage\":\"hr\",\"@id\":\"https:\\\/\\\/radioljubuski.ba\\\/#\\\/schema\\\/logo\\\/image\\\/\",\"url\":\"https:\\\/\\\/radioljubuski.ba\\\/wp-content\\\/uploads\\\/2021\\\/02\\\/cropped-Radio_Ljubuski_logo1.jpg\",\"contentUrl\":\"https:\\\/\\\/radioljubuski.ba\\\/wp-content\\\/uploads\\\/2021\\\/02\\\/cropped-Radio_Ljubuski_logo1.jpg\",\"width\":512,\"height\":512,\"caption\":\"Radio Ljubu\u0161ki\"},\"image\":{\"@id\":\"https:\\\/\\\/radioljubuski.ba\\\/#\\\/schema\\\/logo\\\/image\\\/\"},\"sameAs\":[\"https:\\\/\\\/www.facebook.com\\\/Radiio-Ljubuski-1490835324566332\",\"https:\\\/\\\/x.com\\\/radioljubuski\",\"https:\\\/\\\/hr.linkedin.com\\\/company\\\/radio-ljubuski\",\"https:\\\/\\\/www.youtube.com\\\/channel\\\/UCHYaeO_n0Db3tjNGudGpXyw\"]},{\"@type\":\"Person\",\"@id\":\"https:\\\/\\\/radioljubuski.ba\\\/#\\\/schema\\\/person\\\/19fc700381a780f69665d7956c469e3b\",\"name\":\"Radio Ljubu\u0161ki\"}]}<\/script>\n<!-- \/ Yoast SEO plugin. -->","yoast_head_json":{"title":"Koju marku automobila su stanovnici BiH najvi\u0161e tra\u017eili na Googleu - RADIO LJUBU\u0160KI","robots":{"index":"index","follow":"follow","max-snippet":"max-snippet:-1","max-image-preview":"max-image-preview:large","max-video-preview":"max-video-preview:-1"},"canonical":"https:\/\/radioljubuski.ba\/index.php\/2021\/12\/06\/koju-marku-automobila-su-stanovnici-bih-najvise-trazili-na-googleu\/","og_locale":"hr_HR","og_type":"article","og_title":"Koju marku automobila su stanovnici BiH najvi\u0161e tra\u017eili na Googleu - RADIO LJUBU\u0160KI","og_description":"Ako pitamo Google, tektonske promjene u autoindustriji ve\u0107 su se odrazile i na odnos snaga na tr\u017ei\u0161tu. I dok su jo\u0161 pro\u0161le godine Toyota i BMW dr\u017eali tron kao najpretra\u017eivanije automarke na Google, podaci za ovu godinu govore kako se doga\u0111aju velike promjene. Novi igra\u010d je Tesla Motors koji je u nekoliko godina do\u0161ao do [&hellip;]","og_url":"https:\/\/radioljubuski.ba\/index.php\/2021\/12\/06\/koju-marku-automobila-su-stanovnici-bih-najvise-trazili-na-googleu\/","og_site_name":"RADIO LJUBU\u0160KI","article_publisher":"https:\/\/www.facebook.com\/Radiio-Ljubuski-1490835324566332","article_published_time":"2021-12-06T13:11:48+00:00","og_image":[{"width":1000,"height":625,"url":"https:\/\/radioljubuski.ba\/wp-content\/uploads\/2021\/12\/8-2021-12-06-12-07-13-karta.jpeg","type":"image\/jpeg"}],"author":"Radio Ljubu\u0161ki","twitter_card":"summary_large_image","twitter_creator":"@radioljubuski","twitter_site":"@radioljubuski","twitter_misc":{"Napisao\/la":"Radio Ljubu\u0161ki","Procijenjeno vrijeme \u010ditanja":"1 minuta"},"schema":{"@context":"https:\/\/schema.org","@graph":[{"@type":"Article","@id":"https:\/\/radioljubuski.ba\/index.php\/2021\/12\/06\/koju-marku-automobila-su-stanovnici-bih-najvise-trazili-na-googleu\/#article","isPartOf":{"@id":"https:\/\/radioljubuski.ba\/index.php\/2021\/12\/06\/koju-marku-automobila-su-stanovnici-bih-najvise-trazili-na-googleu\/"},"author":{"name":"Radio Ljubu\u0161ki","@id":"https:\/\/radioljubuski.ba\/#\/schema\/person\/19fc700381a780f69665d7956c469e3b"},"headline":"Koju marku automobila su stanovnici BiH najvi\u0161e tra\u017eili na Googleu","datePublished":"2021-12-06T13:11:48+00:00","mainEntityOfPage":{"@id":"https:\/\/radioljubuski.ba\/index.php\/2021\/12\/06\/koju-marku-automobila-su-stanovnici-bih-najvise-trazili-na-googleu\/"},"wordCount":216,"publisher":{"@id":"https:\/\/radioljubuski.ba\/#organization"},"image":{"@id":"https:\/\/radioljubuski.ba\/index.php\/2021\/12\/06\/koju-marku-automobila-su-stanovnici-bih-najvise-trazili-na-googleu\/#primaryimage"},"thumbnailUrl":"https:\/\/radioljubuski.ba\/wp-content\/uploads\/2021\/12\/8-2021-12-06-12-07-13-karta.jpeg","articleSection":["BIH i regija"],"inLanguage":"hr"},{"@type":"WebPage","@id":"https:\/\/radioljubuski.ba\/index.php\/2021\/12\/06\/koju-marku-automobila-su-stanovnici-bih-najvise-trazili-na-googleu\/","url":"https:\/\/radioljubuski.ba\/index.php\/2021\/12\/06\/koju-marku-automobila-su-stanovnici-bih-najvise-trazili-na-googleu\/","name":"Koju marku automobila su stanovnici BiH najvi\u0161e tra\u017eili na Googleu - RADIO LJUBU\u0160KI","isPartOf":{"@id":"https:\/\/radioljubuski.ba\/#website"},"primaryImageOfPage":{"@id":"https:\/\/radioljubuski.ba\/index.php\/2021\/12\/06\/koju-marku-automobila-su-stanovnici-bih-najvise-trazili-na-googleu\/#primaryimage"},"image":{"@id":"https:\/\/radioljubuski.ba\/index.php\/2021\/12\/06\/koju-marku-automobila-su-stanovnici-bih-najvise-trazili-na-googleu\/#primaryimage"},"thumbnailUrl":"https:\/\/radioljubuski.ba\/wp-content\/uploads\/2021\/12\/8-2021-12-06-12-07-13-karta.jpeg","datePublished":"2021-12-06T13:11:48+00:00","breadcrumb":{"@id":"https:\/\/radioljubuski.ba\/index.php\/2021\/12\/06\/koju-marku-automobila-su-stanovnici-bih-najvise-trazili-na-googleu\/#breadcrumb"},"inLanguage":"hr","potentialAction":[{"@type":"ReadAction","target":["https:\/\/radioljubuski.ba\/index.php\/2021\/12\/06\/koju-marku-automobila-su-stanovnici-bih-najvise-trazili-na-googleu\/"]}]},{"@type":"ImageObject","inLanguage":"hr","@id":"https:\/\/radioljubuski.ba\/index.php\/2021\/12\/06\/koju-marku-automobila-su-stanovnici-bih-najvise-trazili-na-googleu\/#primaryimage","url":"https:\/\/radioljubuski.ba\/wp-content\/uploads\/2021\/12\/8-2021-12-06-12-07-13-karta.jpeg","contentUrl":"https:\/\/radioljubuski.ba\/wp-content\/uploads\/2021\/12\/8-2021-12-06-12-07-13-karta.jpeg","width":1000,"height":625},{"@type":"BreadcrumbList","@id":"https:\/\/radioljubuski.ba\/index.php\/2021\/12\/06\/koju-marku-automobila-su-stanovnici-bih-najvise-trazili-na-googleu\/#breadcrumb","itemListElement":[{"@type":"ListItem","position":1,"name":"Po\u010detna stranica","item":"https:\/\/radioljubuski.ba\/"},{"@type":"ListItem","position":2,"name":"Koju marku automobila su stanovnici BiH najvi\u0161e tra\u017eili na Googleu"}]},{"@type":"WebSite","@id":"https:\/\/radioljubuski.ba\/#website","url":"https:\/\/radioljubuski.ba\/","name":"Radio Ljubu\u0161ki","description":"Sun\u010dana frekvencija Hercegovine","publisher":{"@id":"https:\/\/radioljubuski.ba\/#organization"},"potentialAction":[{"@type":"SearchAction","target":{"@type":"EntryPoint","urlTemplate":"https:\/\/radioljubuski.ba\/?s={search_term_string}"},"query-input":{"@type":"PropertyValueSpecification","valueRequired":true,"valueName":"search_term_string"}}],"inLanguage":"hr"},{"@type":"Organization","@id":"https:\/\/radioljubuski.ba\/#organization","name":"Radio Ljubu\u0161ki","url":"https:\/\/radioljubuski.ba\/","logo":{"@type":"ImageObject","inLanguage":"hr","@id":"https:\/\/radioljubuski.ba\/#\/schema\/logo\/image\/","url":"https:\/\/radioljubuski.ba\/wp-content\/uploads\/2021\/02\/cropped-Radio_Ljubuski_logo1.jpg","contentUrl":"https:\/\/radioljubuski.ba\/wp-content\/uploads\/2021\/02\/cropped-Radio_Ljubuski_logo1.jpg","width":512,"height":512,"caption":"Radio Ljubu\u0161ki"},"image":{"@id":"https:\/\/radioljubuski.ba\/#\/schema\/logo\/image\/"},"sameAs":["https:\/\/www.facebook.com\/Radiio-Ljubuski-1490835324566332","https:\/\/x.com\/radioljubuski","https:\/\/hr.linkedin.com\/company\/radio-ljubuski","https:\/\/www.youtube.com\/channel\/UCHYaeO_n0Db3tjNGudGpXyw"]},{"@type":"Person","@id":"https:\/\/radioljubuski.ba\/#\/schema\/person\/19fc700381a780f69665d7956c469e3b","name":"Radio Ljubu\u0161ki"}]}},"_links":{"self":[{"href":"https:\/\/radioljubuski.ba\/index.php\/wp-json\/wp\/v2\/posts\/96555","targetHints":{"allow":["GET"]}}],"collection":[{"href":"https:\/\/radioljubuski.ba\/index.php\/wp-json\/wp\/v2\/posts"}],"about":[{"href":"https:\/\/radioljubuski.ba\/index.php\/wp-json\/wp\/v2\/types\/post"}],"author":[{"embeddable":true,"href":"https:\/\/radioljubuski.ba\/index.php\/wp-json\/wp\/v2\/users\/2"}],"replies":[{"embeddable":true,"href":"https:\/\/radioljubuski.ba\/index.php\/wp-json\/wp\/v2\/comments?post=96555"}],"version-history":[{"count":1,"href":"https:\/\/radioljubuski.ba\/index.php\/wp-json\/wp\/v2\/posts\/96555\/revisions"}],"predecessor-version":[{"id":96557,"href":"https:\/\/radioljubuski.ba\/index.php\/wp-json\/wp\/v2\/posts\/96555\/revisions\/96557"}],"wp:featuredmedia":[{"embeddable":true,"href":"https:\/\/radioljubuski.ba\/index.php\/wp-json\/wp\/v2\/media\/96556"}],"wp:attachment":[{"href":"https:\/\/radioljubuski.ba\/index.php\/wp-json\/wp\/v2\/media?parent=96555"}],"wp:term":[{"taxonomy":"category","embeddable":true,"href":"https:\/\/radioljubuski.ba\/index.php\/wp-json\/wp\/v2\/categories?post=96555"},{"taxonomy":"post_tag","embeddable":true,"href":"https:\/\/radioljubuski.ba\/index.php\/wp-json\/wp\/v2\/tags?post=96555"}],"curies":[{"name":"wp","href":"https:\/\/api.w.org\/{rel}","templated":true}]}}