{"id":9656,"date":"2021-04-05T11:45:29","date_gmt":"2021-04-05T10:45:29","guid":{"rendered":"https:\/\/radioljubuski.ba\/?p=9656"},"modified":"2021-04-05T11:45:30","modified_gmt":"2021-04-05T10:45:30","slug":"stozer-danas-138-novozarazenih-preminulo-25-osoba","status":"publish","type":"post","link":"https:\/\/radioljubuski.ba\/index.php\/2021\/04\/05\/stozer-danas-138-novozarazenih-preminulo-25-osoba\/","title":{"rendered":"Sto\u017eer: Danas 138 novozara\u017eenih, preminulo 25 osoba"},"content":{"rendered":"\n<p>U posljednja 24 sata zabilje\u017eeno je 138 novih slu\u010dajeva zaraze virusom SARS-CoV-2 te je broj aktivnih slu\u010dajeva u Hrvatskoj danas ukupno 11854. Me\u0111u njima je 1 616 pacijenata na bolni\u010dkom lije\u010denju, od toga je na respiratoru 156 pacijenata. Preminulo je 25 osoba.<\/p>\n\n\n\n<p>Od 25. velja\u010de 2020., kada je zabilje\u017een prvi slu\u010daj zaraze u Hrvatskoj, do danas ukupno su zabilje\u017eene 280 164 osobe zara\u017eene novim koronavirusom, od kojih su 6083 preminule, ukupno se oporavilo 262 227 osoba od toga 1691 u posljednja 24 sata.<br><br>U samoizolaciji je trenutno 29 951 osoba.<br><br>\u25cf&nbsp; Voditeljica Respiracijskog centra KB Dubrava dr. <strong>Nevenka Piska\u010d-\u017divkovi\u0107<\/strong> rekla je jutros u HTV-ovoj emisiji Studio 4, govore\u0107i o situaciji s koronavirusom, kako je u toj zagreba\u010dkoj bolnici tijekom protekla 24 sata umrlo osam bolesnika te da su danas prisiljeni otvoriti novi odjel.<br><br>Piska\u010d-\u017divkovi\u0107 rekla je kako je KB Dubrava otvorena za ne-COVID-bolesnike, ali da situacija nije dobra.<\/p>\n\n\n\n<p><strong>\u25cf Matija Posavec<\/strong>, \u017eupan Me\u0111imurske \u017eupanije, kazao je da je dosad u \u017eupaniji jednu dozu cjepiva protiv koronavirusa primilo 9,5% stanovni\u0161tva.<br><br>Gostuju\u0107i u u Studiju 4 objasnio je da se \u017eupanijski zdravstveni sustav u vrijeme kada je \u017eupanija imala najve\u0107i broj zara\u017eenih uspio obraniti velikim brojem testiranja, brzim i pouzdanim dijagnosticiranjem, uspostavom tercijarnog respiratornog centra, uspostavom palijativnog centra za covid bolesnike, nabavkom respiratora, dosta malom zadu\u017eenosti zdravstvenog sustava u odnosu na druge zdravstvene ustanove u Hrvatskoj.&nbsp;<\/p>\n\n\n\n<p><strong>Podaci \u017eupanijskih sto\u017eera<\/strong><br>\u25cf U<strong> Gradu Zagreb<\/strong>u 29 je novih slu\u010dajeva.<\/p>\n\n\n\n<p>\u25cf U <strong>Splitsko-dalmatinskoj \u017eupaniji<\/strong> 12 je novozara\u017eenih, preminula jedna osoba.<br>\u25cf U <strong>Karlova\u010dkoj \u017eupaniji <\/strong>16 je novozara\u017eenih, preminule su tri osobe.<br>\u25cf U <strong>Dubrova\u010dko-neretvanskoj \u017eupaniji<\/strong> 2 su novozara\u017eena, tri su osobe umrle.<br>\u25cf U <strong>Me\u0111imurskoj \u017eupaniji<\/strong> danas nema novih slu\u010dajeva.<br>\u25cf U <strong>Zagreba\u010dkoj \u017eupaniji <\/strong>69 je novih slu\u010dajeva zaraze.<br>\u25cf U <strong>Zadarskoj \u017eupaniji <\/strong>61 je novi slu\u010daj zaraze, dvije su osobe preminule.<br>\u25cf U <strong>Li\u010dko-senjskoj \u017eupaniji <\/strong>10 je novooboljelih.<br>\u25cf U <strong>\u0160ibensko-kninskoj \u017eupaniji <\/strong>12 je novozara\u017eenih, preminula je jedna osoba.<br>\u25cf U <strong>Vara\u017edinskoj \u017eupaniji<\/strong> 5 je novozara\u017eenih, preminula je jedna osoba.<br>\u25cf U <strong>Bjelovarsko-bilogorskoj \u017eupaniji<\/strong> 3 su nova slu\u010daja zaraze.<br>\u25cf U <strong>Vukovarsko-srijemskoj \u017eupaniji<\/strong> 7 je novih slu\u010dajeva.<br>\u25cf U <strong>Primorsko-goranskoj \u017eupaniji <\/strong>16 je novih slu\u010dajeva, preminule su tri osobe.<br>\u25cf U <strong>Osje\u010dko-baranjskoj \u017eupaniji<\/strong> 23 su novozara\u017eena.<br>\u25cf U <strong>Koprivni\u010dko-kri\u017eeva\u010dkoj \u017eupaniji<\/strong> danas nema novih slu\u010dajeva.<br>\u25cf U <strong>Istarskoj \u017eupaniji <\/strong>6 je novozara\u017eenih osoba.<br>\u25cf U <strong>Po\u017ee\u0161ko-slavonskoj \u017eupaniji<\/strong> 11 je novih slu\u010dajeva.&nbsp;<br>\u25cf U<strong> Sisa\u010dko-moslava\u010dkoj \u017eupaniji <\/strong>4 su nova slu\u010daja zaraze.<\/p>\n\n\n\n<p><strong>Pandemija koronavirusa u svijetu<\/strong><br><br>\u25cf <strong>Indija<\/strong> je u ponedjeljak izvijestila o rekordnom broju zaraza koronavirusom te postala druga nakon SAD-a koja je registrirala vi\u0161e od 100.000 novozara\u017eenih na dan, dok su bolnice u najte\u017ee pogo\u0111enoj zemlji Maharashtri preoptere\u0107ene. <a href=\"https:\/\/vijesti.hrt.hr\/svijet\/dnevni-rekord-zarazenih-u-indiji-prvi-put-presao-100000-1344914\" target=\"_blank\" rel=\"noreferrer noopener\"><strong>Op\u0161irnije<\/strong><\/a><br><br>\u25cf Dok se ve\u0107ina dr\u017eava bori s time kako da osiguraju dovoljnu koli\u010dinu cjepiva protiv koronavirusa,<strong> Srbija<\/strong> vodi drugu bitku kako uvjeriti svoje gra\u0111ane da se cijepe.<br><br>\u25cf <strong>Kina <\/strong>je potvrdila 32 nova slu\u010daja koronavirusa, \u0161to je najve\u0107i broj dnevnih zaraza od 31. sije\u010dnja, objavilo je u ponedjeljak nacionalno zdravstveno tijelo.<br><br>\u25cf Gra\u0111anima <strong>Engleske <\/strong>bit \u0107e dostupno besplatno testiranje na koronavirus dvaput tjedno, najavila je u ponedjeljak britanska vlada. Besplatno testiranje brzim testovima dosad je bilo dostupno samo najranjivijim skupinama u pandemiji koronavirusa.&nbsp;<br><br>\u25cf U europskim zemljama uskrsni vikend protje\u010de uz stroga zatvaranja i ograni\u010denja kontakata, no u nekima su ipak blago po\u010dele padati tjedne incidencije na 100 tisu\u0107a ljudi. Dvotjedni veliki rast novozara\u017eenih ima Indija i stroge mjere zatvaranja najavila je indijska dr\u017eava Mahara\u0161tra, u kojoj je polovica svih novih slu\u010dajeva u zemlji.&nbsp;<\/p>\n\n\n\n<p>Izvor:hrt.hr<\/p>\n","protected":false},"excerpt":{"rendered":"<p>U posljednja 24 sata zabilje\u017eeno je 138 novih slu\u010dajeva zaraze virusom SARS-CoV-2 te je broj aktivnih slu\u010dajeva u Hrvatskoj danas ukupno 11854. Me\u0111u njima je 1 616 pacijenata na bolni\u010dkom lije\u010denju, od toga je na respiratoru 156 pacijenata. Preminulo je 25 osoba. Od 25. velja\u010de 2020., kada je zabilje\u017een prvi slu\u010daj zaraze u Hrvatskoj, do [&hellip;]<\/p>\n","protected":false},"author":2,"featured_media":9657,"comment_status":"closed","ping_status":"closed","sticky":false,"template":"","format":"standard","meta":{"h5ap_radio_sources":[],"footnotes":""},"categories":[1],"tags":[],"class_list":["post-9656","post","type-post","status-publish","format-standard","has-post-thumbnail","hentry","category-bihiregija"],"yoast_head":"<!-- This site is optimized with the Yoast SEO plugin v27.5 - https:\/\/yoast.com\/product\/yoast-seo-wordpress\/ -->\n<title>Sto\u017eer: Danas 138 novozara\u017eenih, preminulo 25 osoba - RADIO LJUBU\u0160KI<\/title>\n<meta name=\"robots\" content=\"index, follow, max-snippet:-1, max-image-preview:large, max-video-preview:-1\" \/>\n<link rel=\"canonical\" href=\"https:\/\/radioljubuski.ba\/index.php\/2021\/04\/05\/stozer-danas-138-novozarazenih-preminulo-25-osoba\/\" \/>\n<meta property=\"og:locale\" content=\"hr_HR\" \/>\n<meta property=\"og:type\" content=\"article\" \/>\n<meta property=\"og:title\" content=\"Sto\u017eer: Danas 138 novozara\u017eenih, preminulo 25 osoba - RADIO LJUBU\u0160KI\" \/>\n<meta property=\"og:description\" content=\"U posljednja 24 sata zabilje\u017eeno je 138 novih slu\u010dajeva zaraze virusom SARS-CoV-2 te je broj aktivnih slu\u010dajeva u Hrvatskoj danas ukupno 11854. Me\u0111u njima je 1 616 pacijenata na bolni\u010dkom lije\u010denju, od toga je na respiratoru 156 pacijenata. Preminulo je 25 osoba. Od 25. velja\u010de 2020., kada je zabilje\u017een prvi slu\u010daj zaraze u Hrvatskoj, do [&hellip;]\" \/>\n<meta property=\"og:url\" content=\"https:\/\/radioljubuski.ba\/index.php\/2021\/04\/05\/stozer-danas-138-novozarazenih-preminulo-25-osoba\/\" \/>\n<meta property=\"og:site_name\" content=\"RADIO LJUBU\u0160KI\" \/>\n<meta property=\"article:publisher\" content=\"https:\/\/www.facebook.com\/Radiio-Ljubuski-1490835324566332\" \/>\n<meta property=\"article:published_time\" content=\"2021-04-05T10:45:29+00:00\" \/>\n<meta property=\"article:modified_time\" content=\"2021-04-05T10:45:30+00:00\" \/>\n<meta property=\"og:image\" content=\"https:\/\/radioljubuski.ba\/wp-content\/uploads\/2021\/04\/3-6.png\" \/>\n\t<meta property=\"og:image:width\" content=\"649\" \/>\n\t<meta property=\"og:image:height\" content=\"367\" \/>\n\t<meta property=\"og:image:type\" content=\"image\/png\" \/>\n<meta name=\"author\" content=\"Radio Ljubu\u0161ki\" \/>\n<meta name=\"twitter:card\" content=\"summary_large_image\" \/>\n<meta name=\"twitter:creator\" content=\"@radioljubuski\" \/>\n<meta name=\"twitter:site\" content=\"@radioljubuski\" \/>\n<meta name=\"twitter:label1\" content=\"Napisao\/la\" \/>\n\t<meta name=\"twitter:data1\" content=\"Radio Ljubu\u0161ki\" \/>\n\t<meta name=\"twitter:label2\" content=\"Procijenjeno vrijeme \u010ditanja\" \/>\n\t<meta name=\"twitter:data2\" content=\"3 minute\" \/>\n<script type=\"application\/ld+json\" class=\"yoast-schema-graph\">{\"@context\":\"https:\\\/\\\/schema.org\",\"@graph\":[{\"@type\":\"Article\",\"@id\":\"https:\\\/\\\/radioljubuski.ba\\\/index.php\\\/2021\\\/04\\\/05\\\/stozer-danas-138-novozarazenih-preminulo-25-osoba\\\/#article\",\"isPartOf\":{\"@id\":\"https:\\\/\\\/radioljubuski.ba\\\/index.php\\\/2021\\\/04\\\/05\\\/stozer-danas-138-novozarazenih-preminulo-25-osoba\\\/\"},\"author\":{\"name\":\"Radio Ljubu\u0161ki\",\"@id\":\"https:\\\/\\\/radioljubuski.ba\\\/#\\\/schema\\\/person\\\/19fc700381a780f69665d7956c469e3b\"},\"headline\":\"Sto\u017eer: Danas 138 novozara\u017eenih, preminulo 25 osoba\",\"datePublished\":\"2021-04-05T10:45:29+00:00\",\"dateModified\":\"2021-04-05T10:45:30+00:00\",\"mainEntityOfPage\":{\"@id\":\"https:\\\/\\\/radioljubuski.ba\\\/index.php\\\/2021\\\/04\\\/05\\\/stozer-danas-138-novozarazenih-preminulo-25-osoba\\\/\"},\"wordCount\":593,\"publisher\":{\"@id\":\"https:\\\/\\\/radioljubuski.ba\\\/#organization\"},\"image\":{\"@id\":\"https:\\\/\\\/radioljubuski.ba\\\/index.php\\\/2021\\\/04\\\/05\\\/stozer-danas-138-novozarazenih-preminulo-25-osoba\\\/#primaryimage\"},\"thumbnailUrl\":\"https:\\\/\\\/radioljubuski.ba\\\/wp-content\\\/uploads\\\/2021\\\/04\\\/3-6.png\",\"articleSection\":[\"BIH i regija\"],\"inLanguage\":\"hr\"},{\"@type\":\"WebPage\",\"@id\":\"https:\\\/\\\/radioljubuski.ba\\\/index.php\\\/2021\\\/04\\\/05\\\/stozer-danas-138-novozarazenih-preminulo-25-osoba\\\/\",\"url\":\"https:\\\/\\\/radioljubuski.ba\\\/index.php\\\/2021\\\/04\\\/05\\\/stozer-danas-138-novozarazenih-preminulo-25-osoba\\\/\",\"name\":\"Sto\u017eer: Danas 138 novozara\u017eenih, preminulo 25 osoba - RADIO LJUBU\u0160KI\",\"isPartOf\":{\"@id\":\"https:\\\/\\\/radioljubuski.ba\\\/#website\"},\"primaryImageOfPage\":{\"@id\":\"https:\\\/\\\/radioljubuski.ba\\\/index.php\\\/2021\\\/04\\\/05\\\/stozer-danas-138-novozarazenih-preminulo-25-osoba\\\/#primaryimage\"},\"image\":{\"@id\":\"https:\\\/\\\/radioljubuski.ba\\\/index.php\\\/2021\\\/04\\\/05\\\/stozer-danas-138-novozarazenih-preminulo-25-osoba\\\/#primaryimage\"},\"thumbnailUrl\":\"https:\\\/\\\/radioljubuski.ba\\\/wp-content\\\/uploads\\\/2021\\\/04\\\/3-6.png\",\"datePublished\":\"2021-04-05T10:45:29+00:00\",\"dateModified\":\"2021-04-05T10:45:30+00:00\",\"breadcrumb\":{\"@id\":\"https:\\\/\\\/radioljubuski.ba\\\/index.php\\\/2021\\\/04\\\/05\\\/stozer-danas-138-novozarazenih-preminulo-25-osoba\\\/#breadcrumb\"},\"inLanguage\":\"hr\",\"potentialAction\":[{\"@type\":\"ReadAction\",\"target\":[\"https:\\\/\\\/radioljubuski.ba\\\/index.php\\\/2021\\\/04\\\/05\\\/stozer-danas-138-novozarazenih-preminulo-25-osoba\\\/\"]}]},{\"@type\":\"ImageObject\",\"inLanguage\":\"hr\",\"@id\":\"https:\\\/\\\/radioljubuski.ba\\\/index.php\\\/2021\\\/04\\\/05\\\/stozer-danas-138-novozarazenih-preminulo-25-osoba\\\/#primaryimage\",\"url\":\"https:\\\/\\\/radioljubuski.ba\\\/wp-content\\\/uploads\\\/2021\\\/04\\\/3-6.png\",\"contentUrl\":\"https:\\\/\\\/radioljubuski.ba\\\/wp-content\\\/uploads\\\/2021\\\/04\\\/3-6.png\",\"width\":649,\"height\":367},{\"@type\":\"BreadcrumbList\",\"@id\":\"https:\\\/\\\/radioljubuski.ba\\\/index.php\\\/2021\\\/04\\\/05\\\/stozer-danas-138-novozarazenih-preminulo-25-osoba\\\/#breadcrumb\",\"itemListElement\":[{\"@type\":\"ListItem\",\"position\":1,\"name\":\"Po\u010detna stranica\",\"item\":\"https:\\\/\\\/radioljubuski.ba\\\/\"},{\"@type\":\"ListItem\",\"position\":2,\"name\":\"Sto\u017eer: Danas 138 novozara\u017eenih, preminulo 25 osoba\"}]},{\"@type\":\"WebSite\",\"@id\":\"https:\\\/\\\/radioljubuski.ba\\\/#website\",\"url\":\"https:\\\/\\\/radioljubuski.ba\\\/\",\"name\":\"Radio Ljubu\u0161ki\",\"description\":\"Sun\u010dana frekvencija Hercegovine\",\"publisher\":{\"@id\":\"https:\\\/\\\/radioljubuski.ba\\\/#organization\"},\"potentialAction\":[{\"@type\":\"SearchAction\",\"target\":{\"@type\":\"EntryPoint\",\"urlTemplate\":\"https:\\\/\\\/radioljubuski.ba\\\/?s={search_term_string}\"},\"query-input\":{\"@type\":\"PropertyValueSpecification\",\"valueRequired\":true,\"valueName\":\"search_term_string\"}}],\"inLanguage\":\"hr\"},{\"@type\":\"Organization\",\"@id\":\"https:\\\/\\\/radioljubuski.ba\\\/#organization\",\"name\":\"Radio Ljubu\u0161ki\",\"url\":\"https:\\\/\\\/radioljubuski.ba\\\/\",\"logo\":{\"@type\":\"ImageObject\",\"inLanguage\":\"hr\",\"@id\":\"https:\\\/\\\/radioljubuski.ba\\\/#\\\/schema\\\/logo\\\/image\\\/\",\"url\":\"https:\\\/\\\/radioljubuski.ba\\\/wp-content\\\/uploads\\\/2021\\\/02\\\/cropped-Radio_Ljubuski_logo1.jpg\",\"contentUrl\":\"https:\\\/\\\/radioljubuski.ba\\\/wp-content\\\/uploads\\\/2021\\\/02\\\/cropped-Radio_Ljubuski_logo1.jpg\",\"width\":512,\"height\":512,\"caption\":\"Radio Ljubu\u0161ki\"},\"image\":{\"@id\":\"https:\\\/\\\/radioljubuski.ba\\\/#\\\/schema\\\/logo\\\/image\\\/\"},\"sameAs\":[\"https:\\\/\\\/www.facebook.com\\\/Radiio-Ljubuski-1490835324566332\",\"https:\\\/\\\/x.com\\\/radioljubuski\",\"https:\\\/\\\/hr.linkedin.com\\\/company\\\/radio-ljubuski\",\"https:\\\/\\\/www.youtube.com\\\/channel\\\/UCHYaeO_n0Db3tjNGudGpXyw\"]},{\"@type\":\"Person\",\"@id\":\"https:\\\/\\\/radioljubuski.ba\\\/#\\\/schema\\\/person\\\/19fc700381a780f69665d7956c469e3b\",\"name\":\"Radio Ljubu\u0161ki\"}]}<\/script>\n<!-- \/ Yoast SEO plugin. -->","yoast_head_json":{"title":"Sto\u017eer: Danas 138 novozara\u017eenih, preminulo 25 osoba - RADIO LJUBU\u0160KI","robots":{"index":"index","follow":"follow","max-snippet":"max-snippet:-1","max-image-preview":"max-image-preview:large","max-video-preview":"max-video-preview:-1"},"canonical":"https:\/\/radioljubuski.ba\/index.php\/2021\/04\/05\/stozer-danas-138-novozarazenih-preminulo-25-osoba\/","og_locale":"hr_HR","og_type":"article","og_title":"Sto\u017eer: Danas 138 novozara\u017eenih, preminulo 25 osoba - RADIO LJUBU\u0160KI","og_description":"U posljednja 24 sata zabilje\u017eeno je 138 novih slu\u010dajeva zaraze virusom SARS-CoV-2 te je broj aktivnih slu\u010dajeva u Hrvatskoj danas ukupno 11854. Me\u0111u njima je 1 616 pacijenata na bolni\u010dkom lije\u010denju, od toga je na respiratoru 156 pacijenata. Preminulo je 25 osoba. Od 25. velja\u010de 2020., kada je zabilje\u017een prvi slu\u010daj zaraze u Hrvatskoj, do [&hellip;]","og_url":"https:\/\/radioljubuski.ba\/index.php\/2021\/04\/05\/stozer-danas-138-novozarazenih-preminulo-25-osoba\/","og_site_name":"RADIO LJUBU\u0160KI","article_publisher":"https:\/\/www.facebook.com\/Radiio-Ljubuski-1490835324566332","article_published_time":"2021-04-05T10:45:29+00:00","article_modified_time":"2021-04-05T10:45:30+00:00","og_image":[{"width":649,"height":367,"url":"https:\/\/radioljubuski.ba\/wp-content\/uploads\/2021\/04\/3-6.png","type":"image\/png"}],"author":"Radio Ljubu\u0161ki","twitter_card":"summary_large_image","twitter_creator":"@radioljubuski","twitter_site":"@radioljubuski","twitter_misc":{"Napisao\/la":"Radio Ljubu\u0161ki","Procijenjeno vrijeme \u010ditanja":"3 minute"},"schema":{"@context":"https:\/\/schema.org","@graph":[{"@type":"Article","@id":"https:\/\/radioljubuski.ba\/index.php\/2021\/04\/05\/stozer-danas-138-novozarazenih-preminulo-25-osoba\/#article","isPartOf":{"@id":"https:\/\/radioljubuski.ba\/index.php\/2021\/04\/05\/stozer-danas-138-novozarazenih-preminulo-25-osoba\/"},"author":{"name":"Radio Ljubu\u0161ki","@id":"https:\/\/radioljubuski.ba\/#\/schema\/person\/19fc700381a780f69665d7956c469e3b"},"headline":"Sto\u017eer: Danas 138 novozara\u017eenih, preminulo 25 osoba","datePublished":"2021-04-05T10:45:29+00:00","dateModified":"2021-04-05T10:45:30+00:00","mainEntityOfPage":{"@id":"https:\/\/radioljubuski.ba\/index.php\/2021\/04\/05\/stozer-danas-138-novozarazenih-preminulo-25-osoba\/"},"wordCount":593,"publisher":{"@id":"https:\/\/radioljubuski.ba\/#organization"},"image":{"@id":"https:\/\/radioljubuski.ba\/index.php\/2021\/04\/05\/stozer-danas-138-novozarazenih-preminulo-25-osoba\/#primaryimage"},"thumbnailUrl":"https:\/\/radioljubuski.ba\/wp-content\/uploads\/2021\/04\/3-6.png","articleSection":["BIH i regija"],"inLanguage":"hr"},{"@type":"WebPage","@id":"https:\/\/radioljubuski.ba\/index.php\/2021\/04\/05\/stozer-danas-138-novozarazenih-preminulo-25-osoba\/","url":"https:\/\/radioljubuski.ba\/index.php\/2021\/04\/05\/stozer-danas-138-novozarazenih-preminulo-25-osoba\/","name":"Sto\u017eer: Danas 138 novozara\u017eenih, preminulo 25 osoba - RADIO LJUBU\u0160KI","isPartOf":{"@id":"https:\/\/radioljubuski.ba\/#website"},"primaryImageOfPage":{"@id":"https:\/\/radioljubuski.ba\/index.php\/2021\/04\/05\/stozer-danas-138-novozarazenih-preminulo-25-osoba\/#primaryimage"},"image":{"@id":"https:\/\/radioljubuski.ba\/index.php\/2021\/04\/05\/stozer-danas-138-novozarazenih-preminulo-25-osoba\/#primaryimage"},"thumbnailUrl":"https:\/\/radioljubuski.ba\/wp-content\/uploads\/2021\/04\/3-6.png","datePublished":"2021-04-05T10:45:29+00:00","dateModified":"2021-04-05T10:45:30+00:00","breadcrumb":{"@id":"https:\/\/radioljubuski.ba\/index.php\/2021\/04\/05\/stozer-danas-138-novozarazenih-preminulo-25-osoba\/#breadcrumb"},"inLanguage":"hr","potentialAction":[{"@type":"ReadAction","target":["https:\/\/radioljubuski.ba\/index.php\/2021\/04\/05\/stozer-danas-138-novozarazenih-preminulo-25-osoba\/"]}]},{"@type":"ImageObject","inLanguage":"hr","@id":"https:\/\/radioljubuski.ba\/index.php\/2021\/04\/05\/stozer-danas-138-novozarazenih-preminulo-25-osoba\/#primaryimage","url":"https:\/\/radioljubuski.ba\/wp-content\/uploads\/2021\/04\/3-6.png","contentUrl":"https:\/\/radioljubuski.ba\/wp-content\/uploads\/2021\/04\/3-6.png","width":649,"height":367},{"@type":"BreadcrumbList","@id":"https:\/\/radioljubuski.ba\/index.php\/2021\/04\/05\/stozer-danas-138-novozarazenih-preminulo-25-osoba\/#breadcrumb","itemListElement":[{"@type":"ListItem","position":1,"name":"Po\u010detna stranica","item":"https:\/\/radioljubuski.ba\/"},{"@type":"ListItem","position":2,"name":"Sto\u017eer: Danas 138 novozara\u017eenih, preminulo 25 osoba"}]},{"@type":"WebSite","@id":"https:\/\/radioljubuski.ba\/#website","url":"https:\/\/radioljubuski.ba\/","name":"Radio Ljubu\u0161ki","description":"Sun\u010dana frekvencija Hercegovine","publisher":{"@id":"https:\/\/radioljubuski.ba\/#organization"},"potentialAction":[{"@type":"SearchAction","target":{"@type":"EntryPoint","urlTemplate":"https:\/\/radioljubuski.ba\/?s={search_term_string}"},"query-input":{"@type":"PropertyValueSpecification","valueRequired":true,"valueName":"search_term_string"}}],"inLanguage":"hr"},{"@type":"Organization","@id":"https:\/\/radioljubuski.ba\/#organization","name":"Radio Ljubu\u0161ki","url":"https:\/\/radioljubuski.ba\/","logo":{"@type":"ImageObject","inLanguage":"hr","@id":"https:\/\/radioljubuski.ba\/#\/schema\/logo\/image\/","url":"https:\/\/radioljubuski.ba\/wp-content\/uploads\/2021\/02\/cropped-Radio_Ljubuski_logo1.jpg","contentUrl":"https:\/\/radioljubuski.ba\/wp-content\/uploads\/2021\/02\/cropped-Radio_Ljubuski_logo1.jpg","width":512,"height":512,"caption":"Radio Ljubu\u0161ki"},"image":{"@id":"https:\/\/radioljubuski.ba\/#\/schema\/logo\/image\/"},"sameAs":["https:\/\/www.facebook.com\/Radiio-Ljubuski-1490835324566332","https:\/\/x.com\/radioljubuski","https:\/\/hr.linkedin.com\/company\/radio-ljubuski","https:\/\/www.youtube.com\/channel\/UCHYaeO_n0Db3tjNGudGpXyw"]},{"@type":"Person","@id":"https:\/\/radioljubuski.ba\/#\/schema\/person\/19fc700381a780f69665d7956c469e3b","name":"Radio Ljubu\u0161ki"}]}},"_links":{"self":[{"href":"https:\/\/radioljubuski.ba\/index.php\/wp-json\/wp\/v2\/posts\/9656","targetHints":{"allow":["GET"]}}],"collection":[{"href":"https:\/\/radioljubuski.ba\/index.php\/wp-json\/wp\/v2\/posts"}],"about":[{"href":"https:\/\/radioljubuski.ba\/index.php\/wp-json\/wp\/v2\/types\/post"}],"author":[{"embeddable":true,"href":"https:\/\/radioljubuski.ba\/index.php\/wp-json\/wp\/v2\/users\/2"}],"replies":[{"embeddable":true,"href":"https:\/\/radioljubuski.ba\/index.php\/wp-json\/wp\/v2\/comments?post=9656"}],"version-history":[{"count":1,"href":"https:\/\/radioljubuski.ba\/index.php\/wp-json\/wp\/v2\/posts\/9656\/revisions"}],"predecessor-version":[{"id":9658,"href":"https:\/\/radioljubuski.ba\/index.php\/wp-json\/wp\/v2\/posts\/9656\/revisions\/9658"}],"wp:featuredmedia":[{"embeddable":true,"href":"https:\/\/radioljubuski.ba\/index.php\/wp-json\/wp\/v2\/media\/9657"}],"wp:attachment":[{"href":"https:\/\/radioljubuski.ba\/index.php\/wp-json\/wp\/v2\/media?parent=9656"}],"wp:term":[{"taxonomy":"category","embeddable":true,"href":"https:\/\/radioljubuski.ba\/index.php\/wp-json\/wp\/v2\/categories?post=9656"},{"taxonomy":"post_tag","embeddable":true,"href":"https:\/\/radioljubuski.ba\/index.php\/wp-json\/wp\/v2\/tags?post=9656"}],"curies":[{"name":"wp","href":"https:\/\/api.w.org\/{rel}","templated":true}]}}