{"id":96560,"date":"2021-12-06T14:15:03","date_gmt":"2021-12-06T13:15:03","guid":{"rendered":"https:\/\/radioljubuski.ba\/?p=96560"},"modified":"2021-12-06T14:15:03","modified_gmt":"2021-12-06T13:15:03","slug":"potraznja-za-njemackom-robom-naglo-pala-u-listopadu","status":"publish","type":"post","link":"https:\/\/radioljubuski.ba\/index.php\/2021\/12\/06\/potraznja-za-njemackom-robom-naglo-pala-u-listopadu\/","title":{"rendered":"Potra\u017enja za njema\u010dkom robom naglo pala u listopadu"},"content":{"rendered":"\n<p>Potra\u017enja za njema\u010dkom robom naglo je pala u listopadu, pritisnuta dvoznamenkastim padom narud\u017ebi iz inozemstva u uvjetima problema u nabavnim lancima i nesta\u0161ice sirovina i poluproizvoda, pokazali su u ponedjeljak podaci statisti\u010dkog ureda.<\/p>\n\n\n\n<p>Narud\u017ebe u njema\u010dkoj industriji pale su u listopadu za 6,9 posto u odnosu na prethodni mjesec kada su bile porasle 1,8 posto, izvijestio je Destatis.<\/p>\n\n\n\n<p>Doma\u0107e narud\u017ebe porasle su 3,4 posto, dok su inozemne narud\u017ebe pale 13,1 posto, odra\u017eavaju\u0107i 18,1-postotni pad iz zemalja izvan eurozone.<\/p>\n\n\n\n<p>Kada se isklju\u010de narud\u017ebe velike vrijednosti, potra\u017enja za njema\u010dkom robom pala je u listopadu 1,8 posto u odnosu na rujan.<\/p>\n\n\n\n<p>U ministarstvu gospodarstva izdvajaju \u201cnatprosje\u010dan\u201d pad potra\u017enje za investicijskim dobrima, za 10,7 posto u odnosu na listopad, i napominju da je potra\u017enja za njema\u010dkom robom oslabila nakon \u0161to je sredinom godine dosegnula najvi\u0161u razinu otkako se objavljuju podaci.<\/p>\n\n\n\n<p>\u201cNarud\u017ebe su (u listopadu) pale po drugi put u tri mjeseca, \u0161to implicira daljnje slabljenje izgleda za gospodarstvo\u201d, isti\u010du u ministarstvu.<\/p>\n\n\n\n<p>U odnosu na pro\u0161logodi\u0161nji listopad ukupne su narud\u017ebe smanjene jedan posto, na 10,3-postotnog skoka u prethodnom mjesecu.<\/p>\n\n\n\n<p>Izvor:pogled.ba<\/p>\n","protected":false},"excerpt":{"rendered":"<p>Potra\u017enja za njema\u010dkom robom naglo je pala u listopadu, pritisnuta dvoznamenkastim padom narud\u017ebi iz inozemstva u uvjetima problema u nabavnim lancima i nesta\u0161ice sirovina i poluproizvoda, pokazali su u ponedjeljak podaci statisti\u010dkog ureda. Narud\u017ebe u njema\u010dkoj industriji pale su u listopadu za 6,9 posto u odnosu na prethodni mjesec kada su bile porasle 1,8 posto, [&hellip;]<\/p>\n","protected":false},"author":2,"featured_media":34930,"comment_status":"closed","ping_status":"closed","sticky":false,"template":"","format":"standard","meta":{"h5ap_radio_sources":[],"footnotes":""},"categories":[1],"tags":[],"class_list":["post-96560","post","type-post","status-publish","format-standard","has-post-thumbnail","hentry","category-bihiregija"],"yoast_head":"<!-- This site is optimized with the Yoast SEO plugin v27.5 - https:\/\/yoast.com\/product\/yoast-seo-wordpress\/ -->\n<title>Potra\u017enja za njema\u010dkom robom naglo pala u listopadu - RADIO LJUBU\u0160KI<\/title>\n<meta name=\"robots\" content=\"index, follow, max-snippet:-1, max-image-preview:large, max-video-preview:-1\" \/>\n<link rel=\"canonical\" href=\"https:\/\/radioljubuski.ba\/index.php\/2021\/12\/06\/potraznja-za-njemackom-robom-naglo-pala-u-listopadu\/\" \/>\n<meta property=\"og:locale\" content=\"hr_HR\" \/>\n<meta property=\"og:type\" content=\"article\" \/>\n<meta property=\"og:title\" content=\"Potra\u017enja za njema\u010dkom robom naglo pala u listopadu - RADIO LJUBU\u0160KI\" \/>\n<meta property=\"og:description\" content=\"Potra\u017enja za njema\u010dkom robom naglo je pala u listopadu, pritisnuta dvoznamenkastim padom narud\u017ebi iz inozemstva u uvjetima problema u nabavnim lancima i nesta\u0161ice sirovina i poluproizvoda, pokazali su u ponedjeljak podaci statisti\u010dkog ureda. Narud\u017ebe u njema\u010dkoj industriji pale su u listopadu za 6,9 posto u odnosu na prethodni mjesec kada su bile porasle 1,8 posto, [&hellip;]\" \/>\n<meta property=\"og:url\" content=\"https:\/\/radioljubuski.ba\/index.php\/2021\/12\/06\/potraznja-za-njemackom-robom-naglo-pala-u-listopadu\/\" \/>\n<meta property=\"og:site_name\" content=\"RADIO LJUBU\u0160KI\" \/>\n<meta property=\"article:publisher\" content=\"https:\/\/www.facebook.com\/Radiio-Ljubuski-1490835324566332\" \/>\n<meta property=\"article:published_time\" content=\"2021-12-06T13:15:03+00:00\" \/>\n<meta property=\"og:image\" content=\"https:\/\/radioljubuski.ba\/wp-content\/uploads\/2021\/06\/2-2021-05-20-11-45-13-Njemacka-1200x675-2.jpg\" \/>\n\t<meta property=\"og:image:width\" content=\"1000\" \/>\n\t<meta property=\"og:image:height\" content=\"625\" \/>\n\t<meta property=\"og:image:type\" content=\"image\/jpeg\" \/>\n<meta name=\"author\" content=\"Radio Ljubu\u0161ki\" \/>\n<meta name=\"twitter:card\" content=\"summary_large_image\" \/>\n<meta name=\"twitter:creator\" content=\"@radioljubuski\" \/>\n<meta name=\"twitter:site\" content=\"@radioljubuski\" \/>\n<meta name=\"twitter:label1\" content=\"Napisao\/la\" \/>\n\t<meta name=\"twitter:data1\" content=\"Radio Ljubu\u0161ki\" \/>\n\t<meta name=\"twitter:label2\" content=\"Procijenjeno vrijeme \u010ditanja\" \/>\n\t<meta name=\"twitter:data2\" content=\"1 minuta\" \/>\n<script type=\"application\/ld+json\" class=\"yoast-schema-graph\">{\"@context\":\"https:\\\/\\\/schema.org\",\"@graph\":[{\"@type\":\"Article\",\"@id\":\"https:\\\/\\\/radioljubuski.ba\\\/index.php\\\/2021\\\/12\\\/06\\\/potraznja-za-njemackom-robom-naglo-pala-u-listopadu\\\/#article\",\"isPartOf\":{\"@id\":\"https:\\\/\\\/radioljubuski.ba\\\/index.php\\\/2021\\\/12\\\/06\\\/potraznja-za-njemackom-robom-naglo-pala-u-listopadu\\\/\"},\"author\":{\"name\":\"Radio Ljubu\u0161ki\",\"@id\":\"https:\\\/\\\/radioljubuski.ba\\\/#\\\/schema\\\/person\\\/19fc700381a780f69665d7956c469e3b\"},\"headline\":\"Potra\u017enja za njema\u010dkom robom naglo pala u listopadu\",\"datePublished\":\"2021-12-06T13:15:03+00:00\",\"mainEntityOfPage\":{\"@id\":\"https:\\\/\\\/radioljubuski.ba\\\/index.php\\\/2021\\\/12\\\/06\\\/potraznja-za-njemackom-robom-naglo-pala-u-listopadu\\\/\"},\"wordCount\":207,\"publisher\":{\"@id\":\"https:\\\/\\\/radioljubuski.ba\\\/#organization\"},\"image\":{\"@id\":\"https:\\\/\\\/radioljubuski.ba\\\/index.php\\\/2021\\\/12\\\/06\\\/potraznja-za-njemackom-robom-naglo-pala-u-listopadu\\\/#primaryimage\"},\"thumbnailUrl\":\"https:\\\/\\\/radioljubuski.ba\\\/wp-content\\\/uploads\\\/2021\\\/06\\\/2-2021-05-20-11-45-13-Njemacka-1200x675-2.jpg\",\"articleSection\":[\"BIH i regija\"],\"inLanguage\":\"hr\"},{\"@type\":\"WebPage\",\"@id\":\"https:\\\/\\\/radioljubuski.ba\\\/index.php\\\/2021\\\/12\\\/06\\\/potraznja-za-njemackom-robom-naglo-pala-u-listopadu\\\/\",\"url\":\"https:\\\/\\\/radioljubuski.ba\\\/index.php\\\/2021\\\/12\\\/06\\\/potraznja-za-njemackom-robom-naglo-pala-u-listopadu\\\/\",\"name\":\"Potra\u017enja za njema\u010dkom robom naglo pala u listopadu - RADIO LJUBU\u0160KI\",\"isPartOf\":{\"@id\":\"https:\\\/\\\/radioljubuski.ba\\\/#website\"},\"primaryImageOfPage\":{\"@id\":\"https:\\\/\\\/radioljubuski.ba\\\/index.php\\\/2021\\\/12\\\/06\\\/potraznja-za-njemackom-robom-naglo-pala-u-listopadu\\\/#primaryimage\"},\"image\":{\"@id\":\"https:\\\/\\\/radioljubuski.ba\\\/index.php\\\/2021\\\/12\\\/06\\\/potraznja-za-njemackom-robom-naglo-pala-u-listopadu\\\/#primaryimage\"},\"thumbnailUrl\":\"https:\\\/\\\/radioljubuski.ba\\\/wp-content\\\/uploads\\\/2021\\\/06\\\/2-2021-05-20-11-45-13-Njemacka-1200x675-2.jpg\",\"datePublished\":\"2021-12-06T13:15:03+00:00\",\"breadcrumb\":{\"@id\":\"https:\\\/\\\/radioljubuski.ba\\\/index.php\\\/2021\\\/12\\\/06\\\/potraznja-za-njemackom-robom-naglo-pala-u-listopadu\\\/#breadcrumb\"},\"inLanguage\":\"hr\",\"potentialAction\":[{\"@type\":\"ReadAction\",\"target\":[\"https:\\\/\\\/radioljubuski.ba\\\/index.php\\\/2021\\\/12\\\/06\\\/potraznja-za-njemackom-robom-naglo-pala-u-listopadu\\\/\"]}]},{\"@type\":\"ImageObject\",\"inLanguage\":\"hr\",\"@id\":\"https:\\\/\\\/radioljubuski.ba\\\/index.php\\\/2021\\\/12\\\/06\\\/potraznja-za-njemackom-robom-naglo-pala-u-listopadu\\\/#primaryimage\",\"url\":\"https:\\\/\\\/radioljubuski.ba\\\/wp-content\\\/uploads\\\/2021\\\/06\\\/2-2021-05-20-11-45-13-Njemacka-1200x675-2.jpg\",\"contentUrl\":\"https:\\\/\\\/radioljubuski.ba\\\/wp-content\\\/uploads\\\/2021\\\/06\\\/2-2021-05-20-11-45-13-Njemacka-1200x675-2.jpg\",\"width\":1000,\"height\":625},{\"@type\":\"BreadcrumbList\",\"@id\":\"https:\\\/\\\/radioljubuski.ba\\\/index.php\\\/2021\\\/12\\\/06\\\/potraznja-za-njemackom-robom-naglo-pala-u-listopadu\\\/#breadcrumb\",\"itemListElement\":[{\"@type\":\"ListItem\",\"position\":1,\"name\":\"Po\u010detna stranica\",\"item\":\"https:\\\/\\\/radioljubuski.ba\\\/\"},{\"@type\":\"ListItem\",\"position\":2,\"name\":\"Potra\u017enja za njema\u010dkom robom naglo pala u listopadu\"}]},{\"@type\":\"WebSite\",\"@id\":\"https:\\\/\\\/radioljubuski.ba\\\/#website\",\"url\":\"https:\\\/\\\/radioljubuski.ba\\\/\",\"name\":\"Radio Ljubu\u0161ki\",\"description\":\"Sun\u010dana frekvencija Hercegovine\",\"publisher\":{\"@id\":\"https:\\\/\\\/radioljubuski.ba\\\/#organization\"},\"potentialAction\":[{\"@type\":\"SearchAction\",\"target\":{\"@type\":\"EntryPoint\",\"urlTemplate\":\"https:\\\/\\\/radioljubuski.ba\\\/?s={search_term_string}\"},\"query-input\":{\"@type\":\"PropertyValueSpecification\",\"valueRequired\":true,\"valueName\":\"search_term_string\"}}],\"inLanguage\":\"hr\"},{\"@type\":\"Organization\",\"@id\":\"https:\\\/\\\/radioljubuski.ba\\\/#organization\",\"name\":\"Radio Ljubu\u0161ki\",\"url\":\"https:\\\/\\\/radioljubuski.ba\\\/\",\"logo\":{\"@type\":\"ImageObject\",\"inLanguage\":\"hr\",\"@id\":\"https:\\\/\\\/radioljubuski.ba\\\/#\\\/schema\\\/logo\\\/image\\\/\",\"url\":\"https:\\\/\\\/radioljubuski.ba\\\/wp-content\\\/uploads\\\/2021\\\/02\\\/cropped-Radio_Ljubuski_logo1.jpg\",\"contentUrl\":\"https:\\\/\\\/radioljubuski.ba\\\/wp-content\\\/uploads\\\/2021\\\/02\\\/cropped-Radio_Ljubuski_logo1.jpg\",\"width\":512,\"height\":512,\"caption\":\"Radio Ljubu\u0161ki\"},\"image\":{\"@id\":\"https:\\\/\\\/radioljubuski.ba\\\/#\\\/schema\\\/logo\\\/image\\\/\"},\"sameAs\":[\"https:\\\/\\\/www.facebook.com\\\/Radiio-Ljubuski-1490835324566332\",\"https:\\\/\\\/x.com\\\/radioljubuski\",\"https:\\\/\\\/hr.linkedin.com\\\/company\\\/radio-ljubuski\",\"https:\\\/\\\/www.youtube.com\\\/channel\\\/UCHYaeO_n0Db3tjNGudGpXyw\"]},{\"@type\":\"Person\",\"@id\":\"https:\\\/\\\/radioljubuski.ba\\\/#\\\/schema\\\/person\\\/19fc700381a780f69665d7956c469e3b\",\"name\":\"Radio Ljubu\u0161ki\"}]}<\/script>\n<!-- \/ Yoast SEO plugin. -->","yoast_head_json":{"title":"Potra\u017enja za njema\u010dkom robom naglo pala u listopadu - RADIO LJUBU\u0160KI","robots":{"index":"index","follow":"follow","max-snippet":"max-snippet:-1","max-image-preview":"max-image-preview:large","max-video-preview":"max-video-preview:-1"},"canonical":"https:\/\/radioljubuski.ba\/index.php\/2021\/12\/06\/potraznja-za-njemackom-robom-naglo-pala-u-listopadu\/","og_locale":"hr_HR","og_type":"article","og_title":"Potra\u017enja za njema\u010dkom robom naglo pala u listopadu - RADIO LJUBU\u0160KI","og_description":"Potra\u017enja za njema\u010dkom robom naglo je pala u listopadu, pritisnuta dvoznamenkastim padom narud\u017ebi iz inozemstva u uvjetima problema u nabavnim lancima i nesta\u0161ice sirovina i poluproizvoda, pokazali su u ponedjeljak podaci statisti\u010dkog ureda. Narud\u017ebe u njema\u010dkoj industriji pale su u listopadu za 6,9 posto u odnosu na prethodni mjesec kada su bile porasle 1,8 posto, [&hellip;]","og_url":"https:\/\/radioljubuski.ba\/index.php\/2021\/12\/06\/potraznja-za-njemackom-robom-naglo-pala-u-listopadu\/","og_site_name":"RADIO LJUBU\u0160KI","article_publisher":"https:\/\/www.facebook.com\/Radiio-Ljubuski-1490835324566332","article_published_time":"2021-12-06T13:15:03+00:00","og_image":[{"width":1000,"height":625,"url":"https:\/\/radioljubuski.ba\/wp-content\/uploads\/2021\/06\/2-2021-05-20-11-45-13-Njemacka-1200x675-2.jpg","type":"image\/jpeg"}],"author":"Radio Ljubu\u0161ki","twitter_card":"summary_large_image","twitter_creator":"@radioljubuski","twitter_site":"@radioljubuski","twitter_misc":{"Napisao\/la":"Radio Ljubu\u0161ki","Procijenjeno vrijeme \u010ditanja":"1 minuta"},"schema":{"@context":"https:\/\/schema.org","@graph":[{"@type":"Article","@id":"https:\/\/radioljubuski.ba\/index.php\/2021\/12\/06\/potraznja-za-njemackom-robom-naglo-pala-u-listopadu\/#article","isPartOf":{"@id":"https:\/\/radioljubuski.ba\/index.php\/2021\/12\/06\/potraznja-za-njemackom-robom-naglo-pala-u-listopadu\/"},"author":{"name":"Radio Ljubu\u0161ki","@id":"https:\/\/radioljubuski.ba\/#\/schema\/person\/19fc700381a780f69665d7956c469e3b"},"headline":"Potra\u017enja za njema\u010dkom robom naglo pala u listopadu","datePublished":"2021-12-06T13:15:03+00:00","mainEntityOfPage":{"@id":"https:\/\/radioljubuski.ba\/index.php\/2021\/12\/06\/potraznja-za-njemackom-robom-naglo-pala-u-listopadu\/"},"wordCount":207,"publisher":{"@id":"https:\/\/radioljubuski.ba\/#organization"},"image":{"@id":"https:\/\/radioljubuski.ba\/index.php\/2021\/12\/06\/potraznja-za-njemackom-robom-naglo-pala-u-listopadu\/#primaryimage"},"thumbnailUrl":"https:\/\/radioljubuski.ba\/wp-content\/uploads\/2021\/06\/2-2021-05-20-11-45-13-Njemacka-1200x675-2.jpg","articleSection":["BIH i regija"],"inLanguage":"hr"},{"@type":"WebPage","@id":"https:\/\/radioljubuski.ba\/index.php\/2021\/12\/06\/potraznja-za-njemackom-robom-naglo-pala-u-listopadu\/","url":"https:\/\/radioljubuski.ba\/index.php\/2021\/12\/06\/potraznja-za-njemackom-robom-naglo-pala-u-listopadu\/","name":"Potra\u017enja za njema\u010dkom robom naglo pala u listopadu - RADIO LJUBU\u0160KI","isPartOf":{"@id":"https:\/\/radioljubuski.ba\/#website"},"primaryImageOfPage":{"@id":"https:\/\/radioljubuski.ba\/index.php\/2021\/12\/06\/potraznja-za-njemackom-robom-naglo-pala-u-listopadu\/#primaryimage"},"image":{"@id":"https:\/\/radioljubuski.ba\/index.php\/2021\/12\/06\/potraznja-za-njemackom-robom-naglo-pala-u-listopadu\/#primaryimage"},"thumbnailUrl":"https:\/\/radioljubuski.ba\/wp-content\/uploads\/2021\/06\/2-2021-05-20-11-45-13-Njemacka-1200x675-2.jpg","datePublished":"2021-12-06T13:15:03+00:00","breadcrumb":{"@id":"https:\/\/radioljubuski.ba\/index.php\/2021\/12\/06\/potraznja-za-njemackom-robom-naglo-pala-u-listopadu\/#breadcrumb"},"inLanguage":"hr","potentialAction":[{"@type":"ReadAction","target":["https:\/\/radioljubuski.ba\/index.php\/2021\/12\/06\/potraznja-za-njemackom-robom-naglo-pala-u-listopadu\/"]}]},{"@type":"ImageObject","inLanguage":"hr","@id":"https:\/\/radioljubuski.ba\/index.php\/2021\/12\/06\/potraznja-za-njemackom-robom-naglo-pala-u-listopadu\/#primaryimage","url":"https:\/\/radioljubuski.ba\/wp-content\/uploads\/2021\/06\/2-2021-05-20-11-45-13-Njemacka-1200x675-2.jpg","contentUrl":"https:\/\/radioljubuski.ba\/wp-content\/uploads\/2021\/06\/2-2021-05-20-11-45-13-Njemacka-1200x675-2.jpg","width":1000,"height":625},{"@type":"BreadcrumbList","@id":"https:\/\/radioljubuski.ba\/index.php\/2021\/12\/06\/potraznja-za-njemackom-robom-naglo-pala-u-listopadu\/#breadcrumb","itemListElement":[{"@type":"ListItem","position":1,"name":"Po\u010detna stranica","item":"https:\/\/radioljubuski.ba\/"},{"@type":"ListItem","position":2,"name":"Potra\u017enja za njema\u010dkom robom naglo pala u listopadu"}]},{"@type":"WebSite","@id":"https:\/\/radioljubuski.ba\/#website","url":"https:\/\/radioljubuski.ba\/","name":"Radio Ljubu\u0161ki","description":"Sun\u010dana frekvencija Hercegovine","publisher":{"@id":"https:\/\/radioljubuski.ba\/#organization"},"potentialAction":[{"@type":"SearchAction","target":{"@type":"EntryPoint","urlTemplate":"https:\/\/radioljubuski.ba\/?s={search_term_string}"},"query-input":{"@type":"PropertyValueSpecification","valueRequired":true,"valueName":"search_term_string"}}],"inLanguage":"hr"},{"@type":"Organization","@id":"https:\/\/radioljubuski.ba\/#organization","name":"Radio Ljubu\u0161ki","url":"https:\/\/radioljubuski.ba\/","logo":{"@type":"ImageObject","inLanguage":"hr","@id":"https:\/\/radioljubuski.ba\/#\/schema\/logo\/image\/","url":"https:\/\/radioljubuski.ba\/wp-content\/uploads\/2021\/02\/cropped-Radio_Ljubuski_logo1.jpg","contentUrl":"https:\/\/radioljubuski.ba\/wp-content\/uploads\/2021\/02\/cropped-Radio_Ljubuski_logo1.jpg","width":512,"height":512,"caption":"Radio Ljubu\u0161ki"},"image":{"@id":"https:\/\/radioljubuski.ba\/#\/schema\/logo\/image\/"},"sameAs":["https:\/\/www.facebook.com\/Radiio-Ljubuski-1490835324566332","https:\/\/x.com\/radioljubuski","https:\/\/hr.linkedin.com\/company\/radio-ljubuski","https:\/\/www.youtube.com\/channel\/UCHYaeO_n0Db3tjNGudGpXyw"]},{"@type":"Person","@id":"https:\/\/radioljubuski.ba\/#\/schema\/person\/19fc700381a780f69665d7956c469e3b","name":"Radio Ljubu\u0161ki"}]}},"_links":{"self":[{"href":"https:\/\/radioljubuski.ba\/index.php\/wp-json\/wp\/v2\/posts\/96560","targetHints":{"allow":["GET"]}}],"collection":[{"href":"https:\/\/radioljubuski.ba\/index.php\/wp-json\/wp\/v2\/posts"}],"about":[{"href":"https:\/\/radioljubuski.ba\/index.php\/wp-json\/wp\/v2\/types\/post"}],"author":[{"embeddable":true,"href":"https:\/\/radioljubuski.ba\/index.php\/wp-json\/wp\/v2\/users\/2"}],"replies":[{"embeddable":true,"href":"https:\/\/radioljubuski.ba\/index.php\/wp-json\/wp\/v2\/comments?post=96560"}],"version-history":[{"count":1,"href":"https:\/\/radioljubuski.ba\/index.php\/wp-json\/wp\/v2\/posts\/96560\/revisions"}],"predecessor-version":[{"id":96561,"href":"https:\/\/radioljubuski.ba\/index.php\/wp-json\/wp\/v2\/posts\/96560\/revisions\/96561"}],"wp:featuredmedia":[{"embeddable":true,"href":"https:\/\/radioljubuski.ba\/index.php\/wp-json\/wp\/v2\/media\/34930"}],"wp:attachment":[{"href":"https:\/\/radioljubuski.ba\/index.php\/wp-json\/wp\/v2\/media?parent=96560"}],"wp:term":[{"taxonomy":"category","embeddable":true,"href":"https:\/\/radioljubuski.ba\/index.php\/wp-json\/wp\/v2\/categories?post=96560"},{"taxonomy":"post_tag","embeddable":true,"href":"https:\/\/radioljubuski.ba\/index.php\/wp-json\/wp\/v2\/tags?post=96560"}],"curies":[{"name":"wp","href":"https:\/\/api.w.org\/{rel}","templated":true}]}}