{"id":96562,"date":"2021-12-06T14:15:56","date_gmt":"2021-12-06T13:15:56","guid":{"rendered":"https:\/\/radioljubuski.ba\/?p=96562"},"modified":"2021-12-06T14:15:56","modified_gmt":"2021-12-06T13:15:56","slug":"potvrdena-dva-slucaja-zaraze-omikronom-u-hrvatskoj","status":"publish","type":"post","link":"https:\/\/radioljubuski.ba\/index.php\/2021\/12\/06\/potvrdena-dva-slucaja-zaraze-omikronom-u-hrvatskoj\/","title":{"rendered":"Potvr\u0111ena dva slu\u010daja zaraze omikronom u Hrvatskoj"},"content":{"rendered":"\n<p>Ravnatelj HZJZ-a Krunoslav Capak kazao je kako su u Hrvatskoj potvr\u0111ena dva slu\u010daja zaraze omikron sojem.<\/p>\n\n\n\n<p>&#8220;Dokazali smo kod dva pacijenta omikron soj&#8221;, rekao je Capak.&nbsp;<\/p>\n\n\n\n<p>&#8220;Dobili smo soj u petak, najavljeno nam je da smo jo\u0161 jedan. Napravili smo screening, u subotu smo pokrenuli sekvenciranje jednog genoma. Za jednog smo potvrdili omikron. Kod gospodina koji je bio prvi, \u010diji je uzorak bio na Ru\u0111eru je cijepljen pa je koli\u010dina virusa bila premala za screening. Ali kako su mutacije iste, mo\u017eemo re\u0107i kako su to prva dva slu\u010daja omikrona u Hrvatskoj. Najsli\u010dniji je oblicima omikrona koji su dokazani u Bocvani.&nbsp;<\/p>\n\n\n\n<p>&#8220;Anketirali smo ih, nisu bili izvan Hrvatske. Bili su sudionici jednog poslovnog skupa. Postoji mogu\u0107nost da je netko s tog skupa bio izvor. Svi kontakti koji su u Hrvatskoj su pozvani. Bilo je na poslovnom skupu i stranaca, mogu\u0107e je da je izvor netko od stranaca. Obavijestili smo putem me\u0111unarodnog sustava, oni \u0107e biti ispitani u svojim zemljama&#8221;, rekao je epidemiolog Bernard Kai\u0107.&nbsp;<\/p>\n\n\n\n<p>&#8220;U karanteni su kontakti s tog skupa koji su iz Hrvatske te obiteljski kontakti&#8221;, dodao je Kai\u0107.<\/p>\n\n\n\n<p>Epidemiologinja Goranka Petrovi\u0107 iz HZJZ-a je naglasila kako se na omikron sumnja kod dvoje hrvatskih gra\u0111ana koji nisu boravili u Ju\u017enoj Africi, a bili su na sastanku gdje je bilo i inozemnih gostiju. Zna\u010di, to su osobe koje su bile u Hrvatskoj, poru\u010dila je.<\/p>\n\n\n\n<p>Izvor:pogled.ba<\/p>\n","protected":false},"excerpt":{"rendered":"<p>Ravnatelj HZJZ-a Krunoslav Capak kazao je kako su u Hrvatskoj potvr\u0111ena dva slu\u010daja zaraze omikron sojem. &#8220;Dokazali smo kod dva pacijenta omikron soj&#8221;, rekao je Capak.&nbsp; &#8220;Dobili smo soj u petak, najavljeno nam je da smo jo\u0161 jedan. Napravili smo screening, u subotu smo pokrenuli sekvenciranje jednog genoma. Za jednog smo potvrdili omikron. Kod gospodina [&hellip;]<\/p>\n","protected":false},"author":2,"featured_media":94604,"comment_status":"closed","ping_status":"closed","sticky":false,"template":"","format":"standard","meta":{"h5ap_radio_sources":[],"footnotes":""},"categories":[1],"tags":[],"class_list":["post-96562","post","type-post","status-publish","format-standard","has-post-thumbnail","hentry","category-bihiregija"],"yoast_head":"<!-- This site is optimized with the Yoast SEO plugin v27.5 - https:\/\/yoast.com\/product\/yoast-seo-wordpress\/ -->\n<title>Potvr\u0111ena dva slu\u010daja zaraze omikronom u Hrvatskoj - RADIO LJUBU\u0160KI<\/title>\n<meta name=\"robots\" content=\"index, follow, max-snippet:-1, max-image-preview:large, max-video-preview:-1\" \/>\n<link rel=\"canonical\" href=\"https:\/\/radioljubuski.ba\/index.php\/2021\/12\/06\/potvrdena-dva-slucaja-zaraze-omikronom-u-hrvatskoj\/\" \/>\n<meta property=\"og:locale\" content=\"hr_HR\" \/>\n<meta property=\"og:type\" content=\"article\" \/>\n<meta property=\"og:title\" content=\"Potvr\u0111ena dva slu\u010daja zaraze omikronom u Hrvatskoj - RADIO LJUBU\u0160KI\" \/>\n<meta property=\"og:description\" content=\"Ravnatelj HZJZ-a Krunoslav Capak kazao je kako su u Hrvatskoj potvr\u0111ena dva slu\u010daja zaraze omikron sojem. &#8220;Dokazali smo kod dva pacijenta omikron soj&#8221;, rekao je Capak.&nbsp; &#8220;Dobili smo soj u petak, najavljeno nam je da smo jo\u0161 jedan. Napravili smo screening, u subotu smo pokrenuli sekvenciranje jednog genoma. Za jednog smo potvrdili omikron. Kod gospodina [&hellip;]\" \/>\n<meta property=\"og:url\" content=\"https:\/\/radioljubuski.ba\/index.php\/2021\/12\/06\/potvrdena-dva-slucaja-zaraze-omikronom-u-hrvatskoj\/\" \/>\n<meta property=\"og:site_name\" content=\"RADIO LJUBU\u0160KI\" \/>\n<meta property=\"article:publisher\" content=\"https:\/\/www.facebook.com\/Radiio-Ljubuski-1490835324566332\" \/>\n<meta property=\"article:published_time\" content=\"2021-12-06T13:15:56+00:00\" \/>\n<meta property=\"og:image\" content=\"https:\/\/radioljubuski.ba\/wp-content\/uploads\/2021\/12\/omikron.jpg\" \/>\n\t<meta property=\"og:image:width\" content=\"1000\" \/>\n\t<meta property=\"og:image:height\" content=\"625\" \/>\n\t<meta property=\"og:image:type\" content=\"image\/jpeg\" \/>\n<meta name=\"author\" content=\"Radio Ljubu\u0161ki\" \/>\n<meta name=\"twitter:card\" content=\"summary_large_image\" \/>\n<meta name=\"twitter:creator\" content=\"@radioljubuski\" \/>\n<meta name=\"twitter:site\" content=\"@radioljubuski\" \/>\n<meta name=\"twitter:label1\" content=\"Napisao\/la\" \/>\n\t<meta name=\"twitter:data1\" content=\"Radio Ljubu\u0161ki\" \/>\n\t<meta name=\"twitter:label2\" content=\"Procijenjeno vrijeme \u010ditanja\" \/>\n\t<meta name=\"twitter:data2\" content=\"1 minuta\" \/>\n<script type=\"application\/ld+json\" class=\"yoast-schema-graph\">{\"@context\":\"https:\\\/\\\/schema.org\",\"@graph\":[{\"@type\":\"Article\",\"@id\":\"https:\\\/\\\/radioljubuski.ba\\\/index.php\\\/2021\\\/12\\\/06\\\/potvrdena-dva-slucaja-zaraze-omikronom-u-hrvatskoj\\\/#article\",\"isPartOf\":{\"@id\":\"https:\\\/\\\/radioljubuski.ba\\\/index.php\\\/2021\\\/12\\\/06\\\/potvrdena-dva-slucaja-zaraze-omikronom-u-hrvatskoj\\\/\"},\"author\":{\"name\":\"Radio Ljubu\u0161ki\",\"@id\":\"https:\\\/\\\/radioljubuski.ba\\\/#\\\/schema\\\/person\\\/19fc700381a780f69665d7956c469e3b\"},\"headline\":\"Potvr\u0111ena dva slu\u010daja zaraze omikronom u Hrvatskoj\",\"datePublished\":\"2021-12-06T13:15:56+00:00\",\"mainEntityOfPage\":{\"@id\":\"https:\\\/\\\/radioljubuski.ba\\\/index.php\\\/2021\\\/12\\\/06\\\/potvrdena-dva-slucaja-zaraze-omikronom-u-hrvatskoj\\\/\"},\"wordCount\":254,\"publisher\":{\"@id\":\"https:\\\/\\\/radioljubuski.ba\\\/#organization\"},\"image\":{\"@id\":\"https:\\\/\\\/radioljubuski.ba\\\/index.php\\\/2021\\\/12\\\/06\\\/potvrdena-dva-slucaja-zaraze-omikronom-u-hrvatskoj\\\/#primaryimage\"},\"thumbnailUrl\":\"https:\\\/\\\/radioljubuski.ba\\\/wp-content\\\/uploads\\\/2021\\\/12\\\/omikron.jpg\",\"articleSection\":[\"BIH i regija\"],\"inLanguage\":\"hr\"},{\"@type\":\"WebPage\",\"@id\":\"https:\\\/\\\/radioljubuski.ba\\\/index.php\\\/2021\\\/12\\\/06\\\/potvrdena-dva-slucaja-zaraze-omikronom-u-hrvatskoj\\\/\",\"url\":\"https:\\\/\\\/radioljubuski.ba\\\/index.php\\\/2021\\\/12\\\/06\\\/potvrdena-dva-slucaja-zaraze-omikronom-u-hrvatskoj\\\/\",\"name\":\"Potvr\u0111ena dva slu\u010daja zaraze omikronom u Hrvatskoj - RADIO LJUBU\u0160KI\",\"isPartOf\":{\"@id\":\"https:\\\/\\\/radioljubuski.ba\\\/#website\"},\"primaryImageOfPage\":{\"@id\":\"https:\\\/\\\/radioljubuski.ba\\\/index.php\\\/2021\\\/12\\\/06\\\/potvrdena-dva-slucaja-zaraze-omikronom-u-hrvatskoj\\\/#primaryimage\"},\"image\":{\"@id\":\"https:\\\/\\\/radioljubuski.ba\\\/index.php\\\/2021\\\/12\\\/06\\\/potvrdena-dva-slucaja-zaraze-omikronom-u-hrvatskoj\\\/#primaryimage\"},\"thumbnailUrl\":\"https:\\\/\\\/radioljubuski.ba\\\/wp-content\\\/uploads\\\/2021\\\/12\\\/omikron.jpg\",\"datePublished\":\"2021-12-06T13:15:56+00:00\",\"breadcrumb\":{\"@id\":\"https:\\\/\\\/radioljubuski.ba\\\/index.php\\\/2021\\\/12\\\/06\\\/potvrdena-dva-slucaja-zaraze-omikronom-u-hrvatskoj\\\/#breadcrumb\"},\"inLanguage\":\"hr\",\"potentialAction\":[{\"@type\":\"ReadAction\",\"target\":[\"https:\\\/\\\/radioljubuski.ba\\\/index.php\\\/2021\\\/12\\\/06\\\/potvrdena-dva-slucaja-zaraze-omikronom-u-hrvatskoj\\\/\"]}]},{\"@type\":\"ImageObject\",\"inLanguage\":\"hr\",\"@id\":\"https:\\\/\\\/radioljubuski.ba\\\/index.php\\\/2021\\\/12\\\/06\\\/potvrdena-dva-slucaja-zaraze-omikronom-u-hrvatskoj\\\/#primaryimage\",\"url\":\"https:\\\/\\\/radioljubuski.ba\\\/wp-content\\\/uploads\\\/2021\\\/12\\\/omikron.jpg\",\"contentUrl\":\"https:\\\/\\\/radioljubuski.ba\\\/wp-content\\\/uploads\\\/2021\\\/12\\\/omikron.jpg\",\"width\":1000,\"height\":625},{\"@type\":\"BreadcrumbList\",\"@id\":\"https:\\\/\\\/radioljubuski.ba\\\/index.php\\\/2021\\\/12\\\/06\\\/potvrdena-dva-slucaja-zaraze-omikronom-u-hrvatskoj\\\/#breadcrumb\",\"itemListElement\":[{\"@type\":\"ListItem\",\"position\":1,\"name\":\"Po\u010detna stranica\",\"item\":\"https:\\\/\\\/radioljubuski.ba\\\/\"},{\"@type\":\"ListItem\",\"position\":2,\"name\":\"Potvr\u0111ena dva slu\u010daja zaraze omikronom u Hrvatskoj\"}]},{\"@type\":\"WebSite\",\"@id\":\"https:\\\/\\\/radioljubuski.ba\\\/#website\",\"url\":\"https:\\\/\\\/radioljubuski.ba\\\/\",\"name\":\"Radio Ljubu\u0161ki\",\"description\":\"Sun\u010dana frekvencija Hercegovine\",\"publisher\":{\"@id\":\"https:\\\/\\\/radioljubuski.ba\\\/#organization\"},\"potentialAction\":[{\"@type\":\"SearchAction\",\"target\":{\"@type\":\"EntryPoint\",\"urlTemplate\":\"https:\\\/\\\/radioljubuski.ba\\\/?s={search_term_string}\"},\"query-input\":{\"@type\":\"PropertyValueSpecification\",\"valueRequired\":true,\"valueName\":\"search_term_string\"}}],\"inLanguage\":\"hr\"},{\"@type\":\"Organization\",\"@id\":\"https:\\\/\\\/radioljubuski.ba\\\/#organization\",\"name\":\"Radio Ljubu\u0161ki\",\"url\":\"https:\\\/\\\/radioljubuski.ba\\\/\",\"logo\":{\"@type\":\"ImageObject\",\"inLanguage\":\"hr\",\"@id\":\"https:\\\/\\\/radioljubuski.ba\\\/#\\\/schema\\\/logo\\\/image\\\/\",\"url\":\"https:\\\/\\\/radioljubuski.ba\\\/wp-content\\\/uploads\\\/2021\\\/02\\\/cropped-Radio_Ljubuski_logo1.jpg\",\"contentUrl\":\"https:\\\/\\\/radioljubuski.ba\\\/wp-content\\\/uploads\\\/2021\\\/02\\\/cropped-Radio_Ljubuski_logo1.jpg\",\"width\":512,\"height\":512,\"caption\":\"Radio Ljubu\u0161ki\"},\"image\":{\"@id\":\"https:\\\/\\\/radioljubuski.ba\\\/#\\\/schema\\\/logo\\\/image\\\/\"},\"sameAs\":[\"https:\\\/\\\/www.facebook.com\\\/Radiio-Ljubuski-1490835324566332\",\"https:\\\/\\\/x.com\\\/radioljubuski\",\"https:\\\/\\\/hr.linkedin.com\\\/company\\\/radio-ljubuski\",\"https:\\\/\\\/www.youtube.com\\\/channel\\\/UCHYaeO_n0Db3tjNGudGpXyw\"]},{\"@type\":\"Person\",\"@id\":\"https:\\\/\\\/radioljubuski.ba\\\/#\\\/schema\\\/person\\\/19fc700381a780f69665d7956c469e3b\",\"name\":\"Radio Ljubu\u0161ki\"}]}<\/script>\n<!-- \/ Yoast SEO plugin. -->","yoast_head_json":{"title":"Potvr\u0111ena dva slu\u010daja zaraze omikronom u Hrvatskoj - RADIO LJUBU\u0160KI","robots":{"index":"index","follow":"follow","max-snippet":"max-snippet:-1","max-image-preview":"max-image-preview:large","max-video-preview":"max-video-preview:-1"},"canonical":"https:\/\/radioljubuski.ba\/index.php\/2021\/12\/06\/potvrdena-dva-slucaja-zaraze-omikronom-u-hrvatskoj\/","og_locale":"hr_HR","og_type":"article","og_title":"Potvr\u0111ena dva slu\u010daja zaraze omikronom u Hrvatskoj - RADIO LJUBU\u0160KI","og_description":"Ravnatelj HZJZ-a Krunoslav Capak kazao je kako su u Hrvatskoj potvr\u0111ena dva slu\u010daja zaraze omikron sojem. &#8220;Dokazali smo kod dva pacijenta omikron soj&#8221;, rekao je Capak.&nbsp; &#8220;Dobili smo soj u petak, najavljeno nam je da smo jo\u0161 jedan. Napravili smo screening, u subotu smo pokrenuli sekvenciranje jednog genoma. Za jednog smo potvrdili omikron. Kod gospodina [&hellip;]","og_url":"https:\/\/radioljubuski.ba\/index.php\/2021\/12\/06\/potvrdena-dva-slucaja-zaraze-omikronom-u-hrvatskoj\/","og_site_name":"RADIO LJUBU\u0160KI","article_publisher":"https:\/\/www.facebook.com\/Radiio-Ljubuski-1490835324566332","article_published_time":"2021-12-06T13:15:56+00:00","og_image":[{"width":1000,"height":625,"url":"https:\/\/radioljubuski.ba\/wp-content\/uploads\/2021\/12\/omikron.jpg","type":"image\/jpeg"}],"author":"Radio Ljubu\u0161ki","twitter_card":"summary_large_image","twitter_creator":"@radioljubuski","twitter_site":"@radioljubuski","twitter_misc":{"Napisao\/la":"Radio Ljubu\u0161ki","Procijenjeno vrijeme \u010ditanja":"1 minuta"},"schema":{"@context":"https:\/\/schema.org","@graph":[{"@type":"Article","@id":"https:\/\/radioljubuski.ba\/index.php\/2021\/12\/06\/potvrdena-dva-slucaja-zaraze-omikronom-u-hrvatskoj\/#article","isPartOf":{"@id":"https:\/\/radioljubuski.ba\/index.php\/2021\/12\/06\/potvrdena-dva-slucaja-zaraze-omikronom-u-hrvatskoj\/"},"author":{"name":"Radio Ljubu\u0161ki","@id":"https:\/\/radioljubuski.ba\/#\/schema\/person\/19fc700381a780f69665d7956c469e3b"},"headline":"Potvr\u0111ena dva slu\u010daja zaraze omikronom u Hrvatskoj","datePublished":"2021-12-06T13:15:56+00:00","mainEntityOfPage":{"@id":"https:\/\/radioljubuski.ba\/index.php\/2021\/12\/06\/potvrdena-dva-slucaja-zaraze-omikronom-u-hrvatskoj\/"},"wordCount":254,"publisher":{"@id":"https:\/\/radioljubuski.ba\/#organization"},"image":{"@id":"https:\/\/radioljubuski.ba\/index.php\/2021\/12\/06\/potvrdena-dva-slucaja-zaraze-omikronom-u-hrvatskoj\/#primaryimage"},"thumbnailUrl":"https:\/\/radioljubuski.ba\/wp-content\/uploads\/2021\/12\/omikron.jpg","articleSection":["BIH i regija"],"inLanguage":"hr"},{"@type":"WebPage","@id":"https:\/\/radioljubuski.ba\/index.php\/2021\/12\/06\/potvrdena-dva-slucaja-zaraze-omikronom-u-hrvatskoj\/","url":"https:\/\/radioljubuski.ba\/index.php\/2021\/12\/06\/potvrdena-dva-slucaja-zaraze-omikronom-u-hrvatskoj\/","name":"Potvr\u0111ena dva slu\u010daja zaraze omikronom u Hrvatskoj - RADIO LJUBU\u0160KI","isPartOf":{"@id":"https:\/\/radioljubuski.ba\/#website"},"primaryImageOfPage":{"@id":"https:\/\/radioljubuski.ba\/index.php\/2021\/12\/06\/potvrdena-dva-slucaja-zaraze-omikronom-u-hrvatskoj\/#primaryimage"},"image":{"@id":"https:\/\/radioljubuski.ba\/index.php\/2021\/12\/06\/potvrdena-dva-slucaja-zaraze-omikronom-u-hrvatskoj\/#primaryimage"},"thumbnailUrl":"https:\/\/radioljubuski.ba\/wp-content\/uploads\/2021\/12\/omikron.jpg","datePublished":"2021-12-06T13:15:56+00:00","breadcrumb":{"@id":"https:\/\/radioljubuski.ba\/index.php\/2021\/12\/06\/potvrdena-dva-slucaja-zaraze-omikronom-u-hrvatskoj\/#breadcrumb"},"inLanguage":"hr","potentialAction":[{"@type":"ReadAction","target":["https:\/\/radioljubuski.ba\/index.php\/2021\/12\/06\/potvrdena-dva-slucaja-zaraze-omikronom-u-hrvatskoj\/"]}]},{"@type":"ImageObject","inLanguage":"hr","@id":"https:\/\/radioljubuski.ba\/index.php\/2021\/12\/06\/potvrdena-dva-slucaja-zaraze-omikronom-u-hrvatskoj\/#primaryimage","url":"https:\/\/radioljubuski.ba\/wp-content\/uploads\/2021\/12\/omikron.jpg","contentUrl":"https:\/\/radioljubuski.ba\/wp-content\/uploads\/2021\/12\/omikron.jpg","width":1000,"height":625},{"@type":"BreadcrumbList","@id":"https:\/\/radioljubuski.ba\/index.php\/2021\/12\/06\/potvrdena-dva-slucaja-zaraze-omikronom-u-hrvatskoj\/#breadcrumb","itemListElement":[{"@type":"ListItem","position":1,"name":"Po\u010detna stranica","item":"https:\/\/radioljubuski.ba\/"},{"@type":"ListItem","position":2,"name":"Potvr\u0111ena dva slu\u010daja zaraze omikronom u Hrvatskoj"}]},{"@type":"WebSite","@id":"https:\/\/radioljubuski.ba\/#website","url":"https:\/\/radioljubuski.ba\/","name":"Radio Ljubu\u0161ki","description":"Sun\u010dana frekvencija Hercegovine","publisher":{"@id":"https:\/\/radioljubuski.ba\/#organization"},"potentialAction":[{"@type":"SearchAction","target":{"@type":"EntryPoint","urlTemplate":"https:\/\/radioljubuski.ba\/?s={search_term_string}"},"query-input":{"@type":"PropertyValueSpecification","valueRequired":true,"valueName":"search_term_string"}}],"inLanguage":"hr"},{"@type":"Organization","@id":"https:\/\/radioljubuski.ba\/#organization","name":"Radio Ljubu\u0161ki","url":"https:\/\/radioljubuski.ba\/","logo":{"@type":"ImageObject","inLanguage":"hr","@id":"https:\/\/radioljubuski.ba\/#\/schema\/logo\/image\/","url":"https:\/\/radioljubuski.ba\/wp-content\/uploads\/2021\/02\/cropped-Radio_Ljubuski_logo1.jpg","contentUrl":"https:\/\/radioljubuski.ba\/wp-content\/uploads\/2021\/02\/cropped-Radio_Ljubuski_logo1.jpg","width":512,"height":512,"caption":"Radio Ljubu\u0161ki"},"image":{"@id":"https:\/\/radioljubuski.ba\/#\/schema\/logo\/image\/"},"sameAs":["https:\/\/www.facebook.com\/Radiio-Ljubuski-1490835324566332","https:\/\/x.com\/radioljubuski","https:\/\/hr.linkedin.com\/company\/radio-ljubuski","https:\/\/www.youtube.com\/channel\/UCHYaeO_n0Db3tjNGudGpXyw"]},{"@type":"Person","@id":"https:\/\/radioljubuski.ba\/#\/schema\/person\/19fc700381a780f69665d7956c469e3b","name":"Radio Ljubu\u0161ki"}]}},"_links":{"self":[{"href":"https:\/\/radioljubuski.ba\/index.php\/wp-json\/wp\/v2\/posts\/96562","targetHints":{"allow":["GET"]}}],"collection":[{"href":"https:\/\/radioljubuski.ba\/index.php\/wp-json\/wp\/v2\/posts"}],"about":[{"href":"https:\/\/radioljubuski.ba\/index.php\/wp-json\/wp\/v2\/types\/post"}],"author":[{"embeddable":true,"href":"https:\/\/radioljubuski.ba\/index.php\/wp-json\/wp\/v2\/users\/2"}],"replies":[{"embeddable":true,"href":"https:\/\/radioljubuski.ba\/index.php\/wp-json\/wp\/v2\/comments?post=96562"}],"version-history":[{"count":1,"href":"https:\/\/radioljubuski.ba\/index.php\/wp-json\/wp\/v2\/posts\/96562\/revisions"}],"predecessor-version":[{"id":96563,"href":"https:\/\/radioljubuski.ba\/index.php\/wp-json\/wp\/v2\/posts\/96562\/revisions\/96563"}],"wp:featuredmedia":[{"embeddable":true,"href":"https:\/\/radioljubuski.ba\/index.php\/wp-json\/wp\/v2\/media\/94604"}],"wp:attachment":[{"href":"https:\/\/radioljubuski.ba\/index.php\/wp-json\/wp\/v2\/media?parent=96562"}],"wp:term":[{"taxonomy":"category","embeddable":true,"href":"https:\/\/radioljubuski.ba\/index.php\/wp-json\/wp\/v2\/categories?post=96562"},{"taxonomy":"post_tag","embeddable":true,"href":"https:\/\/radioljubuski.ba\/index.php\/wp-json\/wp\/v2\/tags?post=96562"}],"curies":[{"name":"wp","href":"https:\/\/api.w.org\/{rel}","templated":true}]}}