{"id":96566,"date":"2021-12-06T14:20:37","date_gmt":"2021-12-06T13:20:37","guid":{"rendered":"https:\/\/radioljubuski.ba\/?p=96566"},"modified":"2021-12-06T14:20:38","modified_gmt":"2021-12-06T13:20:38","slug":"uvedena-nova-znacajna-medicinska-usluga-za-dijagnosticiranje-poremecaja-iz-spektra-autizma-u-skb-mostar","status":"publish","type":"post","link":"https:\/\/radioljubuski.ba\/index.php\/2021\/12\/06\/uvedena-nova-znacajna-medicinska-usluga-za-dijagnosticiranje-poremecaja-iz-spektra-autizma-u-skb-mostar\/","title":{"rendered":"Uvedena nova, zna\u010dajna medicinska usluga za dijagnosticiranje poreme\u0107aja iz spektra autizma u SKB Mostar"},"content":{"rendered":"\n<p>Sveu\u010dili\u0161na klini\u010dka bolnica Mostar uvela je novu uslugu.<\/p>\n\n\n\n<p>&#8216;Zadovoljstvo nam je predstaviti javnosti novu uslugu koju smo od danas, 6. prosinca 2021. godine, uveli na Klinici za dje\u010dje bolesti Sveu\u010dili\u0161ne klini\u010dke bolnice Mostar, a rije\u010d je o primjeni opservacijskog protokola ADOS koji predstavlja \u201ezlatni standard\u201c u postupku dijagnostike poreme\u0107aja iz spektra autizma.&nbsp;<\/p>\n\n\n\n<p>Po na\u0161im saznanjima, SKB Mostar je prva ustanova &nbsp;u Bosni i Hercegovini koja, koriste\u0107i ovu metodu, dijagnosticira poreme\u0107aje iz spektra autizma (od 12 mjeseci do odrasle dobi). Navedeni test omogu\u0107ava standardiziranu procjenu komunikacijskih vje\u0161tina, interakcije, igre i sveukupnog op\u0107eg pona\u0161anja pojedinaca, te strukturirano kodiranje istih.&nbsp;<\/p>\n\n\n\n<p>Protokol se primjenjuje za djecu sa svim neurorazvojnim poreme\u0107ajima kao \u0161to su: intelektualna onesposobljenost, poreme\u0107aji u pona\u0161anju, pam\u0107enje u u\u010denju, poreme\u0107aj pozornosti i hiperaktivnost (ADHD), autizam, nerazvijen govor itd.&nbsp;<br>Ina\u010de, godi\u0161nji broj pregleda i tretmana djece sa neurorizi\u010dnim poreme\u0107ajima na Klinici za dje\u010dje bolesti SKB Mostar se okvirno kre\u0107e oko tisu\u0107u, no realne potrebe su znatno ve\u0107e.<\/p>\n\n\n\n<p>Zbog niskog socioekonomskog statusa obitelji kao i razli\u010ditih stresora koji patogeno utje\u010du na op\u0107i razvoj djeteta, broj neurorazvojnih poreme\u0107aja ima tendenciju rasta te \u0107e u budu\u0107nosti biti znatno ve\u0107i broj takve djece. &nbsp;U svijetu, primjerice, &nbsp;\u017eivi oko 53 milijuna djece mla\u0111e od 5 godina s te\u0161ko\u0107ama u razvoju.&nbsp;<\/p>\n\n\n\n<p>Svjesni spomenutih \u010dinjenica, vjerujemo kako \u0107emo u skoroj budu\u0107nosti, pored protokola ADOS-a, &nbsp;biti u mogu\u0107nosti razvijati programe prevencije i odgovoriti na specifi\u010dne zahtjeve adekvatnim dijagnosti\u010dko-terapijskim intervencijama djeci s neurorazvojim poreme\u0107ajima i njihovim obiteljima.&nbsp;<\/p>\n\n\n\n<p>Kontakt telefon na koji se mogu dobiti sve potrebne informacije u vremenu od 12-14 sati, svaki radni dan, je: 036\/ 341 967.<\/p>\n\n\n\n<p>ADOS protokoli jedan su iznimno zna\u010dajan iskorak kako u radu SKB Mostar tako i za djecu i obitelji koji \u0107e biti korisnici ovih usluga, a za koji su do sada morali i\u0107i u neki od prekograni\u010dnih bolni\u010dkih centara.&nbsp;<\/p>\n\n\n\n<p>Izvor:pogled.ba<\/p>\n","protected":false},"excerpt":{"rendered":"<p>Sveu\u010dili\u0161na klini\u010dka bolnica Mostar uvela je novu uslugu. &#8216;Zadovoljstvo nam je predstaviti javnosti novu uslugu koju smo od danas, 6. prosinca 2021. godine, uveli na Klinici za dje\u010dje bolesti Sveu\u010dili\u0161ne klini\u010dke bolnice Mostar, a rije\u010d je o primjeni opservacijskog protokola ADOS koji predstavlja \u201ezlatni standard\u201c u postupku dijagnostike poreme\u0107aja iz spektra autizma.&nbsp; Po na\u0161im saznanjima, [&hellip;]<\/p>\n","protected":false},"author":2,"featured_media":12479,"comment_status":"closed","ping_status":"closed","sticky":false,"template":"","format":"standard","meta":{"h5ap_radio_sources":[],"footnotes":""},"categories":[1],"tags":[],"class_list":["post-96566","post","type-post","status-publish","format-standard","has-post-thumbnail","hentry","category-bihiregija"],"yoast_head":"<!-- This site is optimized with the Yoast SEO plugin v27.5 - https:\/\/yoast.com\/product\/yoast-seo-wordpress\/ -->\n<title>Uvedena nova, zna\u010dajna medicinska usluga za dijagnosticiranje poreme\u0107aja iz spektra autizma u SKB Mostar - RADIO LJUBU\u0160KI<\/title>\n<meta name=\"robots\" content=\"index, follow, max-snippet:-1, max-image-preview:large, max-video-preview:-1\" \/>\n<link rel=\"canonical\" href=\"https:\/\/radioljubuski.ba\/index.php\/2021\/12\/06\/uvedena-nova-znacajna-medicinska-usluga-za-dijagnosticiranje-poremecaja-iz-spektra-autizma-u-skb-mostar\/\" \/>\n<meta property=\"og:locale\" content=\"hr_HR\" \/>\n<meta property=\"og:type\" content=\"article\" \/>\n<meta property=\"og:title\" content=\"Uvedena nova, zna\u010dajna medicinska usluga za dijagnosticiranje poreme\u0107aja iz spektra autizma u SKB Mostar - RADIO LJUBU\u0160KI\" \/>\n<meta property=\"og:description\" content=\"Sveu\u010dili\u0161na klini\u010dka bolnica Mostar uvela je novu uslugu. &#8216;Zadovoljstvo nam je predstaviti javnosti novu uslugu koju smo od danas, 6. prosinca 2021. godine, uveli na Klinici za dje\u010dje bolesti Sveu\u010dili\u0161ne klini\u010dke bolnice Mostar, a rije\u010d je o primjeni opservacijskog protokola ADOS koji predstavlja \u201ezlatni standard\u201c u postupku dijagnostike poreme\u0107aja iz spektra autizma.&nbsp; Po na\u0161im saznanjima, [&hellip;]\" \/>\n<meta property=\"og:url\" content=\"https:\/\/radioljubuski.ba\/index.php\/2021\/12\/06\/uvedena-nova-znacajna-medicinska-usluga-za-dijagnosticiranje-poremecaja-iz-spektra-autizma-u-skb-mostar\/\" \/>\n<meta property=\"og:site_name\" content=\"RADIO LJUBU\u0160KI\" \/>\n<meta property=\"article:publisher\" content=\"https:\/\/www.facebook.com\/Radiio-Ljubuski-1490835324566332\" \/>\n<meta property=\"article:published_time\" content=\"2021-12-06T13:20:37+00:00\" \/>\n<meta property=\"article:modified_time\" content=\"2021-12-06T13:20:38+00:00\" \/>\n<meta property=\"og:image\" content=\"https:\/\/radioljubuski.ba\/wp-content\/uploads\/2021\/04\/0b9FcEo3_skb-1.jpg\" \/>\n\t<meta property=\"og:image:width\" content=\"1000\" \/>\n\t<meta property=\"og:image:height\" content=\"625\" \/>\n\t<meta property=\"og:image:type\" content=\"image\/jpeg\" \/>\n<meta name=\"author\" content=\"Radio Ljubu\u0161ki\" \/>\n<meta name=\"twitter:card\" content=\"summary_large_image\" \/>\n<meta name=\"twitter:creator\" content=\"@radioljubuski\" \/>\n<meta name=\"twitter:site\" content=\"@radioljubuski\" \/>\n<meta name=\"twitter:label1\" content=\"Napisao\/la\" \/>\n\t<meta name=\"twitter:data1\" content=\"Radio Ljubu\u0161ki\" \/>\n\t<meta name=\"twitter:label2\" content=\"Procijenjeno vrijeme \u010ditanja\" \/>\n\t<meta name=\"twitter:data2\" content=\"2 minute\" \/>\n<script type=\"application\/ld+json\" class=\"yoast-schema-graph\">{\"@context\":\"https:\\\/\\\/schema.org\",\"@graph\":[{\"@type\":\"Article\",\"@id\":\"https:\\\/\\\/radioljubuski.ba\\\/index.php\\\/2021\\\/12\\\/06\\\/uvedena-nova-znacajna-medicinska-usluga-za-dijagnosticiranje-poremecaja-iz-spektra-autizma-u-skb-mostar\\\/#article\",\"isPartOf\":{\"@id\":\"https:\\\/\\\/radioljubuski.ba\\\/index.php\\\/2021\\\/12\\\/06\\\/uvedena-nova-znacajna-medicinska-usluga-za-dijagnosticiranje-poremecaja-iz-spektra-autizma-u-skb-mostar\\\/\"},\"author\":{\"name\":\"Radio Ljubu\u0161ki\",\"@id\":\"https:\\\/\\\/radioljubuski.ba\\\/#\\\/schema\\\/person\\\/19fc700381a780f69665d7956c469e3b\"},\"headline\":\"Uvedena nova, zna\u010dajna medicinska usluga za dijagnosticiranje poreme\u0107aja iz spektra autizma u SKB Mostar\",\"datePublished\":\"2021-12-06T13:20:37+00:00\",\"dateModified\":\"2021-12-06T13:20:38+00:00\",\"mainEntityOfPage\":{\"@id\":\"https:\\\/\\\/radioljubuski.ba\\\/index.php\\\/2021\\\/12\\\/06\\\/uvedena-nova-znacajna-medicinska-usluga-za-dijagnosticiranje-poremecaja-iz-spektra-autizma-u-skb-mostar\\\/\"},\"wordCount\":363,\"publisher\":{\"@id\":\"https:\\\/\\\/radioljubuski.ba\\\/#organization\"},\"image\":{\"@id\":\"https:\\\/\\\/radioljubuski.ba\\\/index.php\\\/2021\\\/12\\\/06\\\/uvedena-nova-znacajna-medicinska-usluga-za-dijagnosticiranje-poremecaja-iz-spektra-autizma-u-skb-mostar\\\/#primaryimage\"},\"thumbnailUrl\":\"https:\\\/\\\/radioljubuski.ba\\\/wp-content\\\/uploads\\\/2021\\\/04\\\/0b9FcEo3_skb-1.jpg\",\"articleSection\":[\"BIH i regija\"],\"inLanguage\":\"hr\"},{\"@type\":\"WebPage\",\"@id\":\"https:\\\/\\\/radioljubuski.ba\\\/index.php\\\/2021\\\/12\\\/06\\\/uvedena-nova-znacajna-medicinska-usluga-za-dijagnosticiranje-poremecaja-iz-spektra-autizma-u-skb-mostar\\\/\",\"url\":\"https:\\\/\\\/radioljubuski.ba\\\/index.php\\\/2021\\\/12\\\/06\\\/uvedena-nova-znacajna-medicinska-usluga-za-dijagnosticiranje-poremecaja-iz-spektra-autizma-u-skb-mostar\\\/\",\"name\":\"Uvedena nova, zna\u010dajna medicinska usluga za dijagnosticiranje poreme\u0107aja iz spektra autizma u SKB Mostar - RADIO LJUBU\u0160KI\",\"isPartOf\":{\"@id\":\"https:\\\/\\\/radioljubuski.ba\\\/#website\"},\"primaryImageOfPage\":{\"@id\":\"https:\\\/\\\/radioljubuski.ba\\\/index.php\\\/2021\\\/12\\\/06\\\/uvedena-nova-znacajna-medicinska-usluga-za-dijagnosticiranje-poremecaja-iz-spektra-autizma-u-skb-mostar\\\/#primaryimage\"},\"image\":{\"@id\":\"https:\\\/\\\/radioljubuski.ba\\\/index.php\\\/2021\\\/12\\\/06\\\/uvedena-nova-znacajna-medicinska-usluga-za-dijagnosticiranje-poremecaja-iz-spektra-autizma-u-skb-mostar\\\/#primaryimage\"},\"thumbnailUrl\":\"https:\\\/\\\/radioljubuski.ba\\\/wp-content\\\/uploads\\\/2021\\\/04\\\/0b9FcEo3_skb-1.jpg\",\"datePublished\":\"2021-12-06T13:20:37+00:00\",\"dateModified\":\"2021-12-06T13:20:38+00:00\",\"breadcrumb\":{\"@id\":\"https:\\\/\\\/radioljubuski.ba\\\/index.php\\\/2021\\\/12\\\/06\\\/uvedena-nova-znacajna-medicinska-usluga-za-dijagnosticiranje-poremecaja-iz-spektra-autizma-u-skb-mostar\\\/#breadcrumb\"},\"inLanguage\":\"hr\",\"potentialAction\":[{\"@type\":\"ReadAction\",\"target\":[\"https:\\\/\\\/radioljubuski.ba\\\/index.php\\\/2021\\\/12\\\/06\\\/uvedena-nova-znacajna-medicinska-usluga-za-dijagnosticiranje-poremecaja-iz-spektra-autizma-u-skb-mostar\\\/\"]}]},{\"@type\":\"ImageObject\",\"inLanguage\":\"hr\",\"@id\":\"https:\\\/\\\/radioljubuski.ba\\\/index.php\\\/2021\\\/12\\\/06\\\/uvedena-nova-znacajna-medicinska-usluga-za-dijagnosticiranje-poremecaja-iz-spektra-autizma-u-skb-mostar\\\/#primaryimage\",\"url\":\"https:\\\/\\\/radioljubuski.ba\\\/wp-content\\\/uploads\\\/2021\\\/04\\\/0b9FcEo3_skb-1.jpg\",\"contentUrl\":\"https:\\\/\\\/radioljubuski.ba\\\/wp-content\\\/uploads\\\/2021\\\/04\\\/0b9FcEo3_skb-1.jpg\",\"width\":1000,\"height\":625},{\"@type\":\"BreadcrumbList\",\"@id\":\"https:\\\/\\\/radioljubuski.ba\\\/index.php\\\/2021\\\/12\\\/06\\\/uvedena-nova-znacajna-medicinska-usluga-za-dijagnosticiranje-poremecaja-iz-spektra-autizma-u-skb-mostar\\\/#breadcrumb\",\"itemListElement\":[{\"@type\":\"ListItem\",\"position\":1,\"name\":\"Po\u010detna stranica\",\"item\":\"https:\\\/\\\/radioljubuski.ba\\\/\"},{\"@type\":\"ListItem\",\"position\":2,\"name\":\"Uvedena nova, zna\u010dajna medicinska usluga za dijagnosticiranje poreme\u0107aja iz spektra autizma u SKB Mostar\"}]},{\"@type\":\"WebSite\",\"@id\":\"https:\\\/\\\/radioljubuski.ba\\\/#website\",\"url\":\"https:\\\/\\\/radioljubuski.ba\\\/\",\"name\":\"Radio Ljubu\u0161ki\",\"description\":\"Sun\u010dana frekvencija Hercegovine\",\"publisher\":{\"@id\":\"https:\\\/\\\/radioljubuski.ba\\\/#organization\"},\"potentialAction\":[{\"@type\":\"SearchAction\",\"target\":{\"@type\":\"EntryPoint\",\"urlTemplate\":\"https:\\\/\\\/radioljubuski.ba\\\/?s={search_term_string}\"},\"query-input\":{\"@type\":\"PropertyValueSpecification\",\"valueRequired\":true,\"valueName\":\"search_term_string\"}}],\"inLanguage\":\"hr\"},{\"@type\":\"Organization\",\"@id\":\"https:\\\/\\\/radioljubuski.ba\\\/#organization\",\"name\":\"Radio Ljubu\u0161ki\",\"url\":\"https:\\\/\\\/radioljubuski.ba\\\/\",\"logo\":{\"@type\":\"ImageObject\",\"inLanguage\":\"hr\",\"@id\":\"https:\\\/\\\/radioljubuski.ba\\\/#\\\/schema\\\/logo\\\/image\\\/\",\"url\":\"https:\\\/\\\/radioljubuski.ba\\\/wp-content\\\/uploads\\\/2021\\\/02\\\/cropped-Radio_Ljubuski_logo1.jpg\",\"contentUrl\":\"https:\\\/\\\/radioljubuski.ba\\\/wp-content\\\/uploads\\\/2021\\\/02\\\/cropped-Radio_Ljubuski_logo1.jpg\",\"width\":512,\"height\":512,\"caption\":\"Radio Ljubu\u0161ki\"},\"image\":{\"@id\":\"https:\\\/\\\/radioljubuski.ba\\\/#\\\/schema\\\/logo\\\/image\\\/\"},\"sameAs\":[\"https:\\\/\\\/www.facebook.com\\\/Radiio-Ljubuski-1490835324566332\",\"https:\\\/\\\/x.com\\\/radioljubuski\",\"https:\\\/\\\/hr.linkedin.com\\\/company\\\/radio-ljubuski\",\"https:\\\/\\\/www.youtube.com\\\/channel\\\/UCHYaeO_n0Db3tjNGudGpXyw\"]},{\"@type\":\"Person\",\"@id\":\"https:\\\/\\\/radioljubuski.ba\\\/#\\\/schema\\\/person\\\/19fc700381a780f69665d7956c469e3b\",\"name\":\"Radio Ljubu\u0161ki\"}]}<\/script>\n<!-- \/ Yoast SEO plugin. -->","yoast_head_json":{"title":"Uvedena nova, zna\u010dajna medicinska usluga za dijagnosticiranje poreme\u0107aja iz spektra autizma u SKB Mostar - RADIO LJUBU\u0160KI","robots":{"index":"index","follow":"follow","max-snippet":"max-snippet:-1","max-image-preview":"max-image-preview:large","max-video-preview":"max-video-preview:-1"},"canonical":"https:\/\/radioljubuski.ba\/index.php\/2021\/12\/06\/uvedena-nova-znacajna-medicinska-usluga-za-dijagnosticiranje-poremecaja-iz-spektra-autizma-u-skb-mostar\/","og_locale":"hr_HR","og_type":"article","og_title":"Uvedena nova, zna\u010dajna medicinska usluga za dijagnosticiranje poreme\u0107aja iz spektra autizma u SKB Mostar - RADIO LJUBU\u0160KI","og_description":"Sveu\u010dili\u0161na klini\u010dka bolnica Mostar uvela je novu uslugu. &#8216;Zadovoljstvo nam je predstaviti javnosti novu uslugu koju smo od danas, 6. prosinca 2021. godine, uveli na Klinici za dje\u010dje bolesti Sveu\u010dili\u0161ne klini\u010dke bolnice Mostar, a rije\u010d je o primjeni opservacijskog protokola ADOS koji predstavlja \u201ezlatni standard\u201c u postupku dijagnostike poreme\u0107aja iz spektra autizma.&nbsp; Po na\u0161im saznanjima, [&hellip;]","og_url":"https:\/\/radioljubuski.ba\/index.php\/2021\/12\/06\/uvedena-nova-znacajna-medicinska-usluga-za-dijagnosticiranje-poremecaja-iz-spektra-autizma-u-skb-mostar\/","og_site_name":"RADIO LJUBU\u0160KI","article_publisher":"https:\/\/www.facebook.com\/Radiio-Ljubuski-1490835324566332","article_published_time":"2021-12-06T13:20:37+00:00","article_modified_time":"2021-12-06T13:20:38+00:00","og_image":[{"width":1000,"height":625,"url":"https:\/\/radioljubuski.ba\/wp-content\/uploads\/2021\/04\/0b9FcEo3_skb-1.jpg","type":"image\/jpeg"}],"author":"Radio Ljubu\u0161ki","twitter_card":"summary_large_image","twitter_creator":"@radioljubuski","twitter_site":"@radioljubuski","twitter_misc":{"Napisao\/la":"Radio Ljubu\u0161ki","Procijenjeno vrijeme \u010ditanja":"2 minute"},"schema":{"@context":"https:\/\/schema.org","@graph":[{"@type":"Article","@id":"https:\/\/radioljubuski.ba\/index.php\/2021\/12\/06\/uvedena-nova-znacajna-medicinska-usluga-za-dijagnosticiranje-poremecaja-iz-spektra-autizma-u-skb-mostar\/#article","isPartOf":{"@id":"https:\/\/radioljubuski.ba\/index.php\/2021\/12\/06\/uvedena-nova-znacajna-medicinska-usluga-za-dijagnosticiranje-poremecaja-iz-spektra-autizma-u-skb-mostar\/"},"author":{"name":"Radio Ljubu\u0161ki","@id":"https:\/\/radioljubuski.ba\/#\/schema\/person\/19fc700381a780f69665d7956c469e3b"},"headline":"Uvedena nova, zna\u010dajna medicinska usluga za dijagnosticiranje poreme\u0107aja iz spektra autizma u SKB Mostar","datePublished":"2021-12-06T13:20:37+00:00","dateModified":"2021-12-06T13:20:38+00:00","mainEntityOfPage":{"@id":"https:\/\/radioljubuski.ba\/index.php\/2021\/12\/06\/uvedena-nova-znacajna-medicinska-usluga-za-dijagnosticiranje-poremecaja-iz-spektra-autizma-u-skb-mostar\/"},"wordCount":363,"publisher":{"@id":"https:\/\/radioljubuski.ba\/#organization"},"image":{"@id":"https:\/\/radioljubuski.ba\/index.php\/2021\/12\/06\/uvedena-nova-znacajna-medicinska-usluga-za-dijagnosticiranje-poremecaja-iz-spektra-autizma-u-skb-mostar\/#primaryimage"},"thumbnailUrl":"https:\/\/radioljubuski.ba\/wp-content\/uploads\/2021\/04\/0b9FcEo3_skb-1.jpg","articleSection":["BIH i regija"],"inLanguage":"hr"},{"@type":"WebPage","@id":"https:\/\/radioljubuski.ba\/index.php\/2021\/12\/06\/uvedena-nova-znacajna-medicinska-usluga-za-dijagnosticiranje-poremecaja-iz-spektra-autizma-u-skb-mostar\/","url":"https:\/\/radioljubuski.ba\/index.php\/2021\/12\/06\/uvedena-nova-znacajna-medicinska-usluga-za-dijagnosticiranje-poremecaja-iz-spektra-autizma-u-skb-mostar\/","name":"Uvedena nova, zna\u010dajna medicinska usluga za dijagnosticiranje poreme\u0107aja iz spektra autizma u SKB Mostar - RADIO LJUBU\u0160KI","isPartOf":{"@id":"https:\/\/radioljubuski.ba\/#website"},"primaryImageOfPage":{"@id":"https:\/\/radioljubuski.ba\/index.php\/2021\/12\/06\/uvedena-nova-znacajna-medicinska-usluga-za-dijagnosticiranje-poremecaja-iz-spektra-autizma-u-skb-mostar\/#primaryimage"},"image":{"@id":"https:\/\/radioljubuski.ba\/index.php\/2021\/12\/06\/uvedena-nova-znacajna-medicinska-usluga-za-dijagnosticiranje-poremecaja-iz-spektra-autizma-u-skb-mostar\/#primaryimage"},"thumbnailUrl":"https:\/\/radioljubuski.ba\/wp-content\/uploads\/2021\/04\/0b9FcEo3_skb-1.jpg","datePublished":"2021-12-06T13:20:37+00:00","dateModified":"2021-12-06T13:20:38+00:00","breadcrumb":{"@id":"https:\/\/radioljubuski.ba\/index.php\/2021\/12\/06\/uvedena-nova-znacajna-medicinska-usluga-za-dijagnosticiranje-poremecaja-iz-spektra-autizma-u-skb-mostar\/#breadcrumb"},"inLanguage":"hr","potentialAction":[{"@type":"ReadAction","target":["https:\/\/radioljubuski.ba\/index.php\/2021\/12\/06\/uvedena-nova-znacajna-medicinska-usluga-za-dijagnosticiranje-poremecaja-iz-spektra-autizma-u-skb-mostar\/"]}]},{"@type":"ImageObject","inLanguage":"hr","@id":"https:\/\/radioljubuski.ba\/index.php\/2021\/12\/06\/uvedena-nova-znacajna-medicinska-usluga-za-dijagnosticiranje-poremecaja-iz-spektra-autizma-u-skb-mostar\/#primaryimage","url":"https:\/\/radioljubuski.ba\/wp-content\/uploads\/2021\/04\/0b9FcEo3_skb-1.jpg","contentUrl":"https:\/\/radioljubuski.ba\/wp-content\/uploads\/2021\/04\/0b9FcEo3_skb-1.jpg","width":1000,"height":625},{"@type":"BreadcrumbList","@id":"https:\/\/radioljubuski.ba\/index.php\/2021\/12\/06\/uvedena-nova-znacajna-medicinska-usluga-za-dijagnosticiranje-poremecaja-iz-spektra-autizma-u-skb-mostar\/#breadcrumb","itemListElement":[{"@type":"ListItem","position":1,"name":"Po\u010detna stranica","item":"https:\/\/radioljubuski.ba\/"},{"@type":"ListItem","position":2,"name":"Uvedena nova, zna\u010dajna medicinska usluga za dijagnosticiranje poreme\u0107aja iz spektra autizma u SKB Mostar"}]},{"@type":"WebSite","@id":"https:\/\/radioljubuski.ba\/#website","url":"https:\/\/radioljubuski.ba\/","name":"Radio Ljubu\u0161ki","description":"Sun\u010dana frekvencija Hercegovine","publisher":{"@id":"https:\/\/radioljubuski.ba\/#organization"},"potentialAction":[{"@type":"SearchAction","target":{"@type":"EntryPoint","urlTemplate":"https:\/\/radioljubuski.ba\/?s={search_term_string}"},"query-input":{"@type":"PropertyValueSpecification","valueRequired":true,"valueName":"search_term_string"}}],"inLanguage":"hr"},{"@type":"Organization","@id":"https:\/\/radioljubuski.ba\/#organization","name":"Radio Ljubu\u0161ki","url":"https:\/\/radioljubuski.ba\/","logo":{"@type":"ImageObject","inLanguage":"hr","@id":"https:\/\/radioljubuski.ba\/#\/schema\/logo\/image\/","url":"https:\/\/radioljubuski.ba\/wp-content\/uploads\/2021\/02\/cropped-Radio_Ljubuski_logo1.jpg","contentUrl":"https:\/\/radioljubuski.ba\/wp-content\/uploads\/2021\/02\/cropped-Radio_Ljubuski_logo1.jpg","width":512,"height":512,"caption":"Radio Ljubu\u0161ki"},"image":{"@id":"https:\/\/radioljubuski.ba\/#\/schema\/logo\/image\/"},"sameAs":["https:\/\/www.facebook.com\/Radiio-Ljubuski-1490835324566332","https:\/\/x.com\/radioljubuski","https:\/\/hr.linkedin.com\/company\/radio-ljubuski","https:\/\/www.youtube.com\/channel\/UCHYaeO_n0Db3tjNGudGpXyw"]},{"@type":"Person","@id":"https:\/\/radioljubuski.ba\/#\/schema\/person\/19fc700381a780f69665d7956c469e3b","name":"Radio Ljubu\u0161ki"}]}},"_links":{"self":[{"href":"https:\/\/radioljubuski.ba\/index.php\/wp-json\/wp\/v2\/posts\/96566","targetHints":{"allow":["GET"]}}],"collection":[{"href":"https:\/\/radioljubuski.ba\/index.php\/wp-json\/wp\/v2\/posts"}],"about":[{"href":"https:\/\/radioljubuski.ba\/index.php\/wp-json\/wp\/v2\/types\/post"}],"author":[{"embeddable":true,"href":"https:\/\/radioljubuski.ba\/index.php\/wp-json\/wp\/v2\/users\/2"}],"replies":[{"embeddable":true,"href":"https:\/\/radioljubuski.ba\/index.php\/wp-json\/wp\/v2\/comments?post=96566"}],"version-history":[{"count":1,"href":"https:\/\/radioljubuski.ba\/index.php\/wp-json\/wp\/v2\/posts\/96566\/revisions"}],"predecessor-version":[{"id":96567,"href":"https:\/\/radioljubuski.ba\/index.php\/wp-json\/wp\/v2\/posts\/96566\/revisions\/96567"}],"wp:featuredmedia":[{"embeddable":true,"href":"https:\/\/radioljubuski.ba\/index.php\/wp-json\/wp\/v2\/media\/12479"}],"wp:attachment":[{"href":"https:\/\/radioljubuski.ba\/index.php\/wp-json\/wp\/v2\/media?parent=96566"}],"wp:term":[{"taxonomy":"category","embeddable":true,"href":"https:\/\/radioljubuski.ba\/index.php\/wp-json\/wp\/v2\/categories?post=96566"},{"taxonomy":"post_tag","embeddable":true,"href":"https:\/\/radioljubuski.ba\/index.php\/wp-json\/wp\/v2\/tags?post=96566"}],"curies":[{"name":"wp","href":"https:\/\/api.w.org\/{rel}","templated":true}]}}