{"id":96571,"date":"2021-12-06T14:24:35","date_gmt":"2021-12-06T13:24:35","guid":{"rendered":"https:\/\/radioljubuski.ba\/?p=96571"},"modified":"2021-12-06T14:24:35","modified_gmt":"2021-12-06T13:24:35","slug":"nacrt-zakona-u-austriji-nisi-se-cijepio-kazna-600-eura-i-tako-svaka-3-mjeseca","status":"publish","type":"post","link":"https:\/\/radioljubuski.ba\/index.php\/2021\/12\/06\/nacrt-zakona-u-austriji-nisi-se-cijepio-kazna-600-eura-i-tako-svaka-3-mjeseca\/","title":{"rendered":"Nacrt zakona u Austriji: Nisi se cijepio? Kazna 600 eura! I tako svaka 3 mjeseca"},"content":{"rendered":"\n<p>Austrijski mediji objavili su nacrt zakona prema kojem \u0107e cijepljenje protiv koronavirusa biti obavezno u Austriji od 1. velja\u010de 2022., a doznaje se i da \u0107e oni koji se odbiju cijepiti i nakon \u0161to dobiju poziv od ministra zdravstva Wolfganga M\u00fccksteina biti ka\u017enjeni.<\/p>\n\n\n\n<p>Tako austrijski Heute pi\u0161e da \u0107e osobe koje ve\u0107 od 15. o\u017eujka u svojoj e-cijepnoj ispravi ne\u0107e imati potvrdu da su cijepljene biti ka\u017enjene s do 600 eura.<\/p>\n\n\n\n<p><strong>Godi\u0161nje kazne i do 2400 eura<\/strong><\/p>\n\n\n\n<p>Ako pak i tri mjeseca nakon toga osoba i dalje ne\u0107e biti cijepljena, vlasti \u0107e mu &#8220;odrezati&#8221; jo\u0161 do 600 eura kazne i tako sva tri mjeseca. Prema prijedlogu austrijskog Zakona, tako \u0107e osobe koje odbijaju cijepljenje godi\u0161nje morati pla\u0107ati do 2400 eura kazne, prenosi <a href=\"https:\/\/net.hr\/danas\/svijet\/koronavirus-svatko-tko-se-u-austriji-odbije-cijepiti-bit-ce-kaznjen-s-600-eura-i-tako-svaka-tri-mjeseca-bfd592c0-5669-11ec-b677-3acb0497e8b8?utm_source=netFB&amp;utm_medium=post&amp;utm_campaign=organic&amp;fbclid=IwAR1jqC35baRJdJ8tTpkkDU3pTtC1Kap141LvltIDgNCHypcT-Aei-_5akPs\" target=\"_blank\" rel=\"noreferrer noopener\">Net.hr.<\/a><\/p>\n\n\n\n<p>Iznimke su, naravno, predvi\u0111ene te se tako cijepiti na poziv ne\u0107e morati oni koji mogu dokazati da su u prethodnih \u0161est mjeseci preboljeli koronavirus, oni koji imaju medicinsku potvrdu da je cijepljenje protiv covida za njih kontraindicirano zbog zdravstvenih problema, djeca mla\u0111a od 14 godina i trudnice.<\/p>\n\n\n\n<p>Heute doznaje i to da \u0107e novocijepljeni drugu dozu morati primiti najranije 14 dana nakon prve doze, a najkasnije nakon 42 dana. Tre\u0107u dozu morat \u0107e primiti izme\u0111u 120 i najkasnije 270 dana od druge doze.<\/p>\n\n\n\n<p>Ako netko kojim slu\u010dajem odbije platiti kaznu, prijedlog austrijskog zakona govori da \u0107e se i to smatrati prekr\u0161ajem, a kazna za taj prekr\u0161aj \u0107e biti 3600 eura.<\/p>\n\n\n\n<p><strong>Od sredine studenoga lockdown za necijepljene<\/strong><\/p>\n\n\n\n<p>Necijepljeni su u Austriji ve\u0107 ranije izlo\u017eeni strogim ograni\u010denjima kretanja i kontakata te je od 15. studenoga na snazi i lockdown za cijepljene. &#8220;Te\u0161ka srca smo se odlu\u010dili na ovaj korak&#8221;, kazao je tim povodom tada austrijski kancelar Alexander Schallenberg.<\/p>\n\n\n\n<p>Prevagnulo je zasigurno stanje u bolnicama koje su se zbog pretrpanosti oboljelih od koronavirusa pripremale za trija\u017eu koja bi nalikovala ratnoj (odlu\u010divalo bi se tko \u0107e od pristiglih oboljelih prije i\u0107i na lije\u010denje, a tko bi potencijalno morao \u010dekati da se oslobodi mjesto u bolnici).<\/p>\n\n\n\n<p>Jedna bolnica u Gornjoj Austriji u dva je dana imala toliko umrlih od koronavirusa da vi\u0161e nisu imali mjesta u mrtva\u010dnici te su tijela odlagali kako su se mogli sna\u0107i. &#8220;Trupla smo zbog pretrpanosti morali smje\u0161tati po hodniku&#8221;, za APA je kazala medicinska radnica.<\/p>\n\n\n\n<p><strong>Porastao interes za cijepljenje<\/strong><\/p>\n\n\n\n<p>Desetak je dana kasnije u Austriji, koja se donedavno tu\u017eila na preniskih 65 posto potpuno cijepljenih stanovnika, porastao interes za cijepljenje &#8211; Be\u010d je tako zabilje\u017eio 12 puta vi\u0161e cijepljenja dnevno nego dva tjedna ranije, a za 10 do 15 posto je diljem zemlje porastao i interes onih koji su oti\u0161li do prvu dozu cjepiva protiv koronavirus.<\/p>\n\n\n\n<p>Broji su mediji, uklju\u010duju\u0107i austrijske, njema\u010dke, \u0161vicarske i druge, prije nekoliko dana izvje\u0161tavaju\u0107i o protestu protiv epidemiolo\u0161kih mjera u Zagrebu navodili za Hrvatsku da se radi o &#8220;zemlji u kojoj je samo 46,4 posto stanovnika potpuno cijepljeno&#8221;.<\/p>\n\n\n\n<p>Glavni stru\u010dnjak za zdravstvo SPD-a Njema\u010dke Karl Lauterbach javno je zatra\u017eio uvo\u0111enje zabrane ulaska u javne prostore svima koji nisu ili cijepljeni ili preboljeli, a usto moraju imati i negativan brzi test.<\/p>\n\n\n\n<p>Njema\u010dka je imala 687 novooboljelih na svakih milijun stanovnika, a prosje\u010dno umrlih dnevno na milijun stanovnika Njema\u010dka je tada imala 3,51 umrlih od korone, dok je, usporedbe radi, Hrvatska imala tjednu incidenciju zara\u017eenih od 1090 na milijun stanovnika i bila na 16,17 umrlih na milijun stanovnika dnevno.<\/p>\n\n\n\n<p>Angela Merkel i njen nasljednik Olaf Scholz brzo su se slo\u017eili oko Lauterbachovog prijedloga te se u Njema\u010dkoj sve glasnije govori o mogu\u0107nosti uvo\u0111enja obaveznog cijepljenja.<\/p>\n\n\n\n<p>&#8220;Dugo je vladao politi\u010dki konsenzus oko toga da ne \u017eelimo obvezno cijepljenje u na\u0161oj zemlji, ali moramo pogledati stvarnosti u o\u010di. Dugo, mo\u017eda i predugo, smo mislili da \u0107emo uspjeti uvjeriti ljude da se cijepe dobrovoljno. Ne \u017eelimo peti val, ne \u017eelimo \u0161esti, ni sedmi val&#8221;, poru\u010dio je prije nekoliko tjedana tada\u0161nji austrijski kancelar Alexander Schallenberg.<\/p>\n\n\n\n<p>Izvor:net.hr<\/p>\n","protected":false},"excerpt":{"rendered":"<p>Austrijski mediji objavili su nacrt zakona prema kojem \u0107e cijepljenje protiv koronavirusa biti obavezno u Austriji od 1. velja\u010de 2022., a doznaje se i da \u0107e oni koji se odbiju cijepiti i nakon \u0161to dobiju poziv od ministra zdravstva Wolfganga M\u00fccksteina biti ka\u017enjeni. Tako austrijski Heute pi\u0161e da \u0107e osobe koje ve\u0107 od 15. o\u017eujka [&hellip;]<\/p>\n","protected":false},"author":2,"featured_media":45625,"comment_status":"closed","ping_status":"closed","sticky":false,"template":"","format":"standard","meta":{"h5ap_radio_sources":[],"footnotes":""},"categories":[1],"tags":[],"class_list":["post-96571","post","type-post","status-publish","format-standard","has-post-thumbnail","hentry","category-bihiregija"],"yoast_head":"<!-- This site is optimized with the Yoast SEO plugin v27.5 - https:\/\/yoast.com\/product\/yoast-seo-wordpress\/ -->\n<title>Nacrt zakona u Austriji: Nisi se cijepio? Kazna 600 eura! I tako svaka 3 mjeseca - RADIO LJUBU\u0160KI<\/title>\n<meta name=\"robots\" content=\"index, follow, max-snippet:-1, max-image-preview:large, max-video-preview:-1\" \/>\n<link rel=\"canonical\" href=\"https:\/\/radioljubuski.ba\/index.php\/2021\/12\/06\/nacrt-zakona-u-austriji-nisi-se-cijepio-kazna-600-eura-i-tako-svaka-3-mjeseca\/\" \/>\n<meta property=\"og:locale\" content=\"hr_HR\" \/>\n<meta property=\"og:type\" content=\"article\" \/>\n<meta property=\"og:title\" content=\"Nacrt zakona u Austriji: Nisi se cijepio? Kazna 600 eura! I tako svaka 3 mjeseca - RADIO LJUBU\u0160KI\" \/>\n<meta property=\"og:description\" content=\"Austrijski mediji objavili su nacrt zakona prema kojem \u0107e cijepljenje protiv koronavirusa biti obavezno u Austriji od 1. velja\u010de 2022., a doznaje se i da \u0107e oni koji se odbiju cijepiti i nakon \u0161to dobiju poziv od ministra zdravstva Wolfganga M\u00fccksteina biti ka\u017enjeni. Tako austrijski Heute pi\u0161e da \u0107e osobe koje ve\u0107 od 15. o\u017eujka [&hellip;]\" \/>\n<meta property=\"og:url\" content=\"https:\/\/radioljubuski.ba\/index.php\/2021\/12\/06\/nacrt-zakona-u-austriji-nisi-se-cijepio-kazna-600-eura-i-tako-svaka-3-mjeseca\/\" \/>\n<meta property=\"og:site_name\" content=\"RADIO LJUBU\u0160KI\" \/>\n<meta property=\"article:publisher\" content=\"https:\/\/www.facebook.com\/Radiio-Ljubuski-1490835324566332\" \/>\n<meta property=\"article:published_time\" content=\"2021-12-06T13:24:35+00:00\" \/>\n<meta property=\"og:image\" content=\"https:\/\/radioljubuski.ba\/wp-content\/uploads\/2021\/07\/BRSFOxtr_austrija_slovenija_koronavirus.jpg\" \/>\n\t<meta property=\"og:image:width\" content=\"1000\" \/>\n\t<meta property=\"og:image:height\" content=\"625\" \/>\n\t<meta property=\"og:image:type\" content=\"image\/jpeg\" \/>\n<meta name=\"author\" content=\"Radio Ljubu\u0161ki\" \/>\n<meta name=\"twitter:card\" content=\"summary_large_image\" \/>\n<meta name=\"twitter:creator\" content=\"@radioljubuski\" \/>\n<meta name=\"twitter:site\" content=\"@radioljubuski\" \/>\n<meta name=\"twitter:label1\" content=\"Napisao\/la\" \/>\n\t<meta name=\"twitter:data1\" content=\"Radio Ljubu\u0161ki\" \/>\n\t<meta name=\"twitter:label2\" content=\"Procijenjeno vrijeme \u010ditanja\" \/>\n\t<meta name=\"twitter:data2\" content=\"3 minute\" \/>\n<script type=\"application\/ld+json\" class=\"yoast-schema-graph\">{\"@context\":\"https:\\\/\\\/schema.org\",\"@graph\":[{\"@type\":\"Article\",\"@id\":\"https:\\\/\\\/radioljubuski.ba\\\/index.php\\\/2021\\\/12\\\/06\\\/nacrt-zakona-u-austriji-nisi-se-cijepio-kazna-600-eura-i-tako-svaka-3-mjeseca\\\/#article\",\"isPartOf\":{\"@id\":\"https:\\\/\\\/radioljubuski.ba\\\/index.php\\\/2021\\\/12\\\/06\\\/nacrt-zakona-u-austriji-nisi-se-cijepio-kazna-600-eura-i-tako-svaka-3-mjeseca\\\/\"},\"author\":{\"name\":\"Radio Ljubu\u0161ki\",\"@id\":\"https:\\\/\\\/radioljubuski.ba\\\/#\\\/schema\\\/person\\\/19fc700381a780f69665d7956c469e3b\"},\"headline\":\"Nacrt zakona u Austriji: Nisi se cijepio? Kazna 600 eura! I tako svaka 3 mjeseca\",\"datePublished\":\"2021-12-06T13:24:35+00:00\",\"mainEntityOfPage\":{\"@id\":\"https:\\\/\\\/radioljubuski.ba\\\/index.php\\\/2021\\\/12\\\/06\\\/nacrt-zakona-u-austriji-nisi-se-cijepio-kazna-600-eura-i-tako-svaka-3-mjeseca\\\/\"},\"wordCount\":680,\"publisher\":{\"@id\":\"https:\\\/\\\/radioljubuski.ba\\\/#organization\"},\"image\":{\"@id\":\"https:\\\/\\\/radioljubuski.ba\\\/index.php\\\/2021\\\/12\\\/06\\\/nacrt-zakona-u-austriji-nisi-se-cijepio-kazna-600-eura-i-tako-svaka-3-mjeseca\\\/#primaryimage\"},\"thumbnailUrl\":\"https:\\\/\\\/radioljubuski.ba\\\/wp-content\\\/uploads\\\/2021\\\/07\\\/BRSFOxtr_austrija_slovenija_koronavirus.jpg\",\"articleSection\":[\"BIH i regija\"],\"inLanguage\":\"hr\"},{\"@type\":\"WebPage\",\"@id\":\"https:\\\/\\\/radioljubuski.ba\\\/index.php\\\/2021\\\/12\\\/06\\\/nacrt-zakona-u-austriji-nisi-se-cijepio-kazna-600-eura-i-tako-svaka-3-mjeseca\\\/\",\"url\":\"https:\\\/\\\/radioljubuski.ba\\\/index.php\\\/2021\\\/12\\\/06\\\/nacrt-zakona-u-austriji-nisi-se-cijepio-kazna-600-eura-i-tako-svaka-3-mjeseca\\\/\",\"name\":\"Nacrt zakona u Austriji: Nisi se cijepio? Kazna 600 eura! I tako svaka 3 mjeseca - RADIO LJUBU\u0160KI\",\"isPartOf\":{\"@id\":\"https:\\\/\\\/radioljubuski.ba\\\/#website\"},\"primaryImageOfPage\":{\"@id\":\"https:\\\/\\\/radioljubuski.ba\\\/index.php\\\/2021\\\/12\\\/06\\\/nacrt-zakona-u-austriji-nisi-se-cijepio-kazna-600-eura-i-tako-svaka-3-mjeseca\\\/#primaryimage\"},\"image\":{\"@id\":\"https:\\\/\\\/radioljubuski.ba\\\/index.php\\\/2021\\\/12\\\/06\\\/nacrt-zakona-u-austriji-nisi-se-cijepio-kazna-600-eura-i-tako-svaka-3-mjeseca\\\/#primaryimage\"},\"thumbnailUrl\":\"https:\\\/\\\/radioljubuski.ba\\\/wp-content\\\/uploads\\\/2021\\\/07\\\/BRSFOxtr_austrija_slovenija_koronavirus.jpg\",\"datePublished\":\"2021-12-06T13:24:35+00:00\",\"breadcrumb\":{\"@id\":\"https:\\\/\\\/radioljubuski.ba\\\/index.php\\\/2021\\\/12\\\/06\\\/nacrt-zakona-u-austriji-nisi-se-cijepio-kazna-600-eura-i-tako-svaka-3-mjeseca\\\/#breadcrumb\"},\"inLanguage\":\"hr\",\"potentialAction\":[{\"@type\":\"ReadAction\",\"target\":[\"https:\\\/\\\/radioljubuski.ba\\\/index.php\\\/2021\\\/12\\\/06\\\/nacrt-zakona-u-austriji-nisi-se-cijepio-kazna-600-eura-i-tako-svaka-3-mjeseca\\\/\"]}]},{\"@type\":\"ImageObject\",\"inLanguage\":\"hr\",\"@id\":\"https:\\\/\\\/radioljubuski.ba\\\/index.php\\\/2021\\\/12\\\/06\\\/nacrt-zakona-u-austriji-nisi-se-cijepio-kazna-600-eura-i-tako-svaka-3-mjeseca\\\/#primaryimage\",\"url\":\"https:\\\/\\\/radioljubuski.ba\\\/wp-content\\\/uploads\\\/2021\\\/07\\\/BRSFOxtr_austrija_slovenija_koronavirus.jpg\",\"contentUrl\":\"https:\\\/\\\/radioljubuski.ba\\\/wp-content\\\/uploads\\\/2021\\\/07\\\/BRSFOxtr_austrija_slovenija_koronavirus.jpg\",\"width\":1000,\"height\":625},{\"@type\":\"BreadcrumbList\",\"@id\":\"https:\\\/\\\/radioljubuski.ba\\\/index.php\\\/2021\\\/12\\\/06\\\/nacrt-zakona-u-austriji-nisi-se-cijepio-kazna-600-eura-i-tako-svaka-3-mjeseca\\\/#breadcrumb\",\"itemListElement\":[{\"@type\":\"ListItem\",\"position\":1,\"name\":\"Po\u010detna stranica\",\"item\":\"https:\\\/\\\/radioljubuski.ba\\\/\"},{\"@type\":\"ListItem\",\"position\":2,\"name\":\"Nacrt zakona u Austriji: Nisi se cijepio? Kazna 600 eura! I tako svaka 3 mjeseca\"}]},{\"@type\":\"WebSite\",\"@id\":\"https:\\\/\\\/radioljubuski.ba\\\/#website\",\"url\":\"https:\\\/\\\/radioljubuski.ba\\\/\",\"name\":\"Radio Ljubu\u0161ki\",\"description\":\"Sun\u010dana frekvencija Hercegovine\",\"publisher\":{\"@id\":\"https:\\\/\\\/radioljubuski.ba\\\/#organization\"},\"potentialAction\":[{\"@type\":\"SearchAction\",\"target\":{\"@type\":\"EntryPoint\",\"urlTemplate\":\"https:\\\/\\\/radioljubuski.ba\\\/?s={search_term_string}\"},\"query-input\":{\"@type\":\"PropertyValueSpecification\",\"valueRequired\":true,\"valueName\":\"search_term_string\"}}],\"inLanguage\":\"hr\"},{\"@type\":\"Organization\",\"@id\":\"https:\\\/\\\/radioljubuski.ba\\\/#organization\",\"name\":\"Radio Ljubu\u0161ki\",\"url\":\"https:\\\/\\\/radioljubuski.ba\\\/\",\"logo\":{\"@type\":\"ImageObject\",\"inLanguage\":\"hr\",\"@id\":\"https:\\\/\\\/radioljubuski.ba\\\/#\\\/schema\\\/logo\\\/image\\\/\",\"url\":\"https:\\\/\\\/radioljubuski.ba\\\/wp-content\\\/uploads\\\/2021\\\/02\\\/cropped-Radio_Ljubuski_logo1.jpg\",\"contentUrl\":\"https:\\\/\\\/radioljubuski.ba\\\/wp-content\\\/uploads\\\/2021\\\/02\\\/cropped-Radio_Ljubuski_logo1.jpg\",\"width\":512,\"height\":512,\"caption\":\"Radio Ljubu\u0161ki\"},\"image\":{\"@id\":\"https:\\\/\\\/radioljubuski.ba\\\/#\\\/schema\\\/logo\\\/image\\\/\"},\"sameAs\":[\"https:\\\/\\\/www.facebook.com\\\/Radiio-Ljubuski-1490835324566332\",\"https:\\\/\\\/x.com\\\/radioljubuski\",\"https:\\\/\\\/hr.linkedin.com\\\/company\\\/radio-ljubuski\",\"https:\\\/\\\/www.youtube.com\\\/channel\\\/UCHYaeO_n0Db3tjNGudGpXyw\"]},{\"@type\":\"Person\",\"@id\":\"https:\\\/\\\/radioljubuski.ba\\\/#\\\/schema\\\/person\\\/19fc700381a780f69665d7956c469e3b\",\"name\":\"Radio Ljubu\u0161ki\"}]}<\/script>\n<!-- \/ Yoast SEO plugin. -->","yoast_head_json":{"title":"Nacrt zakona u Austriji: Nisi se cijepio? Kazna 600 eura! I tako svaka 3 mjeseca - RADIO LJUBU\u0160KI","robots":{"index":"index","follow":"follow","max-snippet":"max-snippet:-1","max-image-preview":"max-image-preview:large","max-video-preview":"max-video-preview:-1"},"canonical":"https:\/\/radioljubuski.ba\/index.php\/2021\/12\/06\/nacrt-zakona-u-austriji-nisi-se-cijepio-kazna-600-eura-i-tako-svaka-3-mjeseca\/","og_locale":"hr_HR","og_type":"article","og_title":"Nacrt zakona u Austriji: Nisi se cijepio? Kazna 600 eura! I tako svaka 3 mjeseca - RADIO LJUBU\u0160KI","og_description":"Austrijski mediji objavili su nacrt zakona prema kojem \u0107e cijepljenje protiv koronavirusa biti obavezno u Austriji od 1. velja\u010de 2022., a doznaje se i da \u0107e oni koji se odbiju cijepiti i nakon \u0161to dobiju poziv od ministra zdravstva Wolfganga M\u00fccksteina biti ka\u017enjeni. Tako austrijski Heute pi\u0161e da \u0107e osobe koje ve\u0107 od 15. o\u017eujka [&hellip;]","og_url":"https:\/\/radioljubuski.ba\/index.php\/2021\/12\/06\/nacrt-zakona-u-austriji-nisi-se-cijepio-kazna-600-eura-i-tako-svaka-3-mjeseca\/","og_site_name":"RADIO LJUBU\u0160KI","article_publisher":"https:\/\/www.facebook.com\/Radiio-Ljubuski-1490835324566332","article_published_time":"2021-12-06T13:24:35+00:00","og_image":[{"width":1000,"height":625,"url":"https:\/\/radioljubuski.ba\/wp-content\/uploads\/2021\/07\/BRSFOxtr_austrija_slovenija_koronavirus.jpg","type":"image\/jpeg"}],"author":"Radio Ljubu\u0161ki","twitter_card":"summary_large_image","twitter_creator":"@radioljubuski","twitter_site":"@radioljubuski","twitter_misc":{"Napisao\/la":"Radio Ljubu\u0161ki","Procijenjeno vrijeme \u010ditanja":"3 minute"},"schema":{"@context":"https:\/\/schema.org","@graph":[{"@type":"Article","@id":"https:\/\/radioljubuski.ba\/index.php\/2021\/12\/06\/nacrt-zakona-u-austriji-nisi-se-cijepio-kazna-600-eura-i-tako-svaka-3-mjeseca\/#article","isPartOf":{"@id":"https:\/\/radioljubuski.ba\/index.php\/2021\/12\/06\/nacrt-zakona-u-austriji-nisi-se-cijepio-kazna-600-eura-i-tako-svaka-3-mjeseca\/"},"author":{"name":"Radio Ljubu\u0161ki","@id":"https:\/\/radioljubuski.ba\/#\/schema\/person\/19fc700381a780f69665d7956c469e3b"},"headline":"Nacrt zakona u Austriji: Nisi se cijepio? Kazna 600 eura! I tako svaka 3 mjeseca","datePublished":"2021-12-06T13:24:35+00:00","mainEntityOfPage":{"@id":"https:\/\/radioljubuski.ba\/index.php\/2021\/12\/06\/nacrt-zakona-u-austriji-nisi-se-cijepio-kazna-600-eura-i-tako-svaka-3-mjeseca\/"},"wordCount":680,"publisher":{"@id":"https:\/\/radioljubuski.ba\/#organization"},"image":{"@id":"https:\/\/radioljubuski.ba\/index.php\/2021\/12\/06\/nacrt-zakona-u-austriji-nisi-se-cijepio-kazna-600-eura-i-tako-svaka-3-mjeseca\/#primaryimage"},"thumbnailUrl":"https:\/\/radioljubuski.ba\/wp-content\/uploads\/2021\/07\/BRSFOxtr_austrija_slovenija_koronavirus.jpg","articleSection":["BIH i regija"],"inLanguage":"hr"},{"@type":"WebPage","@id":"https:\/\/radioljubuski.ba\/index.php\/2021\/12\/06\/nacrt-zakona-u-austriji-nisi-se-cijepio-kazna-600-eura-i-tako-svaka-3-mjeseca\/","url":"https:\/\/radioljubuski.ba\/index.php\/2021\/12\/06\/nacrt-zakona-u-austriji-nisi-se-cijepio-kazna-600-eura-i-tako-svaka-3-mjeseca\/","name":"Nacrt zakona u Austriji: Nisi se cijepio? Kazna 600 eura! I tako svaka 3 mjeseca - RADIO LJUBU\u0160KI","isPartOf":{"@id":"https:\/\/radioljubuski.ba\/#website"},"primaryImageOfPage":{"@id":"https:\/\/radioljubuski.ba\/index.php\/2021\/12\/06\/nacrt-zakona-u-austriji-nisi-se-cijepio-kazna-600-eura-i-tako-svaka-3-mjeseca\/#primaryimage"},"image":{"@id":"https:\/\/radioljubuski.ba\/index.php\/2021\/12\/06\/nacrt-zakona-u-austriji-nisi-se-cijepio-kazna-600-eura-i-tako-svaka-3-mjeseca\/#primaryimage"},"thumbnailUrl":"https:\/\/radioljubuski.ba\/wp-content\/uploads\/2021\/07\/BRSFOxtr_austrija_slovenija_koronavirus.jpg","datePublished":"2021-12-06T13:24:35+00:00","breadcrumb":{"@id":"https:\/\/radioljubuski.ba\/index.php\/2021\/12\/06\/nacrt-zakona-u-austriji-nisi-se-cijepio-kazna-600-eura-i-tako-svaka-3-mjeseca\/#breadcrumb"},"inLanguage":"hr","potentialAction":[{"@type":"ReadAction","target":["https:\/\/radioljubuski.ba\/index.php\/2021\/12\/06\/nacrt-zakona-u-austriji-nisi-se-cijepio-kazna-600-eura-i-tako-svaka-3-mjeseca\/"]}]},{"@type":"ImageObject","inLanguage":"hr","@id":"https:\/\/radioljubuski.ba\/index.php\/2021\/12\/06\/nacrt-zakona-u-austriji-nisi-se-cijepio-kazna-600-eura-i-tako-svaka-3-mjeseca\/#primaryimage","url":"https:\/\/radioljubuski.ba\/wp-content\/uploads\/2021\/07\/BRSFOxtr_austrija_slovenija_koronavirus.jpg","contentUrl":"https:\/\/radioljubuski.ba\/wp-content\/uploads\/2021\/07\/BRSFOxtr_austrija_slovenija_koronavirus.jpg","width":1000,"height":625},{"@type":"BreadcrumbList","@id":"https:\/\/radioljubuski.ba\/index.php\/2021\/12\/06\/nacrt-zakona-u-austriji-nisi-se-cijepio-kazna-600-eura-i-tako-svaka-3-mjeseca\/#breadcrumb","itemListElement":[{"@type":"ListItem","position":1,"name":"Po\u010detna stranica","item":"https:\/\/radioljubuski.ba\/"},{"@type":"ListItem","position":2,"name":"Nacrt zakona u Austriji: Nisi se cijepio? Kazna 600 eura! I tako svaka 3 mjeseca"}]},{"@type":"WebSite","@id":"https:\/\/radioljubuski.ba\/#website","url":"https:\/\/radioljubuski.ba\/","name":"Radio Ljubu\u0161ki","description":"Sun\u010dana frekvencija Hercegovine","publisher":{"@id":"https:\/\/radioljubuski.ba\/#organization"},"potentialAction":[{"@type":"SearchAction","target":{"@type":"EntryPoint","urlTemplate":"https:\/\/radioljubuski.ba\/?s={search_term_string}"},"query-input":{"@type":"PropertyValueSpecification","valueRequired":true,"valueName":"search_term_string"}}],"inLanguage":"hr"},{"@type":"Organization","@id":"https:\/\/radioljubuski.ba\/#organization","name":"Radio Ljubu\u0161ki","url":"https:\/\/radioljubuski.ba\/","logo":{"@type":"ImageObject","inLanguage":"hr","@id":"https:\/\/radioljubuski.ba\/#\/schema\/logo\/image\/","url":"https:\/\/radioljubuski.ba\/wp-content\/uploads\/2021\/02\/cropped-Radio_Ljubuski_logo1.jpg","contentUrl":"https:\/\/radioljubuski.ba\/wp-content\/uploads\/2021\/02\/cropped-Radio_Ljubuski_logo1.jpg","width":512,"height":512,"caption":"Radio Ljubu\u0161ki"},"image":{"@id":"https:\/\/radioljubuski.ba\/#\/schema\/logo\/image\/"},"sameAs":["https:\/\/www.facebook.com\/Radiio-Ljubuski-1490835324566332","https:\/\/x.com\/radioljubuski","https:\/\/hr.linkedin.com\/company\/radio-ljubuski","https:\/\/www.youtube.com\/channel\/UCHYaeO_n0Db3tjNGudGpXyw"]},{"@type":"Person","@id":"https:\/\/radioljubuski.ba\/#\/schema\/person\/19fc700381a780f69665d7956c469e3b","name":"Radio Ljubu\u0161ki"}]}},"_links":{"self":[{"href":"https:\/\/radioljubuski.ba\/index.php\/wp-json\/wp\/v2\/posts\/96571","targetHints":{"allow":["GET"]}}],"collection":[{"href":"https:\/\/radioljubuski.ba\/index.php\/wp-json\/wp\/v2\/posts"}],"about":[{"href":"https:\/\/radioljubuski.ba\/index.php\/wp-json\/wp\/v2\/types\/post"}],"author":[{"embeddable":true,"href":"https:\/\/radioljubuski.ba\/index.php\/wp-json\/wp\/v2\/users\/2"}],"replies":[{"embeddable":true,"href":"https:\/\/radioljubuski.ba\/index.php\/wp-json\/wp\/v2\/comments?post=96571"}],"version-history":[{"count":1,"href":"https:\/\/radioljubuski.ba\/index.php\/wp-json\/wp\/v2\/posts\/96571\/revisions"}],"predecessor-version":[{"id":96572,"href":"https:\/\/radioljubuski.ba\/index.php\/wp-json\/wp\/v2\/posts\/96571\/revisions\/96572"}],"wp:featuredmedia":[{"embeddable":true,"href":"https:\/\/radioljubuski.ba\/index.php\/wp-json\/wp\/v2\/media\/45625"}],"wp:attachment":[{"href":"https:\/\/radioljubuski.ba\/index.php\/wp-json\/wp\/v2\/media?parent=96571"}],"wp:term":[{"taxonomy":"category","embeddable":true,"href":"https:\/\/radioljubuski.ba\/index.php\/wp-json\/wp\/v2\/categories?post=96571"},{"taxonomy":"post_tag","embeddable":true,"href":"https:\/\/radioljubuski.ba\/index.php\/wp-json\/wp\/v2\/tags?post=96571"}],"curies":[{"name":"wp","href":"https:\/\/api.w.org\/{rel}","templated":true}]}}