{"id":96582,"date":"2021-12-06T14:33:16","date_gmt":"2021-12-06T13:33:16","guid":{"rendered":"https:\/\/radioljubuski.ba\/?p=96582"},"modified":"2021-12-06T14:33:16","modified_gmt":"2021-12-06T13:33:16","slug":"hrvatska-otvara-nastup-na-euru-protiv-grcke","status":"publish","type":"post","link":"https:\/\/radioljubuski.ba\/index.php\/2021\/12\/06\/hrvatska-otvara-nastup-na-euru-protiv-grcke\/","title":{"rendered":"Hrvatska otvara nastup na Euru protiv Gr\u010dke"},"content":{"rendered":"\n<p>Hrvatska ko\u0161arka\u0161ka reprezentacija nastup na Eurobasketu 2022. godine otvorit \u0107e 2. rujna u Milanu protiv Gr\u010dke.<\/p>\n\n\n\n<p>Objavljen je raspored utakmica 41. izdanja Europskog ko\u0161arka\u0161kog prvenstva koje \u0107e se od 1. do 18. rujna idu\u0107e godine odr\u017eati u Italiji, \u010ce\u0161koj, Njema\u010dkoj i Gruziji i na kojem \u0107e nastupiti hrvatska reprezentacija.<\/p>\n\n\n\n<p>Hrvatska \u0107e igrati u skupini C, a svih pet utakmica igrat \u0107e u milanskom Mediolanum Forumu.<\/p>\n\n\n\n<p>Odabranike izbornika <strong>Veljka Mr\u0161i\u0107a <\/strong>u prvom kolu 2. rujna u 17:00 sati o\u010dekuje utakmica protiv Gr\u010dke. Dan kasnije s po\u010detkom u 14:15 slijedi okr\u0161aj protiv Velike Britanije. Tre\u0107e kolo je na rasporedu 5. rujna, a Hrvatska \u0107e igrati protiv Estonije, ponovo u 14:15 sati.<\/p>\n\n\n\n<blockquote class=\"twitter-tweet\"><p lang=\"en\" dir=\"ltr\">Get your calendars and mark the dates, as the official <a href=\"https:\/\/twitter.com\/hashtag\/EuroBasket?src=hash&amp;ref_src=twsrc%5Etfw\">#EuroBasket<\/a> 2022 schedule has been finalized! \ud83d\uddd3\ufe0f\u270d\ufe0f<br><br>Which country will <a href=\"https:\/\/twitter.com\/hashtag\/BringTheNoise?src=hash&amp;ref_src=twsrc%5Etfw\">#BringTheNoise<\/a> next September? \ud83d\udde3\ufe0f<a href=\"https:\/\/t.co\/JRTHflVkI3\">https:\/\/t.co\/JRTHflVkI3<\/a><\/p>&mdash; FIBA EuroBasket (@EuroBasket) <a href=\"https:\/\/twitter.com\/EuroBasket\/status\/1467803395948003328?ref_src=twsrc%5Etfw\">December 6, 2021<\/a><\/blockquote> <script async src=\"https:\/\/platform.twitter.com\/widgets.js\" charset=\"utf-8\"><\/script> \n\n\n\n<p>U 4. kolu, 6. rujna, Hrvatska \u0107e igrati protiv doma\u0107ina Italije (21:00), a u zadnjem kolu dva dana kasnije protiv Ukrajine s po\u010detkom u 14:15 sati.<\/p>\n\n\n\n<p>U skupini A u Tbilisiju \u0107e igrati \u0160panjolska, Rusija, Turska, Gruzija, Belgija i Bugarska. U skupini B u Kolnu borit \u0107e se Njema\u010dka, Francuska, Litva, Slovenija, Ma\u0111arska, te Bosna i Hercegovina.<\/p>\n\n\n\n<p>Dvoboji skupine D igrat \u0107e se u Pragu, a snage \u0107e odmjeriti Srbija, \u010ce\u0161ka, Poljska, Finska, Izrael i Nizozemska.<\/p>\n\n\n\n<p>\u010cetiri najbolje reprezentacije iz svake skupine plasirat \u0107e se u osminu finala. Reprezentacije iz skupine C, u kojoj se nalazi Hrvatska, kri\u017eat \u0107e se s ekipama iz skupine D koju predvodi Srbija.<\/p>\n\n\n\n<p>Od osmine finala EP se nastavlja u Berlinu.<\/p>\n\n\n\n<blockquote class=\"twitter-tweet\"><p lang=\"en\" dir=\"ltr\">Who\u2019ll take the throne in <a href=\"https:\/\/twitter.com\/EuroBasket?ref_src=twsrc%5Etfw\">@EuroBasket<\/a> 2022? \ud83c\udfc6&#13;&#13;In exactly 1 year, our next champion will be decided \ud83d\ude0d <a href=\"https:\/\/t.co\/XKGgt3BEpM\">pic.twitter.com\/XKGgt3BEpM<\/a><\/p>&mdash; FIBA EuroBasket (@EuroBasket) <a href=\"https:\/\/twitter.com\/EuroBasket\/status\/1439214983435411459?ref_src=twsrc%5Etfw\">September 18, 2021<\/a><\/blockquote> <script async src=\"https:\/\/platform.twitter.com\/widgets.js\" charset=\"utf-8\"><\/script> \n\n\n\n<p><strong>RASPORED UTAKMICA U C SKUPINI:<\/strong><\/p>\n\n\n\n<p>1. kolo &#8211; 2. rujna:Ukrajina &#8211; Velike Britanija (14:15)HRVATSKA &#8211; Gr\u010dka (17:00)Italija &#8211; Estonija (21:00)<\/p>\n\n\n\n<p>2. kolo &#8211; 3. rujna:Velika Britanija &#8211; HRVATSKA (14:15)Estonija &#8211; Ukrajina (17:00)Italija &#8211; Gr\u010dka (21:00)<\/p>\n\n\n\n<p>3. kolo &#8211; 5. rujna:HRVATSKA &#8211; Estonija (14:15)Velika Britanija &#8211; Gr\u010dka (17:00)Ukrajina &#8211; Italija (21:00)<\/p>\n\n\n\n<p>4. kolo &#8211; 6. rujna:Estonija &#8211; Velika Britanija (14:15)Gr\u010dka &#8211; Ukrajina (17:00)Italija &#8211; HRVATSKA (21:00)<\/p>\n\n\n\n<p>5. kolo &#8211; 8. rujna:HRVATSKA &#8211; Ukrajina (14:15)Estonija &#8211; Gr\u010dka (17:00)Velika Britanija &#8211; Italija (21:00)<\/p>\n\n\n\n<p>Izvor:hrt.hr<\/p>\n","protected":false},"excerpt":{"rendered":"<p>Hrvatska ko\u0161arka\u0161ka reprezentacija nastup na Eurobasketu 2022. godine otvorit \u0107e 2. rujna u Milanu protiv Gr\u010dke. Objavljen je raspored utakmica 41. izdanja Europskog ko\u0161arka\u0161kog prvenstva koje \u0107e se od 1. do 18. rujna idu\u0107e godine odr\u017eati u Italiji, \u010ce\u0161koj, Njema\u010dkoj i Gruziji i na kojem \u0107e nastupiti hrvatska reprezentacija. Hrvatska \u0107e igrati u skupini C, [&hellip;]<\/p>\n","protected":false},"author":2,"featured_media":96583,"comment_status":"closed","ping_status":"closed","sticky":false,"template":"","format":"standard","meta":{"h5ap_radio_sources":[],"footnotes":""},"categories":[7],"tags":[],"class_list":["post-96582","post","type-post","status-publish","format-standard","has-post-thumbnail","hentry","category-sport"],"yoast_head":"<!-- This site is optimized with the Yoast SEO plugin v27.5 - https:\/\/yoast.com\/product\/yoast-seo-wordpress\/ -->\n<title>Hrvatska otvara nastup na Euru protiv Gr\u010dke - RADIO LJUBU\u0160KI<\/title>\n<meta name=\"robots\" content=\"index, follow, max-snippet:-1, max-image-preview:large, max-video-preview:-1\" \/>\n<link rel=\"canonical\" href=\"https:\/\/radioljubuski.ba\/index.php\/2021\/12\/06\/hrvatska-otvara-nastup-na-euru-protiv-grcke\/\" \/>\n<meta property=\"og:locale\" content=\"hr_HR\" \/>\n<meta property=\"og:type\" content=\"article\" \/>\n<meta property=\"og:title\" content=\"Hrvatska otvara nastup na Euru protiv Gr\u010dke - RADIO LJUBU\u0160KI\" \/>\n<meta property=\"og:description\" content=\"Hrvatska ko\u0161arka\u0161ka reprezentacija nastup na Eurobasketu 2022. godine otvorit \u0107e 2. rujna u Milanu protiv Gr\u010dke. Objavljen je raspored utakmica 41. izdanja Europskog ko\u0161arka\u0161kog prvenstva koje \u0107e se od 1. do 18. rujna idu\u0107e godine odr\u017eati u Italiji, \u010ce\u0161koj, Njema\u010dkoj i Gruziji i na kojem \u0107e nastupiti hrvatska reprezentacija. Hrvatska \u0107e igrati u skupini C, [&hellip;]\" \/>\n<meta property=\"og:url\" content=\"https:\/\/radioljubuski.ba\/index.php\/2021\/12\/06\/hrvatska-otvara-nastup-na-euru-protiv-grcke\/\" \/>\n<meta property=\"og:site_name\" content=\"RADIO LJUBU\u0160KI\" \/>\n<meta property=\"article:publisher\" content=\"https:\/\/www.facebook.com\/Radiio-Ljubuski-1490835324566332\" \/>\n<meta property=\"article:published_time\" content=\"2021-12-06T13:33:16+00:00\" \/>\n<meta property=\"og:image\" content=\"https:\/\/radioljubuski.ba\/wp-content\/uploads\/2021\/12\/pxl-251121-90825157-20211206114458.jpg\" \/>\n\t<meta property=\"og:image:width\" content=\"1600\" \/>\n\t<meta property=\"og:image:height\" content=\"1114\" \/>\n\t<meta property=\"og:image:type\" content=\"image\/jpeg\" \/>\n<meta name=\"author\" content=\"Radio Ljubu\u0161ki\" \/>\n<meta name=\"twitter:card\" content=\"summary_large_image\" \/>\n<meta name=\"twitter:creator\" content=\"@radioljubuski\" \/>\n<meta name=\"twitter:site\" content=\"@radioljubuski\" \/>\n<meta name=\"twitter:label1\" content=\"Napisao\/la\" \/>\n\t<meta name=\"twitter:data1\" content=\"Radio Ljubu\u0161ki\" \/>\n\t<meta name=\"twitter:label2\" content=\"Procijenjeno vrijeme \u010ditanja\" \/>\n\t<meta name=\"twitter:data2\" content=\"2 minute\" \/>\n<script type=\"application\/ld+json\" class=\"yoast-schema-graph\">{\"@context\":\"https:\\\/\\\/schema.org\",\"@graph\":[{\"@type\":\"Article\",\"@id\":\"https:\\\/\\\/radioljubuski.ba\\\/index.php\\\/2021\\\/12\\\/06\\\/hrvatska-otvara-nastup-na-euru-protiv-grcke\\\/#article\",\"isPartOf\":{\"@id\":\"https:\\\/\\\/radioljubuski.ba\\\/index.php\\\/2021\\\/12\\\/06\\\/hrvatska-otvara-nastup-na-euru-protiv-grcke\\\/\"},\"author\":{\"name\":\"Radio Ljubu\u0161ki\",\"@id\":\"https:\\\/\\\/radioljubuski.ba\\\/#\\\/schema\\\/person\\\/19fc700381a780f69665d7956c469e3b\"},\"headline\":\"Hrvatska otvara nastup na Euru protiv Gr\u010dke\",\"datePublished\":\"2021-12-06T13:33:16+00:00\",\"mainEntityOfPage\":{\"@id\":\"https:\\\/\\\/radioljubuski.ba\\\/index.php\\\/2021\\\/12\\\/06\\\/hrvatska-otvara-nastup-na-euru-protiv-grcke\\\/\"},\"wordCount\":375,\"publisher\":{\"@id\":\"https:\\\/\\\/radioljubuski.ba\\\/#organization\"},\"image\":{\"@id\":\"https:\\\/\\\/radioljubuski.ba\\\/index.php\\\/2021\\\/12\\\/06\\\/hrvatska-otvara-nastup-na-euru-protiv-grcke\\\/#primaryimage\"},\"thumbnailUrl\":\"https:\\\/\\\/radioljubuski.ba\\\/wp-content\\\/uploads\\\/2021\\\/12\\\/pxl-251121-90825157-20211206114458.jpg\",\"articleSection\":[\"\u0160port\"],\"inLanguage\":\"hr\"},{\"@type\":\"WebPage\",\"@id\":\"https:\\\/\\\/radioljubuski.ba\\\/index.php\\\/2021\\\/12\\\/06\\\/hrvatska-otvara-nastup-na-euru-protiv-grcke\\\/\",\"url\":\"https:\\\/\\\/radioljubuski.ba\\\/index.php\\\/2021\\\/12\\\/06\\\/hrvatska-otvara-nastup-na-euru-protiv-grcke\\\/\",\"name\":\"Hrvatska otvara nastup na Euru protiv Gr\u010dke - RADIO LJUBU\u0160KI\",\"isPartOf\":{\"@id\":\"https:\\\/\\\/radioljubuski.ba\\\/#website\"},\"primaryImageOfPage\":{\"@id\":\"https:\\\/\\\/radioljubuski.ba\\\/index.php\\\/2021\\\/12\\\/06\\\/hrvatska-otvara-nastup-na-euru-protiv-grcke\\\/#primaryimage\"},\"image\":{\"@id\":\"https:\\\/\\\/radioljubuski.ba\\\/index.php\\\/2021\\\/12\\\/06\\\/hrvatska-otvara-nastup-na-euru-protiv-grcke\\\/#primaryimage\"},\"thumbnailUrl\":\"https:\\\/\\\/radioljubuski.ba\\\/wp-content\\\/uploads\\\/2021\\\/12\\\/pxl-251121-90825157-20211206114458.jpg\",\"datePublished\":\"2021-12-06T13:33:16+00:00\",\"breadcrumb\":{\"@id\":\"https:\\\/\\\/radioljubuski.ba\\\/index.php\\\/2021\\\/12\\\/06\\\/hrvatska-otvara-nastup-na-euru-protiv-grcke\\\/#breadcrumb\"},\"inLanguage\":\"hr\",\"potentialAction\":[{\"@type\":\"ReadAction\",\"target\":[\"https:\\\/\\\/radioljubuski.ba\\\/index.php\\\/2021\\\/12\\\/06\\\/hrvatska-otvara-nastup-na-euru-protiv-grcke\\\/\"]}]},{\"@type\":\"ImageObject\",\"inLanguage\":\"hr\",\"@id\":\"https:\\\/\\\/radioljubuski.ba\\\/index.php\\\/2021\\\/12\\\/06\\\/hrvatska-otvara-nastup-na-euru-protiv-grcke\\\/#primaryimage\",\"url\":\"https:\\\/\\\/radioljubuski.ba\\\/wp-content\\\/uploads\\\/2021\\\/12\\\/pxl-251121-90825157-20211206114458.jpg\",\"contentUrl\":\"https:\\\/\\\/radioljubuski.ba\\\/wp-content\\\/uploads\\\/2021\\\/12\\\/pxl-251121-90825157-20211206114458.jpg\",\"width\":1600,\"height\":1114,\"caption\":\"25.11.2021., Zagreb - Kosarkaska utakmica Hrvatska - Slovenija kojom se otvaraju kvalifikacije za Svjetsko kosarkasko prvenstvo koje ce se odrzati u Japanu, Filipinima i Indoneziji 2023. godine. Photo: Marko Lukunic\\\/PIXSELL\"},{\"@type\":\"BreadcrumbList\",\"@id\":\"https:\\\/\\\/radioljubuski.ba\\\/index.php\\\/2021\\\/12\\\/06\\\/hrvatska-otvara-nastup-na-euru-protiv-grcke\\\/#breadcrumb\",\"itemListElement\":[{\"@type\":\"ListItem\",\"position\":1,\"name\":\"Po\u010detna stranica\",\"item\":\"https:\\\/\\\/radioljubuski.ba\\\/\"},{\"@type\":\"ListItem\",\"position\":2,\"name\":\"Hrvatska otvara nastup na Euru protiv Gr\u010dke\"}]},{\"@type\":\"WebSite\",\"@id\":\"https:\\\/\\\/radioljubuski.ba\\\/#website\",\"url\":\"https:\\\/\\\/radioljubuski.ba\\\/\",\"name\":\"Radio Ljubu\u0161ki\",\"description\":\"Sun\u010dana frekvencija Hercegovine\",\"publisher\":{\"@id\":\"https:\\\/\\\/radioljubuski.ba\\\/#organization\"},\"potentialAction\":[{\"@type\":\"SearchAction\",\"target\":{\"@type\":\"EntryPoint\",\"urlTemplate\":\"https:\\\/\\\/radioljubuski.ba\\\/?s={search_term_string}\"},\"query-input\":{\"@type\":\"PropertyValueSpecification\",\"valueRequired\":true,\"valueName\":\"search_term_string\"}}],\"inLanguage\":\"hr\"},{\"@type\":\"Organization\",\"@id\":\"https:\\\/\\\/radioljubuski.ba\\\/#organization\",\"name\":\"Radio Ljubu\u0161ki\",\"url\":\"https:\\\/\\\/radioljubuski.ba\\\/\",\"logo\":{\"@type\":\"ImageObject\",\"inLanguage\":\"hr\",\"@id\":\"https:\\\/\\\/radioljubuski.ba\\\/#\\\/schema\\\/logo\\\/image\\\/\",\"url\":\"https:\\\/\\\/radioljubuski.ba\\\/wp-content\\\/uploads\\\/2021\\\/02\\\/cropped-Radio_Ljubuski_logo1.jpg\",\"contentUrl\":\"https:\\\/\\\/radioljubuski.ba\\\/wp-content\\\/uploads\\\/2021\\\/02\\\/cropped-Radio_Ljubuski_logo1.jpg\",\"width\":512,\"height\":512,\"caption\":\"Radio Ljubu\u0161ki\"},\"image\":{\"@id\":\"https:\\\/\\\/radioljubuski.ba\\\/#\\\/schema\\\/logo\\\/image\\\/\"},\"sameAs\":[\"https:\\\/\\\/www.facebook.com\\\/Radiio-Ljubuski-1490835324566332\",\"https:\\\/\\\/x.com\\\/radioljubuski\",\"https:\\\/\\\/hr.linkedin.com\\\/company\\\/radio-ljubuski\",\"https:\\\/\\\/www.youtube.com\\\/channel\\\/UCHYaeO_n0Db3tjNGudGpXyw\"]},{\"@type\":\"Person\",\"@id\":\"https:\\\/\\\/radioljubuski.ba\\\/#\\\/schema\\\/person\\\/19fc700381a780f69665d7956c469e3b\",\"name\":\"Radio Ljubu\u0161ki\"}]}<\/script>\n<!-- \/ Yoast SEO plugin. -->","yoast_head_json":{"title":"Hrvatska otvara nastup na Euru protiv Gr\u010dke - RADIO LJUBU\u0160KI","robots":{"index":"index","follow":"follow","max-snippet":"max-snippet:-1","max-image-preview":"max-image-preview:large","max-video-preview":"max-video-preview:-1"},"canonical":"https:\/\/radioljubuski.ba\/index.php\/2021\/12\/06\/hrvatska-otvara-nastup-na-euru-protiv-grcke\/","og_locale":"hr_HR","og_type":"article","og_title":"Hrvatska otvara nastup na Euru protiv Gr\u010dke - RADIO LJUBU\u0160KI","og_description":"Hrvatska ko\u0161arka\u0161ka reprezentacija nastup na Eurobasketu 2022. godine otvorit \u0107e 2. rujna u Milanu protiv Gr\u010dke. Objavljen je raspored utakmica 41. izdanja Europskog ko\u0161arka\u0161kog prvenstva koje \u0107e se od 1. do 18. rujna idu\u0107e godine odr\u017eati u Italiji, \u010ce\u0161koj, Njema\u010dkoj i Gruziji i na kojem \u0107e nastupiti hrvatska reprezentacija. Hrvatska \u0107e igrati u skupini C, [&hellip;]","og_url":"https:\/\/radioljubuski.ba\/index.php\/2021\/12\/06\/hrvatska-otvara-nastup-na-euru-protiv-grcke\/","og_site_name":"RADIO LJUBU\u0160KI","article_publisher":"https:\/\/www.facebook.com\/Radiio-Ljubuski-1490835324566332","article_published_time":"2021-12-06T13:33:16+00:00","og_image":[{"width":1600,"height":1114,"url":"https:\/\/radioljubuski.ba\/wp-content\/uploads\/2021\/12\/pxl-251121-90825157-20211206114458.jpg","type":"image\/jpeg"}],"author":"Radio Ljubu\u0161ki","twitter_card":"summary_large_image","twitter_creator":"@radioljubuski","twitter_site":"@radioljubuski","twitter_misc":{"Napisao\/la":"Radio Ljubu\u0161ki","Procijenjeno vrijeme \u010ditanja":"2 minute"},"schema":{"@context":"https:\/\/schema.org","@graph":[{"@type":"Article","@id":"https:\/\/radioljubuski.ba\/index.php\/2021\/12\/06\/hrvatska-otvara-nastup-na-euru-protiv-grcke\/#article","isPartOf":{"@id":"https:\/\/radioljubuski.ba\/index.php\/2021\/12\/06\/hrvatska-otvara-nastup-na-euru-protiv-grcke\/"},"author":{"name":"Radio Ljubu\u0161ki","@id":"https:\/\/radioljubuski.ba\/#\/schema\/person\/19fc700381a780f69665d7956c469e3b"},"headline":"Hrvatska otvara nastup na Euru protiv Gr\u010dke","datePublished":"2021-12-06T13:33:16+00:00","mainEntityOfPage":{"@id":"https:\/\/radioljubuski.ba\/index.php\/2021\/12\/06\/hrvatska-otvara-nastup-na-euru-protiv-grcke\/"},"wordCount":375,"publisher":{"@id":"https:\/\/radioljubuski.ba\/#organization"},"image":{"@id":"https:\/\/radioljubuski.ba\/index.php\/2021\/12\/06\/hrvatska-otvara-nastup-na-euru-protiv-grcke\/#primaryimage"},"thumbnailUrl":"https:\/\/radioljubuski.ba\/wp-content\/uploads\/2021\/12\/pxl-251121-90825157-20211206114458.jpg","articleSection":["\u0160port"],"inLanguage":"hr"},{"@type":"WebPage","@id":"https:\/\/radioljubuski.ba\/index.php\/2021\/12\/06\/hrvatska-otvara-nastup-na-euru-protiv-grcke\/","url":"https:\/\/radioljubuski.ba\/index.php\/2021\/12\/06\/hrvatska-otvara-nastup-na-euru-protiv-grcke\/","name":"Hrvatska otvara nastup na Euru protiv Gr\u010dke - RADIO LJUBU\u0160KI","isPartOf":{"@id":"https:\/\/radioljubuski.ba\/#website"},"primaryImageOfPage":{"@id":"https:\/\/radioljubuski.ba\/index.php\/2021\/12\/06\/hrvatska-otvara-nastup-na-euru-protiv-grcke\/#primaryimage"},"image":{"@id":"https:\/\/radioljubuski.ba\/index.php\/2021\/12\/06\/hrvatska-otvara-nastup-na-euru-protiv-grcke\/#primaryimage"},"thumbnailUrl":"https:\/\/radioljubuski.ba\/wp-content\/uploads\/2021\/12\/pxl-251121-90825157-20211206114458.jpg","datePublished":"2021-12-06T13:33:16+00:00","breadcrumb":{"@id":"https:\/\/radioljubuski.ba\/index.php\/2021\/12\/06\/hrvatska-otvara-nastup-na-euru-protiv-grcke\/#breadcrumb"},"inLanguage":"hr","potentialAction":[{"@type":"ReadAction","target":["https:\/\/radioljubuski.ba\/index.php\/2021\/12\/06\/hrvatska-otvara-nastup-na-euru-protiv-grcke\/"]}]},{"@type":"ImageObject","inLanguage":"hr","@id":"https:\/\/radioljubuski.ba\/index.php\/2021\/12\/06\/hrvatska-otvara-nastup-na-euru-protiv-grcke\/#primaryimage","url":"https:\/\/radioljubuski.ba\/wp-content\/uploads\/2021\/12\/pxl-251121-90825157-20211206114458.jpg","contentUrl":"https:\/\/radioljubuski.ba\/wp-content\/uploads\/2021\/12\/pxl-251121-90825157-20211206114458.jpg","width":1600,"height":1114,"caption":"25.11.2021., Zagreb - Kosarkaska utakmica Hrvatska - Slovenija kojom se otvaraju kvalifikacije za Svjetsko kosarkasko prvenstvo koje ce se odrzati u Japanu, Filipinima i Indoneziji 2023. godine. Photo: Marko Lukunic\/PIXSELL"},{"@type":"BreadcrumbList","@id":"https:\/\/radioljubuski.ba\/index.php\/2021\/12\/06\/hrvatska-otvara-nastup-na-euru-protiv-grcke\/#breadcrumb","itemListElement":[{"@type":"ListItem","position":1,"name":"Po\u010detna stranica","item":"https:\/\/radioljubuski.ba\/"},{"@type":"ListItem","position":2,"name":"Hrvatska otvara nastup na Euru protiv Gr\u010dke"}]},{"@type":"WebSite","@id":"https:\/\/radioljubuski.ba\/#website","url":"https:\/\/radioljubuski.ba\/","name":"Radio Ljubu\u0161ki","description":"Sun\u010dana frekvencija Hercegovine","publisher":{"@id":"https:\/\/radioljubuski.ba\/#organization"},"potentialAction":[{"@type":"SearchAction","target":{"@type":"EntryPoint","urlTemplate":"https:\/\/radioljubuski.ba\/?s={search_term_string}"},"query-input":{"@type":"PropertyValueSpecification","valueRequired":true,"valueName":"search_term_string"}}],"inLanguage":"hr"},{"@type":"Organization","@id":"https:\/\/radioljubuski.ba\/#organization","name":"Radio Ljubu\u0161ki","url":"https:\/\/radioljubuski.ba\/","logo":{"@type":"ImageObject","inLanguage":"hr","@id":"https:\/\/radioljubuski.ba\/#\/schema\/logo\/image\/","url":"https:\/\/radioljubuski.ba\/wp-content\/uploads\/2021\/02\/cropped-Radio_Ljubuski_logo1.jpg","contentUrl":"https:\/\/radioljubuski.ba\/wp-content\/uploads\/2021\/02\/cropped-Radio_Ljubuski_logo1.jpg","width":512,"height":512,"caption":"Radio Ljubu\u0161ki"},"image":{"@id":"https:\/\/radioljubuski.ba\/#\/schema\/logo\/image\/"},"sameAs":["https:\/\/www.facebook.com\/Radiio-Ljubuski-1490835324566332","https:\/\/x.com\/radioljubuski","https:\/\/hr.linkedin.com\/company\/radio-ljubuski","https:\/\/www.youtube.com\/channel\/UCHYaeO_n0Db3tjNGudGpXyw"]},{"@type":"Person","@id":"https:\/\/radioljubuski.ba\/#\/schema\/person\/19fc700381a780f69665d7956c469e3b","name":"Radio Ljubu\u0161ki"}]}},"_links":{"self":[{"href":"https:\/\/radioljubuski.ba\/index.php\/wp-json\/wp\/v2\/posts\/96582","targetHints":{"allow":["GET"]}}],"collection":[{"href":"https:\/\/radioljubuski.ba\/index.php\/wp-json\/wp\/v2\/posts"}],"about":[{"href":"https:\/\/radioljubuski.ba\/index.php\/wp-json\/wp\/v2\/types\/post"}],"author":[{"embeddable":true,"href":"https:\/\/radioljubuski.ba\/index.php\/wp-json\/wp\/v2\/users\/2"}],"replies":[{"embeddable":true,"href":"https:\/\/radioljubuski.ba\/index.php\/wp-json\/wp\/v2\/comments?post=96582"}],"version-history":[{"count":1,"href":"https:\/\/radioljubuski.ba\/index.php\/wp-json\/wp\/v2\/posts\/96582\/revisions"}],"predecessor-version":[{"id":96584,"href":"https:\/\/radioljubuski.ba\/index.php\/wp-json\/wp\/v2\/posts\/96582\/revisions\/96584"}],"wp:featuredmedia":[{"embeddable":true,"href":"https:\/\/radioljubuski.ba\/index.php\/wp-json\/wp\/v2\/media\/96583"}],"wp:attachment":[{"href":"https:\/\/radioljubuski.ba\/index.php\/wp-json\/wp\/v2\/media?parent=96582"}],"wp:term":[{"taxonomy":"category","embeddable":true,"href":"https:\/\/radioljubuski.ba\/index.php\/wp-json\/wp\/v2\/categories?post=96582"},{"taxonomy":"post_tag","embeddable":true,"href":"https:\/\/radioljubuski.ba\/index.php\/wp-json\/wp\/v2\/tags?post=96582"}],"curies":[{"name":"wp","href":"https:\/\/api.w.org\/{rel}","templated":true}]}}