{"id":96617,"date":"2021-12-06T18:18:55","date_gmt":"2021-12-06T17:18:55","guid":{"rendered":"https:\/\/radioljubuski.ba\/?p=96617"},"modified":"2021-12-06T18:18:56","modified_gmt":"2021-12-06T17:18:56","slug":"iz-hajduka-se-oglasili-o-snimci-sporne-navijacke-pjesme-ispricavamo-se-svima-onima-ciji-su-osjecaji-povrijedeni-nepromisljenim-potezima-nasih-igraca","status":"publish","type":"post","link":"https:\/\/radioljubuski.ba\/index.php\/2021\/12\/06\/iz-hajduka-se-oglasili-o-snimci-sporne-navijacke-pjesme-ispricavamo-se-svima-onima-ciji-su-osjecaji-povrijedeni-nepromisljenim-potezima-nasih-igraca\/","title":{"rendered":"Iz Hajduka se oglasili o snimci sporne navija\u010dke pjesme: \u2018Ispri\u010davamo se svima onima \u010diji su osje\u0107aji povrije\u0111eni nepromi\u0161ljenim potezima na\u0161ih igra\u010da\u2018"},"content":{"rendered":"\n<p>Marko Livaja u nedjelju je sjajnom partijom sru\u0161io Dinamo u Maksimiru, a nakon do\u010deka navija\u010da u splitskoj zra\u010dnoj luci i na Poljudu, odlu\u010dio je proslaviti veliku pobjedu i u jednom splitskom no\u0107nom klubu.<\/p>\n\n\n\n<p>Tamo je, pak, snimljen kako zajedno s Danijelom Suba\u0161i\u0107em pjeva stihove:\u00a0&#8216;Mrzin Dinamo, srpsko ime to&#8230;&#8217;<\/p>\n\n\n\n<figure class=\"wp-block-embed is-type-wp-embed is-provider-radio-ljubuski wp-block-embed-radio-ljubuski\"><div class=\"wp-block-embed__wrapper\">\n<blockquote class=\"wp-embedded-content\" data-secret=\"YQQFLnkF84\"><a href=\"https:\/\/radioljubuski.ba\/index.php\/2021\/12\/06\/livaja-na-ramenima-navijaca-pjevao-mrzim-dinamo-srpsko-ime-to-video\/\">Livaja na ramenima navija\u010da pjevao \u201cMrzim Dinamo, srpsko ime to\u201d &#8211; video<\/a><\/blockquote><iframe loading=\"lazy\" class=\"wp-embedded-content\" sandbox=\"allow-scripts\" security=\"restricted\" style=\"position: absolute; clip: rect(1px, 1px, 1px, 1px);\" title=\"&#8220;Livaja na ramenima navija\u010da pjevao \u201cMrzim Dinamo, srpsko ime to\u201d &#8211; video&#8221; &#8212;   RADIO LJUBU\u0160KI\" src=\"https:\/\/radioljubuski.ba\/index.php\/2021\/12\/06\/livaja-na-ramenima-navijaca-pjevao-mrzim-dinamo-srpsko-ime-to-video\/embed\/#?secret=xFixFpxKJQ#?secret=YQQFLnkF84\" data-secret=\"YQQFLnkF84\" width=\"600\" height=\"338\" frameborder=\"0\" marginwidth=\"0\" marginheight=\"0\" scrolling=\"no\"><\/iframe>\n<\/div><\/figure>\n\n\n\n<figure class=\"wp-block-embed is-type-wp-embed is-provider-radio-ljubuski wp-block-embed-radio-ljubuski\"><div class=\"wp-block-embed__wrapper\">\n<blockquote class=\"wp-embedded-content\" data-secret=\"JNYq1qETAZ\"><a href=\"https:\/\/radioljubuski.ba\/index.php\/2021\/12\/06\/pojavila-se-nova-snimka-livaja-i-subasic-pjevaju-mrzim-dinamo-srpsko-ime-to-video\/\">Pojavila se nova snimka. Livaja i Suba\u0161i\u0107 pjevaju \u201cMrzim Dinamo, srpsko ime to\u201d &#8211; video<\/a><\/blockquote><iframe loading=\"lazy\" class=\"wp-embedded-content\" sandbox=\"allow-scripts\" security=\"restricted\" style=\"position: absolute; clip: rect(1px, 1px, 1px, 1px);\" title=\"&#8220;Pojavila se nova snimka. Livaja i Suba\u0161i\u0107 pjevaju \u201cMrzim Dinamo, srpsko ime to\u201d &#8211; video&#8221; &#8212;   RADIO LJUBU\u0160KI\" src=\"https:\/\/radioljubuski.ba\/index.php\/2021\/12\/06\/pojavila-se-nova-snimka-livaja-i-subasic-pjevaju-mrzim-dinamo-srpsko-ime-to-video\/embed\/#?secret=4EVXjy2vdL#?secret=JNYq1qETAZ\" data-secret=\"JNYq1qETAZ\" width=\"600\" height=\"338\" frameborder=\"0\" marginwidth=\"0\" marginheight=\"0\" scrolling=\"no\"><\/iframe>\n<\/div><\/figure>\n\n\n\n<p>O\u00a0cijelom incidentu su se oglasili i iz Hajduka. Njihovo priop\u0107enje prenosimo u cijelosti:<\/p>\n\n\n\n<p>&#8220;HNK Hajduk kao klub i institucija osu\u0111uje bilo kakav govor mr\u017enje u svakom obliku i kontekstu te se ovim putem ispri\u010davamo svima onima \u010diji su osje\u0107aji povrije\u0111eni nepromi\u0161ljenim potezima na\u0161ih igra\u010da.<\/p>\n\n\n\n<p>Ono \u0161to \u017eelimo je sagledati fenomen u cjelini, a ne gledati ga istrgnutog iz konteksta. Potenciranje rivaliteta u jeziku ultras subkulture uvijek barata pojmom mr\u017enje, u svim derbijima diljem svijeta. Kada jezik i rituali subkulture dospiju u mainstream medije onda dobiju druk\u010dije zna\u010denje i nastupa zgra\u017eanje.<\/p>\n\n\n\n<p>Igra\u010di GNK Dinamo su na posljednjem treningu prije derbija, ali i nakon samog zavr\u0161etka derbija pljeskanjem odobravali skandiranje \u201cubi tovara\u201d \u0161to je uobi\u010dajeni kolorit u svim bitnim utakmicama kojima ne \u017eelimo pridodavati veliku va\u017enost, jer \u0161to vi\u0161e pri\u010damo i potenciramo takve stvari, vi\u0161e se na\u017ealost i doga\u0111aju.<\/p>\n\n\n\n<p>Kao Klub \u0107emo prema svojim igra\u010dima postupiti sukladno internom disciplinskom pravilniku.&#8221;<\/p>\n\n\n\n<p><strong>PI\u0160E&nbsp;<\/strong>PSD, S.A.<\/p>\n","protected":false},"excerpt":{"rendered":"<p>Marko Livaja u nedjelju je sjajnom partijom sru\u0161io Dinamo u Maksimiru, a nakon do\u010deka navija\u010da u splitskoj zra\u010dnoj luci i na Poljudu, odlu\u010dio je proslaviti veliku pobjedu i u jednom splitskom no\u0107nom klubu. Tamo je, pak, snimljen kako zajedno s Danijelom Suba\u0161i\u0107em pjeva stihove:\u00a0&#8216;Mrzin Dinamo, srpsko ime to&#8230;&#8217; O\u00a0cijelom incidentu su se oglasili i iz [&hellip;]<\/p>\n","protected":false},"author":2,"featured_media":96481,"comment_status":"closed","ping_status":"closed","sticky":false,"template":"","format":"standard","meta":{"h5ap_radio_sources":[],"footnotes":""},"categories":[7],"tags":[],"class_list":["post-96617","post","type-post","status-publish","format-standard","has-post-thumbnail","hentry","category-sport"],"yoast_head":"<!-- This site is optimized with the Yoast SEO plugin v27.5 - https:\/\/yoast.com\/product\/yoast-seo-wordpress\/ -->\n<title>Iz Hajduka se oglasili o snimci sporne navija\u010dke pjesme: \u2018Ispri\u010davamo se svima onima \u010diji su osje\u0107aji povrije\u0111eni nepromi\u0161ljenim potezima na\u0161ih igra\u010da\u2018 - RADIO LJUBU\u0160KI<\/title>\n<meta name=\"robots\" content=\"index, follow, max-snippet:-1, max-image-preview:large, max-video-preview:-1\" \/>\n<link rel=\"canonical\" href=\"https:\/\/radioljubuski.ba\/index.php\/2021\/12\/06\/iz-hajduka-se-oglasili-o-snimci-sporne-navijacke-pjesme-ispricavamo-se-svima-onima-ciji-su-osjecaji-povrijedeni-nepromisljenim-potezima-nasih-igraca\/\" \/>\n<meta property=\"og:locale\" content=\"hr_HR\" \/>\n<meta property=\"og:type\" content=\"article\" \/>\n<meta property=\"og:title\" content=\"Iz Hajduka se oglasili o snimci sporne navija\u010dke pjesme: \u2018Ispri\u010davamo se svima onima \u010diji su osje\u0107aji povrije\u0111eni nepromi\u0161ljenim potezima na\u0161ih igra\u010da\u2018 - RADIO LJUBU\u0160KI\" \/>\n<meta property=\"og:description\" content=\"Marko Livaja u nedjelju je sjajnom partijom sru\u0161io Dinamo u Maksimiru, a nakon do\u010deka navija\u010da u splitskoj zra\u010dnoj luci i na Poljudu, odlu\u010dio je proslaviti veliku pobjedu i u jednom splitskom no\u0107nom klubu. Tamo je, pak, snimljen kako zajedno s Danijelom Suba\u0161i\u0107em pjeva stihove:\u00a0&#8216;Mrzin Dinamo, srpsko ime to&#8230;&#8217; O\u00a0cijelom incidentu su se oglasili i iz [&hellip;]\" \/>\n<meta property=\"og:url\" content=\"https:\/\/radioljubuski.ba\/index.php\/2021\/12\/06\/iz-hajduka-se-oglasili-o-snimci-sporne-navijacke-pjesme-ispricavamo-se-svima-onima-ciji-su-osjecaji-povrijedeni-nepromisljenim-potezima-nasih-igraca\/\" \/>\n<meta property=\"og:site_name\" content=\"RADIO LJUBU\u0160KI\" \/>\n<meta property=\"article:publisher\" content=\"https:\/\/www.facebook.com\/Radiio-Ljubuski-1490835324566332\" \/>\n<meta property=\"article:published_time\" content=\"2021-12-06T17:18:55+00:00\" \/>\n<meta property=\"article:modified_time\" content=\"2021-12-06T17:18:56+00:00\" \/>\n<meta property=\"og:image\" content=\"https:\/\/radioljubuski.ba\/wp-content\/uploads\/2021\/12\/livaja-navijaci-696x392-1.png\" \/>\n\t<meta property=\"og:image:width\" content=\"696\" \/>\n\t<meta property=\"og:image:height\" content=\"392\" \/>\n\t<meta property=\"og:image:type\" content=\"image\/png\" \/>\n<meta name=\"author\" content=\"Radio Ljubu\u0161ki\" \/>\n<meta name=\"twitter:card\" content=\"summary_large_image\" \/>\n<meta name=\"twitter:creator\" content=\"@radioljubuski\" \/>\n<meta name=\"twitter:site\" content=\"@radioljubuski\" \/>\n<meta name=\"twitter:label1\" content=\"Napisao\/la\" \/>\n\t<meta name=\"twitter:data1\" content=\"Radio Ljubu\u0161ki\" \/>\n\t<meta name=\"twitter:label2\" content=\"Procijenjeno vrijeme \u010ditanja\" \/>\n\t<meta name=\"twitter:data2\" content=\"1 minuta\" \/>\n<script type=\"application\/ld+json\" class=\"yoast-schema-graph\">{\"@context\":\"https:\\\/\\\/schema.org\",\"@graph\":[{\"@type\":\"Article\",\"@id\":\"https:\\\/\\\/radioljubuski.ba\\\/index.php\\\/2021\\\/12\\\/06\\\/iz-hajduka-se-oglasili-o-snimci-sporne-navijacke-pjesme-ispricavamo-se-svima-onima-ciji-su-osjecaji-povrijedeni-nepromisljenim-potezima-nasih-igraca\\\/#article\",\"isPartOf\":{\"@id\":\"https:\\\/\\\/radioljubuski.ba\\\/index.php\\\/2021\\\/12\\\/06\\\/iz-hajduka-se-oglasili-o-snimci-sporne-navijacke-pjesme-ispricavamo-se-svima-onima-ciji-su-osjecaji-povrijedeni-nepromisljenim-potezima-nasih-igraca\\\/\"},\"author\":{\"name\":\"Radio Ljubu\u0161ki\",\"@id\":\"https:\\\/\\\/radioljubuski.ba\\\/#\\\/schema\\\/person\\\/19fc700381a780f69665d7956c469e3b\"},\"headline\":\"Iz Hajduka se oglasili o snimci sporne navija\u010dke pjesme: \u2018Ispri\u010davamo se svima onima \u010diji su osje\u0107aji povrije\u0111eni nepromi\u0161ljenim potezima na\u0161ih igra\u010da\u2018\",\"datePublished\":\"2021-12-06T17:18:55+00:00\",\"dateModified\":\"2021-12-06T17:18:56+00:00\",\"mainEntityOfPage\":{\"@id\":\"https:\\\/\\\/radioljubuski.ba\\\/index.php\\\/2021\\\/12\\\/06\\\/iz-hajduka-se-oglasili-o-snimci-sporne-navijacke-pjesme-ispricavamo-se-svima-onima-ciji-su-osjecaji-povrijedeni-nepromisljenim-potezima-nasih-igraca\\\/\"},\"wordCount\":275,\"publisher\":{\"@id\":\"https:\\\/\\\/radioljubuski.ba\\\/#organization\"},\"image\":{\"@id\":\"https:\\\/\\\/radioljubuski.ba\\\/index.php\\\/2021\\\/12\\\/06\\\/iz-hajduka-se-oglasili-o-snimci-sporne-navijacke-pjesme-ispricavamo-se-svima-onima-ciji-su-osjecaji-povrijedeni-nepromisljenim-potezima-nasih-igraca\\\/#primaryimage\"},\"thumbnailUrl\":\"https:\\\/\\\/radioljubuski.ba\\\/wp-content\\\/uploads\\\/2021\\\/12\\\/livaja-navijaci-696x392-1.png\",\"articleSection\":[\"\u0160port\"],\"inLanguage\":\"hr\"},{\"@type\":\"WebPage\",\"@id\":\"https:\\\/\\\/radioljubuski.ba\\\/index.php\\\/2021\\\/12\\\/06\\\/iz-hajduka-se-oglasili-o-snimci-sporne-navijacke-pjesme-ispricavamo-se-svima-onima-ciji-su-osjecaji-povrijedeni-nepromisljenim-potezima-nasih-igraca\\\/\",\"url\":\"https:\\\/\\\/radioljubuski.ba\\\/index.php\\\/2021\\\/12\\\/06\\\/iz-hajduka-se-oglasili-o-snimci-sporne-navijacke-pjesme-ispricavamo-se-svima-onima-ciji-su-osjecaji-povrijedeni-nepromisljenim-potezima-nasih-igraca\\\/\",\"name\":\"Iz Hajduka se oglasili o snimci sporne navija\u010dke pjesme: \u2018Ispri\u010davamo se svima onima \u010diji su osje\u0107aji povrije\u0111eni nepromi\u0161ljenim potezima na\u0161ih igra\u010da\u2018 - RADIO LJUBU\u0160KI\",\"isPartOf\":{\"@id\":\"https:\\\/\\\/radioljubuski.ba\\\/#website\"},\"primaryImageOfPage\":{\"@id\":\"https:\\\/\\\/radioljubuski.ba\\\/index.php\\\/2021\\\/12\\\/06\\\/iz-hajduka-se-oglasili-o-snimci-sporne-navijacke-pjesme-ispricavamo-se-svima-onima-ciji-su-osjecaji-povrijedeni-nepromisljenim-potezima-nasih-igraca\\\/#primaryimage\"},\"image\":{\"@id\":\"https:\\\/\\\/radioljubuski.ba\\\/index.php\\\/2021\\\/12\\\/06\\\/iz-hajduka-se-oglasili-o-snimci-sporne-navijacke-pjesme-ispricavamo-se-svima-onima-ciji-su-osjecaji-povrijedeni-nepromisljenim-potezima-nasih-igraca\\\/#primaryimage\"},\"thumbnailUrl\":\"https:\\\/\\\/radioljubuski.ba\\\/wp-content\\\/uploads\\\/2021\\\/12\\\/livaja-navijaci-696x392-1.png\",\"datePublished\":\"2021-12-06T17:18:55+00:00\",\"dateModified\":\"2021-12-06T17:18:56+00:00\",\"breadcrumb\":{\"@id\":\"https:\\\/\\\/radioljubuski.ba\\\/index.php\\\/2021\\\/12\\\/06\\\/iz-hajduka-se-oglasili-o-snimci-sporne-navijacke-pjesme-ispricavamo-se-svima-onima-ciji-su-osjecaji-povrijedeni-nepromisljenim-potezima-nasih-igraca\\\/#breadcrumb\"},\"inLanguage\":\"hr\",\"potentialAction\":[{\"@type\":\"ReadAction\",\"target\":[\"https:\\\/\\\/radioljubuski.ba\\\/index.php\\\/2021\\\/12\\\/06\\\/iz-hajduka-se-oglasili-o-snimci-sporne-navijacke-pjesme-ispricavamo-se-svima-onima-ciji-su-osjecaji-povrijedeni-nepromisljenim-potezima-nasih-igraca\\\/\"]}]},{\"@type\":\"ImageObject\",\"inLanguage\":\"hr\",\"@id\":\"https:\\\/\\\/radioljubuski.ba\\\/index.php\\\/2021\\\/12\\\/06\\\/iz-hajduka-se-oglasili-o-snimci-sporne-navijacke-pjesme-ispricavamo-se-svima-onima-ciji-su-osjecaji-povrijedeni-nepromisljenim-potezima-nasih-igraca\\\/#primaryimage\",\"url\":\"https:\\\/\\\/radioljubuski.ba\\\/wp-content\\\/uploads\\\/2021\\\/12\\\/livaja-navijaci-696x392-1.png\",\"contentUrl\":\"https:\\\/\\\/radioljubuski.ba\\\/wp-content\\\/uploads\\\/2021\\\/12\\\/livaja-navijaci-696x392-1.png\",\"width\":696,\"height\":392},{\"@type\":\"BreadcrumbList\",\"@id\":\"https:\\\/\\\/radioljubuski.ba\\\/index.php\\\/2021\\\/12\\\/06\\\/iz-hajduka-se-oglasili-o-snimci-sporne-navijacke-pjesme-ispricavamo-se-svima-onima-ciji-su-osjecaji-povrijedeni-nepromisljenim-potezima-nasih-igraca\\\/#breadcrumb\",\"itemListElement\":[{\"@type\":\"ListItem\",\"position\":1,\"name\":\"Po\u010detna stranica\",\"item\":\"https:\\\/\\\/radioljubuski.ba\\\/\"},{\"@type\":\"ListItem\",\"position\":2,\"name\":\"Iz Hajduka se oglasili o snimci sporne navija\u010dke pjesme: \u2018Ispri\u010davamo se svima onima \u010diji su osje\u0107aji povrije\u0111eni nepromi\u0161ljenim potezima na\u0161ih igra\u010da\u2018\"}]},{\"@type\":\"WebSite\",\"@id\":\"https:\\\/\\\/radioljubuski.ba\\\/#website\",\"url\":\"https:\\\/\\\/radioljubuski.ba\\\/\",\"name\":\"Radio Ljubu\u0161ki\",\"description\":\"Sun\u010dana frekvencija Hercegovine\",\"publisher\":{\"@id\":\"https:\\\/\\\/radioljubuski.ba\\\/#organization\"},\"potentialAction\":[{\"@type\":\"SearchAction\",\"target\":{\"@type\":\"EntryPoint\",\"urlTemplate\":\"https:\\\/\\\/radioljubuski.ba\\\/?s={search_term_string}\"},\"query-input\":{\"@type\":\"PropertyValueSpecification\",\"valueRequired\":true,\"valueName\":\"search_term_string\"}}],\"inLanguage\":\"hr\"},{\"@type\":\"Organization\",\"@id\":\"https:\\\/\\\/radioljubuski.ba\\\/#organization\",\"name\":\"Radio Ljubu\u0161ki\",\"url\":\"https:\\\/\\\/radioljubuski.ba\\\/\",\"logo\":{\"@type\":\"ImageObject\",\"inLanguage\":\"hr\",\"@id\":\"https:\\\/\\\/radioljubuski.ba\\\/#\\\/schema\\\/logo\\\/image\\\/\",\"url\":\"https:\\\/\\\/radioljubuski.ba\\\/wp-content\\\/uploads\\\/2021\\\/02\\\/cropped-Radio_Ljubuski_logo1.jpg\",\"contentUrl\":\"https:\\\/\\\/radioljubuski.ba\\\/wp-content\\\/uploads\\\/2021\\\/02\\\/cropped-Radio_Ljubuski_logo1.jpg\",\"width\":512,\"height\":512,\"caption\":\"Radio Ljubu\u0161ki\"},\"image\":{\"@id\":\"https:\\\/\\\/radioljubuski.ba\\\/#\\\/schema\\\/logo\\\/image\\\/\"},\"sameAs\":[\"https:\\\/\\\/www.facebook.com\\\/Radiio-Ljubuski-1490835324566332\",\"https:\\\/\\\/x.com\\\/radioljubuski\",\"https:\\\/\\\/hr.linkedin.com\\\/company\\\/radio-ljubuski\",\"https:\\\/\\\/www.youtube.com\\\/channel\\\/UCHYaeO_n0Db3tjNGudGpXyw\"]},{\"@type\":\"Person\",\"@id\":\"https:\\\/\\\/radioljubuski.ba\\\/#\\\/schema\\\/person\\\/19fc700381a780f69665d7956c469e3b\",\"name\":\"Radio Ljubu\u0161ki\"}]}<\/script>\n<!-- \/ Yoast SEO plugin. -->","yoast_head_json":{"title":"Iz Hajduka se oglasili o snimci sporne navija\u010dke pjesme: \u2018Ispri\u010davamo se svima onima \u010diji su osje\u0107aji povrije\u0111eni nepromi\u0161ljenim potezima na\u0161ih igra\u010da\u2018 - RADIO LJUBU\u0160KI","robots":{"index":"index","follow":"follow","max-snippet":"max-snippet:-1","max-image-preview":"max-image-preview:large","max-video-preview":"max-video-preview:-1"},"canonical":"https:\/\/radioljubuski.ba\/index.php\/2021\/12\/06\/iz-hajduka-se-oglasili-o-snimci-sporne-navijacke-pjesme-ispricavamo-se-svima-onima-ciji-su-osjecaji-povrijedeni-nepromisljenim-potezima-nasih-igraca\/","og_locale":"hr_HR","og_type":"article","og_title":"Iz Hajduka se oglasili o snimci sporne navija\u010dke pjesme: \u2018Ispri\u010davamo se svima onima \u010diji su osje\u0107aji povrije\u0111eni nepromi\u0161ljenim potezima na\u0161ih igra\u010da\u2018 - RADIO LJUBU\u0160KI","og_description":"Marko Livaja u nedjelju je sjajnom partijom sru\u0161io Dinamo u Maksimiru, a nakon do\u010deka navija\u010da u splitskoj zra\u010dnoj luci i na Poljudu, odlu\u010dio je proslaviti veliku pobjedu i u jednom splitskom no\u0107nom klubu. Tamo je, pak, snimljen kako zajedno s Danijelom Suba\u0161i\u0107em pjeva stihove:\u00a0&#8216;Mrzin Dinamo, srpsko ime to&#8230;&#8217; O\u00a0cijelom incidentu su se oglasili i iz [&hellip;]","og_url":"https:\/\/radioljubuski.ba\/index.php\/2021\/12\/06\/iz-hajduka-se-oglasili-o-snimci-sporne-navijacke-pjesme-ispricavamo-se-svima-onima-ciji-su-osjecaji-povrijedeni-nepromisljenim-potezima-nasih-igraca\/","og_site_name":"RADIO LJUBU\u0160KI","article_publisher":"https:\/\/www.facebook.com\/Radiio-Ljubuski-1490835324566332","article_published_time":"2021-12-06T17:18:55+00:00","article_modified_time":"2021-12-06T17:18:56+00:00","og_image":[{"width":696,"height":392,"url":"https:\/\/radioljubuski.ba\/wp-content\/uploads\/2021\/12\/livaja-navijaci-696x392-1.png","type":"image\/png"}],"author":"Radio Ljubu\u0161ki","twitter_card":"summary_large_image","twitter_creator":"@radioljubuski","twitter_site":"@radioljubuski","twitter_misc":{"Napisao\/la":"Radio Ljubu\u0161ki","Procijenjeno vrijeme \u010ditanja":"1 minuta"},"schema":{"@context":"https:\/\/schema.org","@graph":[{"@type":"Article","@id":"https:\/\/radioljubuski.ba\/index.php\/2021\/12\/06\/iz-hajduka-se-oglasili-o-snimci-sporne-navijacke-pjesme-ispricavamo-se-svima-onima-ciji-su-osjecaji-povrijedeni-nepromisljenim-potezima-nasih-igraca\/#article","isPartOf":{"@id":"https:\/\/radioljubuski.ba\/index.php\/2021\/12\/06\/iz-hajduka-se-oglasili-o-snimci-sporne-navijacke-pjesme-ispricavamo-se-svima-onima-ciji-su-osjecaji-povrijedeni-nepromisljenim-potezima-nasih-igraca\/"},"author":{"name":"Radio Ljubu\u0161ki","@id":"https:\/\/radioljubuski.ba\/#\/schema\/person\/19fc700381a780f69665d7956c469e3b"},"headline":"Iz Hajduka se oglasili o snimci sporne navija\u010dke pjesme: \u2018Ispri\u010davamo se svima onima \u010diji su osje\u0107aji povrije\u0111eni nepromi\u0161ljenim potezima na\u0161ih igra\u010da\u2018","datePublished":"2021-12-06T17:18:55+00:00","dateModified":"2021-12-06T17:18:56+00:00","mainEntityOfPage":{"@id":"https:\/\/radioljubuski.ba\/index.php\/2021\/12\/06\/iz-hajduka-se-oglasili-o-snimci-sporne-navijacke-pjesme-ispricavamo-se-svima-onima-ciji-su-osjecaji-povrijedeni-nepromisljenim-potezima-nasih-igraca\/"},"wordCount":275,"publisher":{"@id":"https:\/\/radioljubuski.ba\/#organization"},"image":{"@id":"https:\/\/radioljubuski.ba\/index.php\/2021\/12\/06\/iz-hajduka-se-oglasili-o-snimci-sporne-navijacke-pjesme-ispricavamo-se-svima-onima-ciji-su-osjecaji-povrijedeni-nepromisljenim-potezima-nasih-igraca\/#primaryimage"},"thumbnailUrl":"https:\/\/radioljubuski.ba\/wp-content\/uploads\/2021\/12\/livaja-navijaci-696x392-1.png","articleSection":["\u0160port"],"inLanguage":"hr"},{"@type":"WebPage","@id":"https:\/\/radioljubuski.ba\/index.php\/2021\/12\/06\/iz-hajduka-se-oglasili-o-snimci-sporne-navijacke-pjesme-ispricavamo-se-svima-onima-ciji-su-osjecaji-povrijedeni-nepromisljenim-potezima-nasih-igraca\/","url":"https:\/\/radioljubuski.ba\/index.php\/2021\/12\/06\/iz-hajduka-se-oglasili-o-snimci-sporne-navijacke-pjesme-ispricavamo-se-svima-onima-ciji-su-osjecaji-povrijedeni-nepromisljenim-potezima-nasih-igraca\/","name":"Iz Hajduka se oglasili o snimci sporne navija\u010dke pjesme: \u2018Ispri\u010davamo se svima onima \u010diji su osje\u0107aji povrije\u0111eni nepromi\u0161ljenim potezima na\u0161ih igra\u010da\u2018 - RADIO LJUBU\u0160KI","isPartOf":{"@id":"https:\/\/radioljubuski.ba\/#website"},"primaryImageOfPage":{"@id":"https:\/\/radioljubuski.ba\/index.php\/2021\/12\/06\/iz-hajduka-se-oglasili-o-snimci-sporne-navijacke-pjesme-ispricavamo-se-svima-onima-ciji-su-osjecaji-povrijedeni-nepromisljenim-potezima-nasih-igraca\/#primaryimage"},"image":{"@id":"https:\/\/radioljubuski.ba\/index.php\/2021\/12\/06\/iz-hajduka-se-oglasili-o-snimci-sporne-navijacke-pjesme-ispricavamo-se-svima-onima-ciji-su-osjecaji-povrijedeni-nepromisljenim-potezima-nasih-igraca\/#primaryimage"},"thumbnailUrl":"https:\/\/radioljubuski.ba\/wp-content\/uploads\/2021\/12\/livaja-navijaci-696x392-1.png","datePublished":"2021-12-06T17:18:55+00:00","dateModified":"2021-12-06T17:18:56+00:00","breadcrumb":{"@id":"https:\/\/radioljubuski.ba\/index.php\/2021\/12\/06\/iz-hajduka-se-oglasili-o-snimci-sporne-navijacke-pjesme-ispricavamo-se-svima-onima-ciji-su-osjecaji-povrijedeni-nepromisljenim-potezima-nasih-igraca\/#breadcrumb"},"inLanguage":"hr","potentialAction":[{"@type":"ReadAction","target":["https:\/\/radioljubuski.ba\/index.php\/2021\/12\/06\/iz-hajduka-se-oglasili-o-snimci-sporne-navijacke-pjesme-ispricavamo-se-svima-onima-ciji-su-osjecaji-povrijedeni-nepromisljenim-potezima-nasih-igraca\/"]}]},{"@type":"ImageObject","inLanguage":"hr","@id":"https:\/\/radioljubuski.ba\/index.php\/2021\/12\/06\/iz-hajduka-se-oglasili-o-snimci-sporne-navijacke-pjesme-ispricavamo-se-svima-onima-ciji-su-osjecaji-povrijedeni-nepromisljenim-potezima-nasih-igraca\/#primaryimage","url":"https:\/\/radioljubuski.ba\/wp-content\/uploads\/2021\/12\/livaja-navijaci-696x392-1.png","contentUrl":"https:\/\/radioljubuski.ba\/wp-content\/uploads\/2021\/12\/livaja-navijaci-696x392-1.png","width":696,"height":392},{"@type":"BreadcrumbList","@id":"https:\/\/radioljubuski.ba\/index.php\/2021\/12\/06\/iz-hajduka-se-oglasili-o-snimci-sporne-navijacke-pjesme-ispricavamo-se-svima-onima-ciji-su-osjecaji-povrijedeni-nepromisljenim-potezima-nasih-igraca\/#breadcrumb","itemListElement":[{"@type":"ListItem","position":1,"name":"Po\u010detna stranica","item":"https:\/\/radioljubuski.ba\/"},{"@type":"ListItem","position":2,"name":"Iz Hajduka se oglasili o snimci sporne navija\u010dke pjesme: \u2018Ispri\u010davamo se svima onima \u010diji su osje\u0107aji povrije\u0111eni nepromi\u0161ljenim potezima na\u0161ih igra\u010da\u2018"}]},{"@type":"WebSite","@id":"https:\/\/radioljubuski.ba\/#website","url":"https:\/\/radioljubuski.ba\/","name":"Radio Ljubu\u0161ki","description":"Sun\u010dana frekvencija Hercegovine","publisher":{"@id":"https:\/\/radioljubuski.ba\/#organization"},"potentialAction":[{"@type":"SearchAction","target":{"@type":"EntryPoint","urlTemplate":"https:\/\/radioljubuski.ba\/?s={search_term_string}"},"query-input":{"@type":"PropertyValueSpecification","valueRequired":true,"valueName":"search_term_string"}}],"inLanguage":"hr"},{"@type":"Organization","@id":"https:\/\/radioljubuski.ba\/#organization","name":"Radio Ljubu\u0161ki","url":"https:\/\/radioljubuski.ba\/","logo":{"@type":"ImageObject","inLanguage":"hr","@id":"https:\/\/radioljubuski.ba\/#\/schema\/logo\/image\/","url":"https:\/\/radioljubuski.ba\/wp-content\/uploads\/2021\/02\/cropped-Radio_Ljubuski_logo1.jpg","contentUrl":"https:\/\/radioljubuski.ba\/wp-content\/uploads\/2021\/02\/cropped-Radio_Ljubuski_logo1.jpg","width":512,"height":512,"caption":"Radio Ljubu\u0161ki"},"image":{"@id":"https:\/\/radioljubuski.ba\/#\/schema\/logo\/image\/"},"sameAs":["https:\/\/www.facebook.com\/Radiio-Ljubuski-1490835324566332","https:\/\/x.com\/radioljubuski","https:\/\/hr.linkedin.com\/company\/radio-ljubuski","https:\/\/www.youtube.com\/channel\/UCHYaeO_n0Db3tjNGudGpXyw"]},{"@type":"Person","@id":"https:\/\/radioljubuski.ba\/#\/schema\/person\/19fc700381a780f69665d7956c469e3b","name":"Radio Ljubu\u0161ki"}]}},"_links":{"self":[{"href":"https:\/\/radioljubuski.ba\/index.php\/wp-json\/wp\/v2\/posts\/96617","targetHints":{"allow":["GET"]}}],"collection":[{"href":"https:\/\/radioljubuski.ba\/index.php\/wp-json\/wp\/v2\/posts"}],"about":[{"href":"https:\/\/radioljubuski.ba\/index.php\/wp-json\/wp\/v2\/types\/post"}],"author":[{"embeddable":true,"href":"https:\/\/radioljubuski.ba\/index.php\/wp-json\/wp\/v2\/users\/2"}],"replies":[{"embeddable":true,"href":"https:\/\/radioljubuski.ba\/index.php\/wp-json\/wp\/v2\/comments?post=96617"}],"version-history":[{"count":1,"href":"https:\/\/radioljubuski.ba\/index.php\/wp-json\/wp\/v2\/posts\/96617\/revisions"}],"predecessor-version":[{"id":96619,"href":"https:\/\/radioljubuski.ba\/index.php\/wp-json\/wp\/v2\/posts\/96617\/revisions\/96619"}],"wp:featuredmedia":[{"embeddable":true,"href":"https:\/\/radioljubuski.ba\/index.php\/wp-json\/wp\/v2\/media\/96481"}],"wp:attachment":[{"href":"https:\/\/radioljubuski.ba\/index.php\/wp-json\/wp\/v2\/media?parent=96617"}],"wp:term":[{"taxonomy":"category","embeddable":true,"href":"https:\/\/radioljubuski.ba\/index.php\/wp-json\/wp\/v2\/categories?post=96617"},{"taxonomy":"post_tag","embeddable":true,"href":"https:\/\/radioljubuski.ba\/index.php\/wp-json\/wp\/v2\/tags?post=96617"}],"curies":[{"name":"wp","href":"https:\/\/api.w.org\/{rel}","templated":true}]}}