{"id":96620,"date":"2021-12-06T18:29:07","date_gmt":"2021-12-06T17:29:07","guid":{"rendered":"https:\/\/radioljubuski.ba\/?p=96620"},"modified":"2021-12-06T18:29:08","modified_gmt":"2021-12-06T17:29:08","slug":"navijaci-pozdravili-tenisace-na-lijepom-doceku-u-zagrebu","status":"publish","type":"post","link":"https:\/\/radioljubuski.ba\/index.php\/2021\/12\/06\/navijaci-pozdravili-tenisace-na-lijepom-doceku-u-zagrebu\/","title":{"rendered":"Navija\u010di pozdravili tenisa\u010de na lijepom do\u010deku u Zagrebu"},"content":{"rendered":"\n<p>Hrvatski tenisa\u010di, koji su igrali u finalu Davis Cupa, vratili su se u Zagreb i prire\u0111en im je do\u010dek na Trgu bana Jela\u010di\u0107a.<\/p>\n\n\n\n<p>\u2013 Umorni smo, ali i zadovoljni. U finalu nisam uspio dobiti, ali nadam se da \u0107emo uskoro dobiti opet priliku. Stalno nas ekipa gura naprijed, atmosfera je fantasti\u010dna, rekao je hrvatski heroj Davis Cupa Borna Gojo te istaknuo da bi radije da Hajduk osvoji prvenstvo nego on Davis Cup.<\/p>\n\n\n\n<iframe loading=\"lazy\" src=\"https:\/\/www.facebook.com\/plugins\/video.php?height=314&#038;href=https%3A%2F%2Fwww.facebook.com%2FHRTsport%2Fvideos%2F980344869572280%2F&#038;show_text=false&#038;width=560&#038;t=0\" width=\"560\" height=\"314\" style=\"border:none;overflow:hidden\" scrolling=\"no\" frameborder=\"0\" allowfullscreen=\"true\" allow=\"autoplay; clipboard-write; encrypted-media; picture-in-picture; web-share\" allowFullScreen=\"true\"><\/iframe>\n\n\n\n<p>Marin \u010cili\u0107 zahvalio je svima na podr\u0161ci, ali i ustvrdio: \u2013 Da sam ja igrao malo bolje, mo\u017eda smo mogli i pobijediti.<\/p>\n\n\n\n<p>Mate Pavi\u0107 je rekao: \u2013 Bili smo oslabljeni, ali ako sljede\u0107e godine budemo u punom sastavu, sigurno da mo\u017eemo ovo ponoviti.<\/p>\n\n\n\n<p>\u2013 Kad se igra za na\u0161u reprezentaciju, svi daju svoj maksimum. Protiv Rusije nam je malo je nedostajalo, ali sljede\u0107e godine ide popravni ispit!, rekao je izbornik hrvatske teniske reprezentacije Vedran Marti\u0107, pi\u0161e HRT.<\/p>\n\n\n\n<p><em>Izvor: narod.hr<\/em><\/p>\n","protected":false},"excerpt":{"rendered":"<p>Hrvatski tenisa\u010di, koji su igrali u finalu Davis Cupa, vratili su se u Zagreb i prire\u0111en im je do\u010dek na Trgu bana Jela\u010di\u0107a. \u2013 Umorni smo, ali i zadovoljni. U finalu nisam uspio dobiti, ali nadam se da \u0107emo uskoro dobiti opet priliku. Stalno nas ekipa gura naprijed, atmosfera je fantasti\u010dna, rekao je hrvatski heroj [&hellip;]<\/p>\n","protected":false},"author":2,"featured_media":96621,"comment_status":"closed","ping_status":"closed","sticky":false,"template":"","format":"standard","meta":{"h5ap_radio_sources":[],"footnotes":""},"categories":[7],"tags":[],"class_list":["post-96620","post","type-post","status-publish","format-standard","has-post-thumbnail","hentry","category-sport"],"yoast_head":"<!-- This site is optimized with the Yoast SEO plugin v27.5 - https:\/\/yoast.com\/product\/yoast-seo-wordpress\/ -->\n<title>Navija\u010di pozdravili tenisa\u010de na lijepom do\u010deku u Zagrebu - RADIO LJUBU\u0160KI<\/title>\n<meta name=\"robots\" content=\"index, follow, max-snippet:-1, max-image-preview:large, max-video-preview:-1\" \/>\n<link rel=\"canonical\" href=\"https:\/\/radioljubuski.ba\/index.php\/2021\/12\/06\/navijaci-pozdravili-tenisace-na-lijepom-doceku-u-zagrebu\/\" \/>\n<meta property=\"og:locale\" content=\"hr_HR\" \/>\n<meta property=\"og:type\" content=\"article\" \/>\n<meta property=\"og:title\" content=\"Navija\u010di pozdravili tenisa\u010de na lijepom do\u010deku u Zagrebu - RADIO LJUBU\u0160KI\" \/>\n<meta property=\"og:description\" content=\"Hrvatski tenisa\u010di, koji su igrali u finalu Davis Cupa, vratili su se u Zagreb i prire\u0111en im je do\u010dek na Trgu bana Jela\u010di\u0107a. \u2013 Umorni smo, ali i zadovoljni. U finalu nisam uspio dobiti, ali nadam se da \u0107emo uskoro dobiti opet priliku. Stalno nas ekipa gura naprijed, atmosfera je fantasti\u010dna, rekao je hrvatski heroj [&hellip;]\" \/>\n<meta property=\"og:url\" content=\"https:\/\/radioljubuski.ba\/index.php\/2021\/12\/06\/navijaci-pozdravili-tenisace-na-lijepom-doceku-u-zagrebu\/\" \/>\n<meta property=\"og:site_name\" content=\"RADIO LJUBU\u0160KI\" \/>\n<meta property=\"article:publisher\" content=\"https:\/\/www.facebook.com\/Radiio-Ljubuski-1490835324566332\" \/>\n<meta property=\"article:published_time\" content=\"2021-12-06T17:29:07+00:00\" \/>\n<meta property=\"article:modified_time\" content=\"2021-12-06T17:29:08+00:00\" \/>\n<meta property=\"og:image\" content=\"https:\/\/radioljubuski.ba\/wp-content\/uploads\/2021\/12\/davis-cup-696x451-1.png\" \/>\n\t<meta property=\"og:image:width\" content=\"696\" \/>\n\t<meta property=\"og:image:height\" content=\"451\" \/>\n\t<meta property=\"og:image:type\" content=\"image\/png\" \/>\n<meta name=\"author\" content=\"Radio Ljubu\u0161ki\" \/>\n<meta name=\"twitter:card\" content=\"summary_large_image\" \/>\n<meta name=\"twitter:creator\" content=\"@radioljubuski\" \/>\n<meta name=\"twitter:site\" content=\"@radioljubuski\" \/>\n<meta name=\"twitter:label1\" content=\"Napisao\/la\" \/>\n\t<meta name=\"twitter:data1\" content=\"Radio Ljubu\u0161ki\" \/>\n\t<meta name=\"twitter:label2\" content=\"Procijenjeno vrijeme \u010ditanja\" \/>\n\t<meta name=\"twitter:data2\" content=\"1 minuta\" \/>\n<script type=\"application\/ld+json\" class=\"yoast-schema-graph\">{\"@context\":\"https:\\\/\\\/schema.org\",\"@graph\":[{\"@type\":\"Article\",\"@id\":\"https:\\\/\\\/radioljubuski.ba\\\/index.php\\\/2021\\\/12\\\/06\\\/navijaci-pozdravili-tenisace-na-lijepom-doceku-u-zagrebu\\\/#article\",\"isPartOf\":{\"@id\":\"https:\\\/\\\/radioljubuski.ba\\\/index.php\\\/2021\\\/12\\\/06\\\/navijaci-pozdravili-tenisace-na-lijepom-doceku-u-zagrebu\\\/\"},\"author\":{\"name\":\"Radio Ljubu\u0161ki\",\"@id\":\"https:\\\/\\\/radioljubuski.ba\\\/#\\\/schema\\\/person\\\/19fc700381a780f69665d7956c469e3b\"},\"headline\":\"Navija\u010di pozdravili tenisa\u010de na lijepom do\u010deku u Zagrebu\",\"datePublished\":\"2021-12-06T17:29:07+00:00\",\"dateModified\":\"2021-12-06T17:29:08+00:00\",\"mainEntityOfPage\":{\"@id\":\"https:\\\/\\\/radioljubuski.ba\\\/index.php\\\/2021\\\/12\\\/06\\\/navijaci-pozdravili-tenisace-na-lijepom-doceku-u-zagrebu\\\/\"},\"wordCount\":172,\"publisher\":{\"@id\":\"https:\\\/\\\/radioljubuski.ba\\\/#organization\"},\"image\":{\"@id\":\"https:\\\/\\\/radioljubuski.ba\\\/index.php\\\/2021\\\/12\\\/06\\\/navijaci-pozdravili-tenisace-na-lijepom-doceku-u-zagrebu\\\/#primaryimage\"},\"thumbnailUrl\":\"https:\\\/\\\/radioljubuski.ba\\\/wp-content\\\/uploads\\\/2021\\\/12\\\/davis-cup-696x451-1.png\",\"articleSection\":[\"\u0160port\"],\"inLanguage\":\"hr\"},{\"@type\":\"WebPage\",\"@id\":\"https:\\\/\\\/radioljubuski.ba\\\/index.php\\\/2021\\\/12\\\/06\\\/navijaci-pozdravili-tenisace-na-lijepom-doceku-u-zagrebu\\\/\",\"url\":\"https:\\\/\\\/radioljubuski.ba\\\/index.php\\\/2021\\\/12\\\/06\\\/navijaci-pozdravili-tenisace-na-lijepom-doceku-u-zagrebu\\\/\",\"name\":\"Navija\u010di pozdravili tenisa\u010de na lijepom do\u010deku u Zagrebu - RADIO LJUBU\u0160KI\",\"isPartOf\":{\"@id\":\"https:\\\/\\\/radioljubuski.ba\\\/#website\"},\"primaryImageOfPage\":{\"@id\":\"https:\\\/\\\/radioljubuski.ba\\\/index.php\\\/2021\\\/12\\\/06\\\/navijaci-pozdravili-tenisace-na-lijepom-doceku-u-zagrebu\\\/#primaryimage\"},\"image\":{\"@id\":\"https:\\\/\\\/radioljubuski.ba\\\/index.php\\\/2021\\\/12\\\/06\\\/navijaci-pozdravili-tenisace-na-lijepom-doceku-u-zagrebu\\\/#primaryimage\"},\"thumbnailUrl\":\"https:\\\/\\\/radioljubuski.ba\\\/wp-content\\\/uploads\\\/2021\\\/12\\\/davis-cup-696x451-1.png\",\"datePublished\":\"2021-12-06T17:29:07+00:00\",\"dateModified\":\"2021-12-06T17:29:08+00:00\",\"breadcrumb\":{\"@id\":\"https:\\\/\\\/radioljubuski.ba\\\/index.php\\\/2021\\\/12\\\/06\\\/navijaci-pozdravili-tenisace-na-lijepom-doceku-u-zagrebu\\\/#breadcrumb\"},\"inLanguage\":\"hr\",\"potentialAction\":[{\"@type\":\"ReadAction\",\"target\":[\"https:\\\/\\\/radioljubuski.ba\\\/index.php\\\/2021\\\/12\\\/06\\\/navijaci-pozdravili-tenisace-na-lijepom-doceku-u-zagrebu\\\/\"]}]},{\"@type\":\"ImageObject\",\"inLanguage\":\"hr\",\"@id\":\"https:\\\/\\\/radioljubuski.ba\\\/index.php\\\/2021\\\/12\\\/06\\\/navijaci-pozdravili-tenisace-na-lijepom-doceku-u-zagrebu\\\/#primaryimage\",\"url\":\"https:\\\/\\\/radioljubuski.ba\\\/wp-content\\\/uploads\\\/2021\\\/12\\\/davis-cup-696x451-1.png\",\"contentUrl\":\"https:\\\/\\\/radioljubuski.ba\\\/wp-content\\\/uploads\\\/2021\\\/12\\\/davis-cup-696x451-1.png\",\"width\":696,\"height\":451},{\"@type\":\"BreadcrumbList\",\"@id\":\"https:\\\/\\\/radioljubuski.ba\\\/index.php\\\/2021\\\/12\\\/06\\\/navijaci-pozdravili-tenisace-na-lijepom-doceku-u-zagrebu\\\/#breadcrumb\",\"itemListElement\":[{\"@type\":\"ListItem\",\"position\":1,\"name\":\"Po\u010detna stranica\",\"item\":\"https:\\\/\\\/radioljubuski.ba\\\/\"},{\"@type\":\"ListItem\",\"position\":2,\"name\":\"Navija\u010di pozdravili tenisa\u010de na lijepom do\u010deku u Zagrebu\"}]},{\"@type\":\"WebSite\",\"@id\":\"https:\\\/\\\/radioljubuski.ba\\\/#website\",\"url\":\"https:\\\/\\\/radioljubuski.ba\\\/\",\"name\":\"Radio Ljubu\u0161ki\",\"description\":\"Sun\u010dana frekvencija Hercegovine\",\"publisher\":{\"@id\":\"https:\\\/\\\/radioljubuski.ba\\\/#organization\"},\"potentialAction\":[{\"@type\":\"SearchAction\",\"target\":{\"@type\":\"EntryPoint\",\"urlTemplate\":\"https:\\\/\\\/radioljubuski.ba\\\/?s={search_term_string}\"},\"query-input\":{\"@type\":\"PropertyValueSpecification\",\"valueRequired\":true,\"valueName\":\"search_term_string\"}}],\"inLanguage\":\"hr\"},{\"@type\":\"Organization\",\"@id\":\"https:\\\/\\\/radioljubuski.ba\\\/#organization\",\"name\":\"Radio Ljubu\u0161ki\",\"url\":\"https:\\\/\\\/radioljubuski.ba\\\/\",\"logo\":{\"@type\":\"ImageObject\",\"inLanguage\":\"hr\",\"@id\":\"https:\\\/\\\/radioljubuski.ba\\\/#\\\/schema\\\/logo\\\/image\\\/\",\"url\":\"https:\\\/\\\/radioljubuski.ba\\\/wp-content\\\/uploads\\\/2021\\\/02\\\/cropped-Radio_Ljubuski_logo1.jpg\",\"contentUrl\":\"https:\\\/\\\/radioljubuski.ba\\\/wp-content\\\/uploads\\\/2021\\\/02\\\/cropped-Radio_Ljubuski_logo1.jpg\",\"width\":512,\"height\":512,\"caption\":\"Radio Ljubu\u0161ki\"},\"image\":{\"@id\":\"https:\\\/\\\/radioljubuski.ba\\\/#\\\/schema\\\/logo\\\/image\\\/\"},\"sameAs\":[\"https:\\\/\\\/www.facebook.com\\\/Radiio-Ljubuski-1490835324566332\",\"https:\\\/\\\/x.com\\\/radioljubuski\",\"https:\\\/\\\/hr.linkedin.com\\\/company\\\/radio-ljubuski\",\"https:\\\/\\\/www.youtube.com\\\/channel\\\/UCHYaeO_n0Db3tjNGudGpXyw\"]},{\"@type\":\"Person\",\"@id\":\"https:\\\/\\\/radioljubuski.ba\\\/#\\\/schema\\\/person\\\/19fc700381a780f69665d7956c469e3b\",\"name\":\"Radio Ljubu\u0161ki\"}]}<\/script>\n<!-- \/ Yoast SEO plugin. -->","yoast_head_json":{"title":"Navija\u010di pozdravili tenisa\u010de na lijepom do\u010deku u Zagrebu - RADIO LJUBU\u0160KI","robots":{"index":"index","follow":"follow","max-snippet":"max-snippet:-1","max-image-preview":"max-image-preview:large","max-video-preview":"max-video-preview:-1"},"canonical":"https:\/\/radioljubuski.ba\/index.php\/2021\/12\/06\/navijaci-pozdravili-tenisace-na-lijepom-doceku-u-zagrebu\/","og_locale":"hr_HR","og_type":"article","og_title":"Navija\u010di pozdravili tenisa\u010de na lijepom do\u010deku u Zagrebu - RADIO LJUBU\u0160KI","og_description":"Hrvatski tenisa\u010di, koji su igrali u finalu Davis Cupa, vratili su se u Zagreb i prire\u0111en im je do\u010dek na Trgu bana Jela\u010di\u0107a. \u2013 Umorni smo, ali i zadovoljni. U finalu nisam uspio dobiti, ali nadam se da \u0107emo uskoro dobiti opet priliku. Stalno nas ekipa gura naprijed, atmosfera je fantasti\u010dna, rekao je hrvatski heroj [&hellip;]","og_url":"https:\/\/radioljubuski.ba\/index.php\/2021\/12\/06\/navijaci-pozdravili-tenisace-na-lijepom-doceku-u-zagrebu\/","og_site_name":"RADIO LJUBU\u0160KI","article_publisher":"https:\/\/www.facebook.com\/Radiio-Ljubuski-1490835324566332","article_published_time":"2021-12-06T17:29:07+00:00","article_modified_time":"2021-12-06T17:29:08+00:00","og_image":[{"width":696,"height":451,"url":"https:\/\/radioljubuski.ba\/wp-content\/uploads\/2021\/12\/davis-cup-696x451-1.png","type":"image\/png"}],"author":"Radio Ljubu\u0161ki","twitter_card":"summary_large_image","twitter_creator":"@radioljubuski","twitter_site":"@radioljubuski","twitter_misc":{"Napisao\/la":"Radio Ljubu\u0161ki","Procijenjeno vrijeme \u010ditanja":"1 minuta"},"schema":{"@context":"https:\/\/schema.org","@graph":[{"@type":"Article","@id":"https:\/\/radioljubuski.ba\/index.php\/2021\/12\/06\/navijaci-pozdravili-tenisace-na-lijepom-doceku-u-zagrebu\/#article","isPartOf":{"@id":"https:\/\/radioljubuski.ba\/index.php\/2021\/12\/06\/navijaci-pozdravili-tenisace-na-lijepom-doceku-u-zagrebu\/"},"author":{"name":"Radio Ljubu\u0161ki","@id":"https:\/\/radioljubuski.ba\/#\/schema\/person\/19fc700381a780f69665d7956c469e3b"},"headline":"Navija\u010di pozdravili tenisa\u010de na lijepom do\u010deku u Zagrebu","datePublished":"2021-12-06T17:29:07+00:00","dateModified":"2021-12-06T17:29:08+00:00","mainEntityOfPage":{"@id":"https:\/\/radioljubuski.ba\/index.php\/2021\/12\/06\/navijaci-pozdravili-tenisace-na-lijepom-doceku-u-zagrebu\/"},"wordCount":172,"publisher":{"@id":"https:\/\/radioljubuski.ba\/#organization"},"image":{"@id":"https:\/\/radioljubuski.ba\/index.php\/2021\/12\/06\/navijaci-pozdravili-tenisace-na-lijepom-doceku-u-zagrebu\/#primaryimage"},"thumbnailUrl":"https:\/\/radioljubuski.ba\/wp-content\/uploads\/2021\/12\/davis-cup-696x451-1.png","articleSection":["\u0160port"],"inLanguage":"hr"},{"@type":"WebPage","@id":"https:\/\/radioljubuski.ba\/index.php\/2021\/12\/06\/navijaci-pozdravili-tenisace-na-lijepom-doceku-u-zagrebu\/","url":"https:\/\/radioljubuski.ba\/index.php\/2021\/12\/06\/navijaci-pozdravili-tenisace-na-lijepom-doceku-u-zagrebu\/","name":"Navija\u010di pozdravili tenisa\u010de na lijepom do\u010deku u Zagrebu - RADIO LJUBU\u0160KI","isPartOf":{"@id":"https:\/\/radioljubuski.ba\/#website"},"primaryImageOfPage":{"@id":"https:\/\/radioljubuski.ba\/index.php\/2021\/12\/06\/navijaci-pozdravili-tenisace-na-lijepom-doceku-u-zagrebu\/#primaryimage"},"image":{"@id":"https:\/\/radioljubuski.ba\/index.php\/2021\/12\/06\/navijaci-pozdravili-tenisace-na-lijepom-doceku-u-zagrebu\/#primaryimage"},"thumbnailUrl":"https:\/\/radioljubuski.ba\/wp-content\/uploads\/2021\/12\/davis-cup-696x451-1.png","datePublished":"2021-12-06T17:29:07+00:00","dateModified":"2021-12-06T17:29:08+00:00","breadcrumb":{"@id":"https:\/\/radioljubuski.ba\/index.php\/2021\/12\/06\/navijaci-pozdravili-tenisace-na-lijepom-doceku-u-zagrebu\/#breadcrumb"},"inLanguage":"hr","potentialAction":[{"@type":"ReadAction","target":["https:\/\/radioljubuski.ba\/index.php\/2021\/12\/06\/navijaci-pozdravili-tenisace-na-lijepom-doceku-u-zagrebu\/"]}]},{"@type":"ImageObject","inLanguage":"hr","@id":"https:\/\/radioljubuski.ba\/index.php\/2021\/12\/06\/navijaci-pozdravili-tenisace-na-lijepom-doceku-u-zagrebu\/#primaryimage","url":"https:\/\/radioljubuski.ba\/wp-content\/uploads\/2021\/12\/davis-cup-696x451-1.png","contentUrl":"https:\/\/radioljubuski.ba\/wp-content\/uploads\/2021\/12\/davis-cup-696x451-1.png","width":696,"height":451},{"@type":"BreadcrumbList","@id":"https:\/\/radioljubuski.ba\/index.php\/2021\/12\/06\/navijaci-pozdravili-tenisace-na-lijepom-doceku-u-zagrebu\/#breadcrumb","itemListElement":[{"@type":"ListItem","position":1,"name":"Po\u010detna stranica","item":"https:\/\/radioljubuski.ba\/"},{"@type":"ListItem","position":2,"name":"Navija\u010di pozdravili tenisa\u010de na lijepom do\u010deku u Zagrebu"}]},{"@type":"WebSite","@id":"https:\/\/radioljubuski.ba\/#website","url":"https:\/\/radioljubuski.ba\/","name":"Radio Ljubu\u0161ki","description":"Sun\u010dana frekvencija Hercegovine","publisher":{"@id":"https:\/\/radioljubuski.ba\/#organization"},"potentialAction":[{"@type":"SearchAction","target":{"@type":"EntryPoint","urlTemplate":"https:\/\/radioljubuski.ba\/?s={search_term_string}"},"query-input":{"@type":"PropertyValueSpecification","valueRequired":true,"valueName":"search_term_string"}}],"inLanguage":"hr"},{"@type":"Organization","@id":"https:\/\/radioljubuski.ba\/#organization","name":"Radio Ljubu\u0161ki","url":"https:\/\/radioljubuski.ba\/","logo":{"@type":"ImageObject","inLanguage":"hr","@id":"https:\/\/radioljubuski.ba\/#\/schema\/logo\/image\/","url":"https:\/\/radioljubuski.ba\/wp-content\/uploads\/2021\/02\/cropped-Radio_Ljubuski_logo1.jpg","contentUrl":"https:\/\/radioljubuski.ba\/wp-content\/uploads\/2021\/02\/cropped-Radio_Ljubuski_logo1.jpg","width":512,"height":512,"caption":"Radio Ljubu\u0161ki"},"image":{"@id":"https:\/\/radioljubuski.ba\/#\/schema\/logo\/image\/"},"sameAs":["https:\/\/www.facebook.com\/Radiio-Ljubuski-1490835324566332","https:\/\/x.com\/radioljubuski","https:\/\/hr.linkedin.com\/company\/radio-ljubuski","https:\/\/www.youtube.com\/channel\/UCHYaeO_n0Db3tjNGudGpXyw"]},{"@type":"Person","@id":"https:\/\/radioljubuski.ba\/#\/schema\/person\/19fc700381a780f69665d7956c469e3b","name":"Radio Ljubu\u0161ki"}]}},"_links":{"self":[{"href":"https:\/\/radioljubuski.ba\/index.php\/wp-json\/wp\/v2\/posts\/96620","targetHints":{"allow":["GET"]}}],"collection":[{"href":"https:\/\/radioljubuski.ba\/index.php\/wp-json\/wp\/v2\/posts"}],"about":[{"href":"https:\/\/radioljubuski.ba\/index.php\/wp-json\/wp\/v2\/types\/post"}],"author":[{"embeddable":true,"href":"https:\/\/radioljubuski.ba\/index.php\/wp-json\/wp\/v2\/users\/2"}],"replies":[{"embeddable":true,"href":"https:\/\/radioljubuski.ba\/index.php\/wp-json\/wp\/v2\/comments?post=96620"}],"version-history":[{"count":1,"href":"https:\/\/radioljubuski.ba\/index.php\/wp-json\/wp\/v2\/posts\/96620\/revisions"}],"predecessor-version":[{"id":96622,"href":"https:\/\/radioljubuski.ba\/index.php\/wp-json\/wp\/v2\/posts\/96620\/revisions\/96622"}],"wp:featuredmedia":[{"embeddable":true,"href":"https:\/\/radioljubuski.ba\/index.php\/wp-json\/wp\/v2\/media\/96621"}],"wp:attachment":[{"href":"https:\/\/radioljubuski.ba\/index.php\/wp-json\/wp\/v2\/media?parent=96620"}],"wp:term":[{"taxonomy":"category","embeddable":true,"href":"https:\/\/radioljubuski.ba\/index.php\/wp-json\/wp\/v2\/categories?post=96620"},{"taxonomy":"post_tag","embeddable":true,"href":"https:\/\/radioljubuski.ba\/index.php\/wp-json\/wp\/v2\/tags?post=96620"}],"curies":[{"name":"wp","href":"https:\/\/api.w.org\/{rel}","templated":true}]}}