{"id":96629,"date":"2021-12-06T18:32:45","date_gmt":"2021-12-06T17:32:45","guid":{"rendered":"https:\/\/radioljubuski.ba\/?p=96629"},"modified":"2021-12-06T18:32:45","modified_gmt":"2021-12-06T17:32:45","slug":"milanovic-pupovcu-vukovar-se-odvijao-dva-mjeseca-grad-se-sutavno-unistavao-ima-li-tu-elemenata-genocida","status":"publish","type":"post","link":"https:\/\/radioljubuski.ba\/index.php\/2021\/12\/06\/milanovic-pupovcu-vukovar-se-odvijao-dva-mjeseca-grad-se-sutavno-unistavao-ima-li-tu-elemenata-genocida\/","title":{"rendered":"Milanovi\u0107 Pupovcu: Vukovar se odvijao dva mjeseca, grad se sutavno uni\u0161tavao, ima li tu elemenata genocida?"},"content":{"rendered":"\n<p>Predsjednik Zoran Milanovi\u0107 sudjelovao je na sve\u010danoj sjednici Gradskog vije\u0107a Komi\u017ee na Visu u povodu Dana Grada i blagdana svetog Nikole. Nakon toga dao je izjavu za medije.<\/p>\n\n\n\n<p>Komentirao je i Mostov referendum o ukidanju sto\u017eerkoracije. \u201cIma dva segmenta. Prvi je ustavno pitanje o \u010dl. 17 kad se odluju\u010duje o privremenoj suspenziji ljudskih prava i sloboda. Ustav je i dosad bio vrlo jasan, svima osim HDZ-u i nekolicini ustavnih sudaca.\u201d<\/p>\n\n\n\n<p>\u201cMislim da drugi dio nije najspretnije smi\u0161ljen i da se zadire u podru\u010dja odnosa izme\u0111u zakonodavne i izvr\u0161ne vlasti i da bi Ustavni sud mogao ta referendumska pitanja proglasiti nedopu\u0161tenima\u201d, rekao je predsjednik o drugom referendumskom pitanju. Dodao je da ne\u0107e dati svoj potpis, ali da je sa svime \u0161to je rekao to jednako kao i da je dao potpis.<\/p>\n\n\n\n<p>Ve\u0107 godinu i pol imamo sto\u017eerokraciju, rekao je Milanovi\u0107, navode\u0107i da bi se o tome trebalo odlu\u010divati u Saboru. \u201cAntivaksere ne podr\u017eavam. To ne da nisam nego sam me\u0111u prvim svojim primjerom pokazao\u201d, dodao je.<\/p>\n\n\n\n<p>\u201cHrvati imaju osjetljiv stav spram optu\u017ebi za genocid. Sad vidimo i da jedna druga strana poku\u0161ava sebe napraviti \u017ertvom, \u0161to jest, ali ne pretjerujmo. Optu\u017ebe za genocid u Jasenovcu imaju svoju mjeru, a mnogi je prelaze. Ono \u0161to se dogodilo, dogodilo se. Mnogi su sa srbijanske strane radili karijeru na tome. Ovo \u0161to radi gospoda iz Sarajeva \u2013 to nije slu\u017ebeno Sarajevo ve\u0107 ba\u0161\u010dar\u0161ija \u2013 poku\u0161avaju od svog naroda napraviti \u017ertvu ve\u0107u nego \u0161to jest i upravo oni licitiraju \u017ertvama\u201d, rekao je Milanovi\u0107.<\/p>\n\n\n\n<h4 class=\"wp-block-heading\"><strong>\u201cPupovac je etnobiznismem\u201d<\/strong><\/h4>\n\n\n\n<p>Milanovi\u0107 je dodao i da \u201cPupovac nije predstavnik Srba nego je etnobiznismem\u201d, prenosi&nbsp;<a href=\"https:\/\/hr.n1info.com\/vijesti\/milanovic-u-komizi\/\">N1<\/a>.<\/p>\n\n\n\n<p>\u201cVukovar se odvijao dva mjeseca, grad se sutavno uni\u0161tavao. Je li to djelovanje s ciljem da se cijela grupa ili dio nje eliminira i pobije? I na kraju Ov\u010dara. Ima li tu elemenata za razgovor o genocidu? Mi imamo mjeru. Po\u0161tujem tu\u0111u \u017ertvu, ali nije sve isto. Ako sve bude genocid moramo na\u0107i drugo ime za ono \u0161to su nacisti napravili \u017didovima u Drugom svjetskom ratu. Nije svaka \u017ertva ista. Nije svaki borac isti. Postoji onaj koji je prvi po\u010deo\u201d, kazao je Milanovi\u0107.<\/p>\n\n\n\n<p>Kad govorimo o \u017ertvama, bitna je pravda, poru\u010dio je predsjednik.<\/p>\n\n\n\n<p><em>Izvor:&nbsp;<a href=\"http:\/\/narod.hr\/N1\">narod.hr\/N1<\/a><\/em><\/p>\n","protected":false},"excerpt":{"rendered":"<p>Predsjednik Zoran Milanovi\u0107 sudjelovao je na sve\u010danoj sjednici Gradskog vije\u0107a Komi\u017ee na Visu u povodu Dana Grada i blagdana svetog Nikole. Nakon toga dao je izjavu za medije. Komentirao je i Mostov referendum o ukidanju sto\u017eerkoracije. \u201cIma dva segmenta. Prvi je ustavno pitanje o \u010dl. 17 kad se odluju\u010duje o privremenoj suspenziji ljudskih prava i [&hellip;]<\/p>\n","protected":false},"author":2,"featured_media":96630,"comment_status":"closed","ping_status":"closed","sticky":false,"template":"","format":"standard","meta":{"h5ap_radio_sources":[],"footnotes":""},"categories":[1],"tags":[],"class_list":["post-96629","post","type-post","status-publish","format-standard","has-post-thumbnail","hentry","category-bihiregija"],"yoast_head":"<!-- This site is optimized with the Yoast SEO plugin v27.5 - https:\/\/yoast.com\/product\/yoast-seo-wordpress\/ -->\n<title>Milanovi\u0107 Pupovcu: Vukovar se odvijao dva mjeseca, grad se sutavno uni\u0161tavao, ima li tu elemenata genocida? - RADIO LJUBU\u0160KI<\/title>\n<meta name=\"robots\" content=\"index, follow, max-snippet:-1, max-image-preview:large, max-video-preview:-1\" \/>\n<link rel=\"canonical\" href=\"https:\/\/radioljubuski.ba\/index.php\/2021\/12\/06\/milanovic-pupovcu-vukovar-se-odvijao-dva-mjeseca-grad-se-sutavno-unistavao-ima-li-tu-elemenata-genocida\/\" \/>\n<meta property=\"og:locale\" content=\"hr_HR\" \/>\n<meta property=\"og:type\" content=\"article\" \/>\n<meta property=\"og:title\" content=\"Milanovi\u0107 Pupovcu: Vukovar se odvijao dva mjeseca, grad se sutavno uni\u0161tavao, ima li tu elemenata genocida? - RADIO LJUBU\u0160KI\" \/>\n<meta property=\"og:description\" content=\"Predsjednik Zoran Milanovi\u0107 sudjelovao je na sve\u010danoj sjednici Gradskog vije\u0107a Komi\u017ee na Visu u povodu Dana Grada i blagdana svetog Nikole. Nakon toga dao je izjavu za medije. Komentirao je i Mostov referendum o ukidanju sto\u017eerkoracije. \u201cIma dva segmenta. Prvi je ustavno pitanje o \u010dl. 17 kad se odluju\u010duje o privremenoj suspenziji ljudskih prava i [&hellip;]\" \/>\n<meta property=\"og:url\" content=\"https:\/\/radioljubuski.ba\/index.php\/2021\/12\/06\/milanovic-pupovcu-vukovar-se-odvijao-dva-mjeseca-grad-se-sutavno-unistavao-ima-li-tu-elemenata-genocida\/\" \/>\n<meta property=\"og:site_name\" content=\"RADIO LJUBU\u0160KI\" \/>\n<meta property=\"article:publisher\" content=\"https:\/\/www.facebook.com\/Radiio-Ljubuski-1490835324566332\" \/>\n<meta property=\"article:published_time\" content=\"2021-12-06T17:32:45+00:00\" \/>\n<meta property=\"og:image\" content=\"https:\/\/radioljubuski.ba\/wp-content\/uploads\/2021\/12\/HN20211109263870-696x475-1.jpg\" \/>\n\t<meta property=\"og:image:width\" content=\"696\" \/>\n\t<meta property=\"og:image:height\" content=\"475\" \/>\n\t<meta property=\"og:image:type\" content=\"image\/jpeg\" \/>\n<meta name=\"author\" content=\"Radio Ljubu\u0161ki\" \/>\n<meta name=\"twitter:card\" content=\"summary_large_image\" \/>\n<meta name=\"twitter:creator\" content=\"@radioljubuski\" \/>\n<meta name=\"twitter:site\" content=\"@radioljubuski\" \/>\n<meta name=\"twitter:label1\" content=\"Napisao\/la\" \/>\n\t<meta name=\"twitter:data1\" content=\"Radio Ljubu\u0161ki\" \/>\n\t<meta name=\"twitter:label2\" content=\"Procijenjeno vrijeme \u010ditanja\" \/>\n\t<meta name=\"twitter:data2\" content=\"2 minute\" \/>\n<script type=\"application\/ld+json\" class=\"yoast-schema-graph\">{\"@context\":\"https:\\\/\\\/schema.org\",\"@graph\":[{\"@type\":\"Article\",\"@id\":\"https:\\\/\\\/radioljubuski.ba\\\/index.php\\\/2021\\\/12\\\/06\\\/milanovic-pupovcu-vukovar-se-odvijao-dva-mjeseca-grad-se-sutavno-unistavao-ima-li-tu-elemenata-genocida\\\/#article\",\"isPartOf\":{\"@id\":\"https:\\\/\\\/radioljubuski.ba\\\/index.php\\\/2021\\\/12\\\/06\\\/milanovic-pupovcu-vukovar-se-odvijao-dva-mjeseca-grad-se-sutavno-unistavao-ima-li-tu-elemenata-genocida\\\/\"},\"author\":{\"name\":\"Radio Ljubu\u0161ki\",\"@id\":\"https:\\\/\\\/radioljubuski.ba\\\/#\\\/schema\\\/person\\\/19fc700381a780f69665d7956c469e3b\"},\"headline\":\"Milanovi\u0107 Pupovcu: Vukovar se odvijao dva mjeseca, grad se sutavno uni\u0161tavao, ima li tu elemenata genocida?\",\"datePublished\":\"2021-12-06T17:32:45+00:00\",\"mainEntityOfPage\":{\"@id\":\"https:\\\/\\\/radioljubuski.ba\\\/index.php\\\/2021\\\/12\\\/06\\\/milanovic-pupovcu-vukovar-se-odvijao-dva-mjeseca-grad-se-sutavno-unistavao-ima-li-tu-elemenata-genocida\\\/\"},\"wordCount\":409,\"publisher\":{\"@id\":\"https:\\\/\\\/radioljubuski.ba\\\/#organization\"},\"image\":{\"@id\":\"https:\\\/\\\/radioljubuski.ba\\\/index.php\\\/2021\\\/12\\\/06\\\/milanovic-pupovcu-vukovar-se-odvijao-dva-mjeseca-grad-se-sutavno-unistavao-ima-li-tu-elemenata-genocida\\\/#primaryimage\"},\"thumbnailUrl\":\"https:\\\/\\\/radioljubuski.ba\\\/wp-content\\\/uploads\\\/2021\\\/12\\\/HN20211109263870-696x475-1.jpg\",\"articleSection\":[\"BIH i regija\"],\"inLanguage\":\"hr\"},{\"@type\":\"WebPage\",\"@id\":\"https:\\\/\\\/radioljubuski.ba\\\/index.php\\\/2021\\\/12\\\/06\\\/milanovic-pupovcu-vukovar-se-odvijao-dva-mjeseca-grad-se-sutavno-unistavao-ima-li-tu-elemenata-genocida\\\/\",\"url\":\"https:\\\/\\\/radioljubuski.ba\\\/index.php\\\/2021\\\/12\\\/06\\\/milanovic-pupovcu-vukovar-se-odvijao-dva-mjeseca-grad-se-sutavno-unistavao-ima-li-tu-elemenata-genocida\\\/\",\"name\":\"Milanovi\u0107 Pupovcu: Vukovar se odvijao dva mjeseca, grad se sutavno uni\u0161tavao, ima li tu elemenata genocida? - RADIO LJUBU\u0160KI\",\"isPartOf\":{\"@id\":\"https:\\\/\\\/radioljubuski.ba\\\/#website\"},\"primaryImageOfPage\":{\"@id\":\"https:\\\/\\\/radioljubuski.ba\\\/index.php\\\/2021\\\/12\\\/06\\\/milanovic-pupovcu-vukovar-se-odvijao-dva-mjeseca-grad-se-sutavno-unistavao-ima-li-tu-elemenata-genocida\\\/#primaryimage\"},\"image\":{\"@id\":\"https:\\\/\\\/radioljubuski.ba\\\/index.php\\\/2021\\\/12\\\/06\\\/milanovic-pupovcu-vukovar-se-odvijao-dva-mjeseca-grad-se-sutavno-unistavao-ima-li-tu-elemenata-genocida\\\/#primaryimage\"},\"thumbnailUrl\":\"https:\\\/\\\/radioljubuski.ba\\\/wp-content\\\/uploads\\\/2021\\\/12\\\/HN20211109263870-696x475-1.jpg\",\"datePublished\":\"2021-12-06T17:32:45+00:00\",\"breadcrumb\":{\"@id\":\"https:\\\/\\\/radioljubuski.ba\\\/index.php\\\/2021\\\/12\\\/06\\\/milanovic-pupovcu-vukovar-se-odvijao-dva-mjeseca-grad-se-sutavno-unistavao-ima-li-tu-elemenata-genocida\\\/#breadcrumb\"},\"inLanguage\":\"hr\",\"potentialAction\":[{\"@type\":\"ReadAction\",\"target\":[\"https:\\\/\\\/radioljubuski.ba\\\/index.php\\\/2021\\\/12\\\/06\\\/milanovic-pupovcu-vukovar-se-odvijao-dva-mjeseca-grad-se-sutavno-unistavao-ima-li-tu-elemenata-genocida\\\/\"]}]},{\"@type\":\"ImageObject\",\"inLanguage\":\"hr\",\"@id\":\"https:\\\/\\\/radioljubuski.ba\\\/index.php\\\/2021\\\/12\\\/06\\\/milanovic-pupovcu-vukovar-se-odvijao-dva-mjeseca-grad-se-sutavno-unistavao-ima-li-tu-elemenata-genocida\\\/#primaryimage\",\"url\":\"https:\\\/\\\/radioljubuski.ba\\\/wp-content\\\/uploads\\\/2021\\\/12\\\/HN20211109263870-696x475-1.jpg\",\"contentUrl\":\"https:\\\/\\\/radioljubuski.ba\\\/wp-content\\\/uploads\\\/2021\\\/12\\\/HN20211109263870-696x475-1.jpg\",\"width\":696,\"height\":475},{\"@type\":\"BreadcrumbList\",\"@id\":\"https:\\\/\\\/radioljubuski.ba\\\/index.php\\\/2021\\\/12\\\/06\\\/milanovic-pupovcu-vukovar-se-odvijao-dva-mjeseca-grad-se-sutavno-unistavao-ima-li-tu-elemenata-genocida\\\/#breadcrumb\",\"itemListElement\":[{\"@type\":\"ListItem\",\"position\":1,\"name\":\"Po\u010detna stranica\",\"item\":\"https:\\\/\\\/radioljubuski.ba\\\/\"},{\"@type\":\"ListItem\",\"position\":2,\"name\":\"Milanovi\u0107 Pupovcu: Vukovar se odvijao dva mjeseca, grad se sutavno uni\u0161tavao, ima li tu elemenata genocida?\"}]},{\"@type\":\"WebSite\",\"@id\":\"https:\\\/\\\/radioljubuski.ba\\\/#website\",\"url\":\"https:\\\/\\\/radioljubuski.ba\\\/\",\"name\":\"Radio Ljubu\u0161ki\",\"description\":\"Sun\u010dana frekvencija Hercegovine\",\"publisher\":{\"@id\":\"https:\\\/\\\/radioljubuski.ba\\\/#organization\"},\"potentialAction\":[{\"@type\":\"SearchAction\",\"target\":{\"@type\":\"EntryPoint\",\"urlTemplate\":\"https:\\\/\\\/radioljubuski.ba\\\/?s={search_term_string}\"},\"query-input\":{\"@type\":\"PropertyValueSpecification\",\"valueRequired\":true,\"valueName\":\"search_term_string\"}}],\"inLanguage\":\"hr\"},{\"@type\":\"Organization\",\"@id\":\"https:\\\/\\\/radioljubuski.ba\\\/#organization\",\"name\":\"Radio Ljubu\u0161ki\",\"url\":\"https:\\\/\\\/radioljubuski.ba\\\/\",\"logo\":{\"@type\":\"ImageObject\",\"inLanguage\":\"hr\",\"@id\":\"https:\\\/\\\/radioljubuski.ba\\\/#\\\/schema\\\/logo\\\/image\\\/\",\"url\":\"https:\\\/\\\/radioljubuski.ba\\\/wp-content\\\/uploads\\\/2021\\\/02\\\/cropped-Radio_Ljubuski_logo1.jpg\",\"contentUrl\":\"https:\\\/\\\/radioljubuski.ba\\\/wp-content\\\/uploads\\\/2021\\\/02\\\/cropped-Radio_Ljubuski_logo1.jpg\",\"width\":512,\"height\":512,\"caption\":\"Radio Ljubu\u0161ki\"},\"image\":{\"@id\":\"https:\\\/\\\/radioljubuski.ba\\\/#\\\/schema\\\/logo\\\/image\\\/\"},\"sameAs\":[\"https:\\\/\\\/www.facebook.com\\\/Radiio-Ljubuski-1490835324566332\",\"https:\\\/\\\/x.com\\\/radioljubuski\",\"https:\\\/\\\/hr.linkedin.com\\\/company\\\/radio-ljubuski\",\"https:\\\/\\\/www.youtube.com\\\/channel\\\/UCHYaeO_n0Db3tjNGudGpXyw\"]},{\"@type\":\"Person\",\"@id\":\"https:\\\/\\\/radioljubuski.ba\\\/#\\\/schema\\\/person\\\/19fc700381a780f69665d7956c469e3b\",\"name\":\"Radio Ljubu\u0161ki\"}]}<\/script>\n<!-- \/ Yoast SEO plugin. -->","yoast_head_json":{"title":"Milanovi\u0107 Pupovcu: Vukovar se odvijao dva mjeseca, grad se sutavno uni\u0161tavao, ima li tu elemenata genocida? - RADIO LJUBU\u0160KI","robots":{"index":"index","follow":"follow","max-snippet":"max-snippet:-1","max-image-preview":"max-image-preview:large","max-video-preview":"max-video-preview:-1"},"canonical":"https:\/\/radioljubuski.ba\/index.php\/2021\/12\/06\/milanovic-pupovcu-vukovar-se-odvijao-dva-mjeseca-grad-se-sutavno-unistavao-ima-li-tu-elemenata-genocida\/","og_locale":"hr_HR","og_type":"article","og_title":"Milanovi\u0107 Pupovcu: Vukovar se odvijao dva mjeseca, grad se sutavno uni\u0161tavao, ima li tu elemenata genocida? - RADIO LJUBU\u0160KI","og_description":"Predsjednik Zoran Milanovi\u0107 sudjelovao je na sve\u010danoj sjednici Gradskog vije\u0107a Komi\u017ee na Visu u povodu Dana Grada i blagdana svetog Nikole. Nakon toga dao je izjavu za medije. Komentirao je i Mostov referendum o ukidanju sto\u017eerkoracije. \u201cIma dva segmenta. Prvi je ustavno pitanje o \u010dl. 17 kad se odluju\u010duje o privremenoj suspenziji ljudskih prava i [&hellip;]","og_url":"https:\/\/radioljubuski.ba\/index.php\/2021\/12\/06\/milanovic-pupovcu-vukovar-se-odvijao-dva-mjeseca-grad-se-sutavno-unistavao-ima-li-tu-elemenata-genocida\/","og_site_name":"RADIO LJUBU\u0160KI","article_publisher":"https:\/\/www.facebook.com\/Radiio-Ljubuski-1490835324566332","article_published_time":"2021-12-06T17:32:45+00:00","og_image":[{"width":696,"height":475,"url":"https:\/\/radioljubuski.ba\/wp-content\/uploads\/2021\/12\/HN20211109263870-696x475-1.jpg","type":"image\/jpeg"}],"author":"Radio Ljubu\u0161ki","twitter_card":"summary_large_image","twitter_creator":"@radioljubuski","twitter_site":"@radioljubuski","twitter_misc":{"Napisao\/la":"Radio Ljubu\u0161ki","Procijenjeno vrijeme \u010ditanja":"2 minute"},"schema":{"@context":"https:\/\/schema.org","@graph":[{"@type":"Article","@id":"https:\/\/radioljubuski.ba\/index.php\/2021\/12\/06\/milanovic-pupovcu-vukovar-se-odvijao-dva-mjeseca-grad-se-sutavno-unistavao-ima-li-tu-elemenata-genocida\/#article","isPartOf":{"@id":"https:\/\/radioljubuski.ba\/index.php\/2021\/12\/06\/milanovic-pupovcu-vukovar-se-odvijao-dva-mjeseca-grad-se-sutavno-unistavao-ima-li-tu-elemenata-genocida\/"},"author":{"name":"Radio Ljubu\u0161ki","@id":"https:\/\/radioljubuski.ba\/#\/schema\/person\/19fc700381a780f69665d7956c469e3b"},"headline":"Milanovi\u0107 Pupovcu: Vukovar se odvijao dva mjeseca, grad se sutavno uni\u0161tavao, ima li tu elemenata genocida?","datePublished":"2021-12-06T17:32:45+00:00","mainEntityOfPage":{"@id":"https:\/\/radioljubuski.ba\/index.php\/2021\/12\/06\/milanovic-pupovcu-vukovar-se-odvijao-dva-mjeseca-grad-se-sutavno-unistavao-ima-li-tu-elemenata-genocida\/"},"wordCount":409,"publisher":{"@id":"https:\/\/radioljubuski.ba\/#organization"},"image":{"@id":"https:\/\/radioljubuski.ba\/index.php\/2021\/12\/06\/milanovic-pupovcu-vukovar-se-odvijao-dva-mjeseca-grad-se-sutavno-unistavao-ima-li-tu-elemenata-genocida\/#primaryimage"},"thumbnailUrl":"https:\/\/radioljubuski.ba\/wp-content\/uploads\/2021\/12\/HN20211109263870-696x475-1.jpg","articleSection":["BIH i regija"],"inLanguage":"hr"},{"@type":"WebPage","@id":"https:\/\/radioljubuski.ba\/index.php\/2021\/12\/06\/milanovic-pupovcu-vukovar-se-odvijao-dva-mjeseca-grad-se-sutavno-unistavao-ima-li-tu-elemenata-genocida\/","url":"https:\/\/radioljubuski.ba\/index.php\/2021\/12\/06\/milanovic-pupovcu-vukovar-se-odvijao-dva-mjeseca-grad-se-sutavno-unistavao-ima-li-tu-elemenata-genocida\/","name":"Milanovi\u0107 Pupovcu: Vukovar se odvijao dva mjeseca, grad se sutavno uni\u0161tavao, ima li tu elemenata genocida? - RADIO LJUBU\u0160KI","isPartOf":{"@id":"https:\/\/radioljubuski.ba\/#website"},"primaryImageOfPage":{"@id":"https:\/\/radioljubuski.ba\/index.php\/2021\/12\/06\/milanovic-pupovcu-vukovar-se-odvijao-dva-mjeseca-grad-se-sutavno-unistavao-ima-li-tu-elemenata-genocida\/#primaryimage"},"image":{"@id":"https:\/\/radioljubuski.ba\/index.php\/2021\/12\/06\/milanovic-pupovcu-vukovar-se-odvijao-dva-mjeseca-grad-se-sutavno-unistavao-ima-li-tu-elemenata-genocida\/#primaryimage"},"thumbnailUrl":"https:\/\/radioljubuski.ba\/wp-content\/uploads\/2021\/12\/HN20211109263870-696x475-1.jpg","datePublished":"2021-12-06T17:32:45+00:00","breadcrumb":{"@id":"https:\/\/radioljubuski.ba\/index.php\/2021\/12\/06\/milanovic-pupovcu-vukovar-se-odvijao-dva-mjeseca-grad-se-sutavno-unistavao-ima-li-tu-elemenata-genocida\/#breadcrumb"},"inLanguage":"hr","potentialAction":[{"@type":"ReadAction","target":["https:\/\/radioljubuski.ba\/index.php\/2021\/12\/06\/milanovic-pupovcu-vukovar-se-odvijao-dva-mjeseca-grad-se-sutavno-unistavao-ima-li-tu-elemenata-genocida\/"]}]},{"@type":"ImageObject","inLanguage":"hr","@id":"https:\/\/radioljubuski.ba\/index.php\/2021\/12\/06\/milanovic-pupovcu-vukovar-se-odvijao-dva-mjeseca-grad-se-sutavno-unistavao-ima-li-tu-elemenata-genocida\/#primaryimage","url":"https:\/\/radioljubuski.ba\/wp-content\/uploads\/2021\/12\/HN20211109263870-696x475-1.jpg","contentUrl":"https:\/\/radioljubuski.ba\/wp-content\/uploads\/2021\/12\/HN20211109263870-696x475-1.jpg","width":696,"height":475},{"@type":"BreadcrumbList","@id":"https:\/\/radioljubuski.ba\/index.php\/2021\/12\/06\/milanovic-pupovcu-vukovar-se-odvijao-dva-mjeseca-grad-se-sutavno-unistavao-ima-li-tu-elemenata-genocida\/#breadcrumb","itemListElement":[{"@type":"ListItem","position":1,"name":"Po\u010detna stranica","item":"https:\/\/radioljubuski.ba\/"},{"@type":"ListItem","position":2,"name":"Milanovi\u0107 Pupovcu: Vukovar se odvijao dva mjeseca, grad se sutavno uni\u0161tavao, ima li tu elemenata genocida?"}]},{"@type":"WebSite","@id":"https:\/\/radioljubuski.ba\/#website","url":"https:\/\/radioljubuski.ba\/","name":"Radio Ljubu\u0161ki","description":"Sun\u010dana frekvencija Hercegovine","publisher":{"@id":"https:\/\/radioljubuski.ba\/#organization"},"potentialAction":[{"@type":"SearchAction","target":{"@type":"EntryPoint","urlTemplate":"https:\/\/radioljubuski.ba\/?s={search_term_string}"},"query-input":{"@type":"PropertyValueSpecification","valueRequired":true,"valueName":"search_term_string"}}],"inLanguage":"hr"},{"@type":"Organization","@id":"https:\/\/radioljubuski.ba\/#organization","name":"Radio Ljubu\u0161ki","url":"https:\/\/radioljubuski.ba\/","logo":{"@type":"ImageObject","inLanguage":"hr","@id":"https:\/\/radioljubuski.ba\/#\/schema\/logo\/image\/","url":"https:\/\/radioljubuski.ba\/wp-content\/uploads\/2021\/02\/cropped-Radio_Ljubuski_logo1.jpg","contentUrl":"https:\/\/radioljubuski.ba\/wp-content\/uploads\/2021\/02\/cropped-Radio_Ljubuski_logo1.jpg","width":512,"height":512,"caption":"Radio Ljubu\u0161ki"},"image":{"@id":"https:\/\/radioljubuski.ba\/#\/schema\/logo\/image\/"},"sameAs":["https:\/\/www.facebook.com\/Radiio-Ljubuski-1490835324566332","https:\/\/x.com\/radioljubuski","https:\/\/hr.linkedin.com\/company\/radio-ljubuski","https:\/\/www.youtube.com\/channel\/UCHYaeO_n0Db3tjNGudGpXyw"]},{"@type":"Person","@id":"https:\/\/radioljubuski.ba\/#\/schema\/person\/19fc700381a780f69665d7956c469e3b","name":"Radio Ljubu\u0161ki"}]}},"_links":{"self":[{"href":"https:\/\/radioljubuski.ba\/index.php\/wp-json\/wp\/v2\/posts\/96629","targetHints":{"allow":["GET"]}}],"collection":[{"href":"https:\/\/radioljubuski.ba\/index.php\/wp-json\/wp\/v2\/posts"}],"about":[{"href":"https:\/\/radioljubuski.ba\/index.php\/wp-json\/wp\/v2\/types\/post"}],"author":[{"embeddable":true,"href":"https:\/\/radioljubuski.ba\/index.php\/wp-json\/wp\/v2\/users\/2"}],"replies":[{"embeddable":true,"href":"https:\/\/radioljubuski.ba\/index.php\/wp-json\/wp\/v2\/comments?post=96629"}],"version-history":[{"count":1,"href":"https:\/\/radioljubuski.ba\/index.php\/wp-json\/wp\/v2\/posts\/96629\/revisions"}],"predecessor-version":[{"id":96631,"href":"https:\/\/radioljubuski.ba\/index.php\/wp-json\/wp\/v2\/posts\/96629\/revisions\/96631"}],"wp:featuredmedia":[{"embeddable":true,"href":"https:\/\/radioljubuski.ba\/index.php\/wp-json\/wp\/v2\/media\/96630"}],"wp:attachment":[{"href":"https:\/\/radioljubuski.ba\/index.php\/wp-json\/wp\/v2\/media?parent=96629"}],"wp:term":[{"taxonomy":"category","embeddable":true,"href":"https:\/\/radioljubuski.ba\/index.php\/wp-json\/wp\/v2\/categories?post=96629"},{"taxonomy":"post_tag","embeddable":true,"href":"https:\/\/radioljubuski.ba\/index.php\/wp-json\/wp\/v2\/tags?post=96629"}],"curies":[{"name":"wp","href":"https:\/\/api.w.org\/{rel}","templated":true}]}}