{"id":96632,"date":"2021-12-06T18:34:03","date_gmt":"2021-12-06T17:34:03","guid":{"rendered":"https:\/\/radioljubuski.ba\/?p=96632"},"modified":"2021-12-06T18:34:04","modified_gmt":"2021-12-06T17:34:04","slug":"priopcenje-nakon-sastanka-vlade-i-hbk-valja-prihvatiti-obvezu-testiranja-za-one-koji-nisu-cijepljeni-ili-preboljeli-covid","status":"publish","type":"post","link":"https:\/\/radioljubuski.ba\/index.php\/2021\/12\/06\/priopcenje-nakon-sastanka-vlade-i-hbk-valja-prihvatiti-obvezu-testiranja-za-one-koji-nisu-cijepljeni-ili-preboljeli-covid\/","title":{"rendered":"Priop\u0107enje nakon sastanka Vlade i HBK: Valja prihvatiti obvezu testiranja za one koji nisu cijepljeni ili preboljeli covid"},"content":{"rendered":"\n<p>Predsjednik Vlade Andrej Plenkovi\u0107 i \u010dlanovi Vlade odr\u017eali su redoviti polugodi\u0161nji sastanak s \u010dlanovima Stalnog vije\u0107a Hrvatske biskupske konferencije.<\/p>\n\n\n\n<p>Na sastanku je izra\u017eeno zadovoljstvo kvalitetnim odnosima Vlade i Katoli\u010dke Crkve, kao i nastavkom dijaloga o brojnim dru\u0161tvenim temama te pitanjima koja se ti\u010du Hrvatske biskupske konferencije i Vlade, stoji u zajedni\u010dkom priop\u0107enju sa sastanka Stalnoga vije\u0107a HBK s predsjednikom Vlade RH.<\/p>\n\n\n\n<p>U nastavku prenosimo priop\u0107enje u cijelosti:<\/p>\n\n\n\n<p>\u201cSudionici sastanka izrazili su zadovoljstvo dogovorenim prijedlogom provedbenog Ugovora o Caritasu Katoli\u010dke Crkve u Republici Hrvatskoj kojim \u0107e se urediti me\u0111usobna suradnja na podru\u010dju ustanova za karitativno djelovanje i dru\u0161tvenu skrb te \u0107e se osigurati odre\u0111ene trajne garancije djelovanja glede uklju\u010denosti Hrvatskog Caritasa radi obavljanja humanitarne, karitativne, zdravstvene, ljekarni\u010dke, edukativne i drugih socijalnih djelatnosti na podru\u010dju nadbiskupija ili biskupija ili ordinarijata.<\/p>\n\n\n\n<h4 class=\"wp-block-heading\"><strong>Razgovarali o demografiji<\/strong><\/h4>\n\n\n\n<p>Biskupi i predstavnici Vlade razgovarali su o temi demografije. Predsjednik Vlade izvijestio je o politikama i mjerama koje Vlada provodi na svim podru\u010djima da bi se zaustavili negativni demografski trendovi. Sudionici sastanka suglasili su se da je pitanje demografskog oporavka jedno od najva\u017enijih pitanja za budu\u0107i razvoj Hrvatske. Predstavnici Stalnog vije\u0107a HBK pozdravljaju napore Vlade te podr\u017eavaju provo\u0111enje sustavne demografske politike. Biskupi su izvijestili da se pitanjem demografije bavio i nedavno odr\u017eani \u0160esti hrvatski socijalni tjedan u organizaciji Centra za promicanje socijalnog nauka Crkve Hrvatske biskupske konferencije te su iskazali interes za zajedni\u010dkim djelovanjem s Vladom i Sredi\u0161njim dr\u017eavnim uredom za demografiju i mlade.<\/p>\n\n\n\n<p>Vezano uz borbu s bole\u0161\u0107u COVID-19, izra\u017eena je potpora i blizina svim zdravstvenim i medicinskim djelatnicima, koji od progla\u0161enja pandemije ula\u017eu nadljudske napore u pru\u017eanju potrebne pomo\u0107i i njege oboljelima, izla\u017eu\u0107i pritom svoje zdravlje, ali i \u017ertvuju\u0107i svoje privatne i obiteljske \u017eivote. Iz svoje brige za \u010dovjeka i \u017eelje za unaprje\u0111enjem dru\u0161tva u kojemu \u017eivimo, pozivamo sve gra\u0111ane, sve vjernike i sve ljude dobre volje da daju svoj doprinos u prevladavanju zdravstvene i dru\u0161tvene krize kojoj svjedo\u010dimo, ponajprije cijepljenjem kao sredstvom prevencije i suzbijanja transmisije virusa, odgovornim pona\u0161anjem, brigom za za\u0161titu svojega i zdravlja svojih bli\u017enjih, po\u0161tovanjem poziva koji nam svakodnevno upu\u0107uje medicinska struka kao i svih protuepidemijskih mjera koje idu za za\u0161titom ljudskih \u017eivota i zdravlja. U tom duhu valja prihvatiti i obvezu testiranja za one koji nisu cijepljeni ili preboljeli, uklju\u010duju\u0107i svrhovitost COVID potvrde kao sredstva koje smanjuje rizik obolijevanja i preno\u0161enja virusa.<\/p>\n\n\n\n<h4 class=\"wp-block-heading\"><strong>\u201cSamo kombinacijom svih mjera na raspolaganju mo\u017eemo djelotvornije suzbijati \u0161irenje epidemije\u201d<\/strong><\/h4>\n\n\n\n<p>Samo kombinacijom svih mjera na raspolaganju, koje zasebno nisu dovoljne, mo\u017eemo djelotvornije suzbijati \u0161irenje epidemije. Na sastanku se razgovaralo i o problemima vezanim za dokazivanje pravnog sljedni\u0161tva crkvenih pravnih osoba, a \u0161to se negativno odra\u017eava na procese povrata crkvene imovine. Dogovoreno je da se u okviru Zajedni\u010dke komisije Vlade i HBK za pravna pitanja detaljno analizira sudska praksa u kontekstu zakona i ugovora izme\u0111u Svete Stolice i Republike Hrvatske te po potrebi, unaprijedi zakonodavni okvir.<\/p>\n\n\n\n<p>Razgovaralo se i o financijskom sredstvima osiguranima za obnovu vjerskih objekata (crkava, \u017eupnih dvorova, samostana i ostalih zgrada) te je zaklju\u010deno da \u0107e se nastaviti sura\u0111ivati u procesu obnove kako bi se \u0161to prije zavr\u0161ila konstrukcijska obnova i kako bi objekti bili sigurni.<\/p>\n\n\n\n<h4 class=\"wp-block-heading\"><strong>Sudionici sastanka<\/strong><\/h4>\n\n\n\n<p>Na sastanku su sudjelovali predsjednik Hrvatske biskupske konferencije mons. \u017delimir Pulji\u0107, kardinal Josip Bozani\u0107, zagreba\u010dki nadbiskup i potpredsjednik HBK te ostali \u010dlanovi Stalnog Vije\u0107a: predsjednik Komisije HBK za odnose s dr\u017eavom mons. Dra\u017een Kutle\u0161a, mons. \u0110uro Hrani\u0107 i mons. Zdenko Kri\u017ei\u0107. Nazo\u010dan je bio i generalni tajnik HBK vl\u010d. Krunoslav Novak.<\/p>\n\n\n\n<p>Uz predsjednika Vlade bili su potpredsjednik Vlade i ministar unutarnjih poslova Davor Bo\u017einovi\u0107, ministrica kulture i medija i predsjednica Komisije za odnose s vjerskim zajednicama Nina Obuljen-Kor\u017einek, ministar zdravstva Vili Bero\u0161, ministar pravosu\u0111a i uprave Ivan Malenica, dr\u017eavni tajnik u Ministarstvu financija Zdravko Zrinu\u0161i\u0107, dr\u017eavna tajnica Sredi\u0161njeg dr\u017eavnog ureda za demografiju i mlade \u017deljka Josi\u0107, dr\u017eavna tajnica u Ministarstvu rada, mirovinskoga sustava, obitelji i socijalne politike Marija Pletikosa, predstojnik Ureda predsjednika Vlade Zvonimir Frka-Pete\u0161i\u0107 ravnatelj Ureda Komisije za odnose s vjerskim zajednicama \u0160ime Jer\u010di\u0107 te posebni savjetnici predsjednika Vlade Mate Grani\u0107 i Zvonko Kusi\u0107\u201d, stoji u priop\u0107enju.<\/p>\n\n\n\n<p><em>Izvor: narod.hr<\/em><\/p>\n","protected":false},"excerpt":{"rendered":"<p>Predsjednik Vlade Andrej Plenkovi\u0107 i \u010dlanovi Vlade odr\u017eali su redoviti polugodi\u0161nji sastanak s \u010dlanovima Stalnog vije\u0107a Hrvatske biskupske konferencije. Na sastanku je izra\u017eeno zadovoljstvo kvalitetnim odnosima Vlade i Katoli\u010dke Crkve, kao i nastavkom dijaloga o brojnim dru\u0161tvenim temama te pitanjima koja se ti\u010du Hrvatske biskupske konferencije i Vlade, stoji u zajedni\u010dkom priop\u0107enju sa sastanka Stalnoga [&hellip;]<\/p>\n","protected":false},"author":2,"featured_media":96633,"comment_status":"closed","ping_status":"closed","sticky":false,"template":"","format":"standard","meta":{"h5ap_radio_sources":[],"footnotes":""},"categories":[1],"tags":[],"class_list":["post-96632","post","type-post","status-publish","format-standard","has-post-thumbnail","hentry","category-bihiregija"],"yoast_head":"<!-- This site is optimized with the Yoast SEO plugin v27.5 - https:\/\/yoast.com\/product\/yoast-seo-wordpress\/ -->\n<title>Priop\u0107enje nakon sastanka Vlade i HBK: Valja prihvatiti obvezu testiranja za one koji nisu cijepljeni ili preboljeli covid - RADIO LJUBU\u0160KI<\/title>\n<meta name=\"robots\" content=\"index, follow, max-snippet:-1, max-image-preview:large, max-video-preview:-1\" \/>\n<link rel=\"canonical\" href=\"https:\/\/radioljubuski.ba\/index.php\/2021\/12\/06\/priopcenje-nakon-sastanka-vlade-i-hbk-valja-prihvatiti-obvezu-testiranja-za-one-koji-nisu-cijepljeni-ili-preboljeli-covid\/\" \/>\n<meta property=\"og:locale\" content=\"hr_HR\" \/>\n<meta property=\"og:type\" content=\"article\" \/>\n<meta property=\"og:title\" content=\"Priop\u0107enje nakon sastanka Vlade i HBK: Valja prihvatiti obvezu testiranja za one koji nisu cijepljeni ili preboljeli covid - RADIO LJUBU\u0160KI\" \/>\n<meta property=\"og:description\" content=\"Predsjednik Vlade Andrej Plenkovi\u0107 i \u010dlanovi Vlade odr\u017eali su redoviti polugodi\u0161nji sastanak s \u010dlanovima Stalnog vije\u0107a Hrvatske biskupske konferencije. Na sastanku je izra\u017eeno zadovoljstvo kvalitetnim odnosima Vlade i Katoli\u010dke Crkve, kao i nastavkom dijaloga o brojnim dru\u0161tvenim temama te pitanjima koja se ti\u010du Hrvatske biskupske konferencije i Vlade, stoji u zajedni\u010dkom priop\u0107enju sa sastanka Stalnoga [&hellip;]\" \/>\n<meta property=\"og:url\" content=\"https:\/\/radioljubuski.ba\/index.php\/2021\/12\/06\/priopcenje-nakon-sastanka-vlade-i-hbk-valja-prihvatiti-obvezu-testiranja-za-one-koji-nisu-cijepljeni-ili-preboljeli-covid\/\" \/>\n<meta property=\"og:site_name\" content=\"RADIO LJUBU\u0160KI\" \/>\n<meta property=\"article:publisher\" content=\"https:\/\/www.facebook.com\/Radiio-Ljubuski-1490835324566332\" \/>\n<meta property=\"article:published_time\" content=\"2021-12-06T17:34:03+00:00\" \/>\n<meta property=\"article:modified_time\" content=\"2021-12-06T17:34:04+00:00\" \/>\n<meta property=\"og:image\" content=\"https:\/\/radioljubuski.ba\/wp-content\/uploads\/2021\/12\/HN20211206300169-696x464-1.jpg\" \/>\n\t<meta property=\"og:image:width\" content=\"696\" \/>\n\t<meta property=\"og:image:height\" content=\"464\" \/>\n\t<meta property=\"og:image:type\" content=\"image\/jpeg\" \/>\n<meta name=\"author\" content=\"Radio Ljubu\u0161ki\" \/>\n<meta name=\"twitter:card\" content=\"summary_large_image\" \/>\n<meta name=\"twitter:creator\" content=\"@radioljubuski\" \/>\n<meta name=\"twitter:site\" content=\"@radioljubuski\" \/>\n<meta name=\"twitter:label1\" content=\"Napisao\/la\" \/>\n\t<meta name=\"twitter:data1\" content=\"Radio Ljubu\u0161ki\" \/>\n\t<meta name=\"twitter:label2\" content=\"Procijenjeno vrijeme \u010ditanja\" \/>\n\t<meta name=\"twitter:data2\" content=\"3 minute\" \/>\n<script type=\"application\/ld+json\" class=\"yoast-schema-graph\">{\"@context\":\"https:\\\/\\\/schema.org\",\"@graph\":[{\"@type\":\"Article\",\"@id\":\"https:\\\/\\\/radioljubuski.ba\\\/index.php\\\/2021\\\/12\\\/06\\\/priopcenje-nakon-sastanka-vlade-i-hbk-valja-prihvatiti-obvezu-testiranja-za-one-koji-nisu-cijepljeni-ili-preboljeli-covid\\\/#article\",\"isPartOf\":{\"@id\":\"https:\\\/\\\/radioljubuski.ba\\\/index.php\\\/2021\\\/12\\\/06\\\/priopcenje-nakon-sastanka-vlade-i-hbk-valja-prihvatiti-obvezu-testiranja-za-one-koji-nisu-cijepljeni-ili-preboljeli-covid\\\/\"},\"author\":{\"name\":\"Radio Ljubu\u0161ki\",\"@id\":\"https:\\\/\\\/radioljubuski.ba\\\/#\\\/schema\\\/person\\\/19fc700381a780f69665d7956c469e3b\"},\"headline\":\"Priop\u0107enje nakon sastanka Vlade i HBK: Valja prihvatiti obvezu testiranja za one koji nisu cijepljeni ili preboljeli covid\",\"datePublished\":\"2021-12-06T17:34:03+00:00\",\"dateModified\":\"2021-12-06T17:34:04+00:00\",\"mainEntityOfPage\":{\"@id\":\"https:\\\/\\\/radioljubuski.ba\\\/index.php\\\/2021\\\/12\\\/06\\\/priopcenje-nakon-sastanka-vlade-i-hbk-valja-prihvatiti-obvezu-testiranja-za-one-koji-nisu-cijepljeni-ili-preboljeli-covid\\\/\"},\"wordCount\":761,\"publisher\":{\"@id\":\"https:\\\/\\\/radioljubuski.ba\\\/#organization\"},\"image\":{\"@id\":\"https:\\\/\\\/radioljubuski.ba\\\/index.php\\\/2021\\\/12\\\/06\\\/priopcenje-nakon-sastanka-vlade-i-hbk-valja-prihvatiti-obvezu-testiranja-za-one-koji-nisu-cijepljeni-ili-preboljeli-covid\\\/#primaryimage\"},\"thumbnailUrl\":\"https:\\\/\\\/radioljubuski.ba\\\/wp-content\\\/uploads\\\/2021\\\/12\\\/HN20211206300169-696x464-1.jpg\",\"articleSection\":[\"BIH i regija\"],\"inLanguage\":\"hr\"},{\"@type\":\"WebPage\",\"@id\":\"https:\\\/\\\/radioljubuski.ba\\\/index.php\\\/2021\\\/12\\\/06\\\/priopcenje-nakon-sastanka-vlade-i-hbk-valja-prihvatiti-obvezu-testiranja-za-one-koji-nisu-cijepljeni-ili-preboljeli-covid\\\/\",\"url\":\"https:\\\/\\\/radioljubuski.ba\\\/index.php\\\/2021\\\/12\\\/06\\\/priopcenje-nakon-sastanka-vlade-i-hbk-valja-prihvatiti-obvezu-testiranja-za-one-koji-nisu-cijepljeni-ili-preboljeli-covid\\\/\",\"name\":\"Priop\u0107enje nakon sastanka Vlade i HBK: Valja prihvatiti obvezu testiranja za one koji nisu cijepljeni ili preboljeli covid - RADIO LJUBU\u0160KI\",\"isPartOf\":{\"@id\":\"https:\\\/\\\/radioljubuski.ba\\\/#website\"},\"primaryImageOfPage\":{\"@id\":\"https:\\\/\\\/radioljubuski.ba\\\/index.php\\\/2021\\\/12\\\/06\\\/priopcenje-nakon-sastanka-vlade-i-hbk-valja-prihvatiti-obvezu-testiranja-za-one-koji-nisu-cijepljeni-ili-preboljeli-covid\\\/#primaryimage\"},\"image\":{\"@id\":\"https:\\\/\\\/radioljubuski.ba\\\/index.php\\\/2021\\\/12\\\/06\\\/priopcenje-nakon-sastanka-vlade-i-hbk-valja-prihvatiti-obvezu-testiranja-za-one-koji-nisu-cijepljeni-ili-preboljeli-covid\\\/#primaryimage\"},\"thumbnailUrl\":\"https:\\\/\\\/radioljubuski.ba\\\/wp-content\\\/uploads\\\/2021\\\/12\\\/HN20211206300169-696x464-1.jpg\",\"datePublished\":\"2021-12-06T17:34:03+00:00\",\"dateModified\":\"2021-12-06T17:34:04+00:00\",\"breadcrumb\":{\"@id\":\"https:\\\/\\\/radioljubuski.ba\\\/index.php\\\/2021\\\/12\\\/06\\\/priopcenje-nakon-sastanka-vlade-i-hbk-valja-prihvatiti-obvezu-testiranja-za-one-koji-nisu-cijepljeni-ili-preboljeli-covid\\\/#breadcrumb\"},\"inLanguage\":\"hr\",\"potentialAction\":[{\"@type\":\"ReadAction\",\"target\":[\"https:\\\/\\\/radioljubuski.ba\\\/index.php\\\/2021\\\/12\\\/06\\\/priopcenje-nakon-sastanka-vlade-i-hbk-valja-prihvatiti-obvezu-testiranja-za-one-koji-nisu-cijepljeni-ili-preboljeli-covid\\\/\"]}]},{\"@type\":\"ImageObject\",\"inLanguage\":\"hr\",\"@id\":\"https:\\\/\\\/radioljubuski.ba\\\/index.php\\\/2021\\\/12\\\/06\\\/priopcenje-nakon-sastanka-vlade-i-hbk-valja-prihvatiti-obvezu-testiranja-za-one-koji-nisu-cijepljeni-ili-preboljeli-covid\\\/#primaryimage\",\"url\":\"https:\\\/\\\/radioljubuski.ba\\\/wp-content\\\/uploads\\\/2021\\\/12\\\/HN20211206300169-696x464-1.jpg\",\"contentUrl\":\"https:\\\/\\\/radioljubuski.ba\\\/wp-content\\\/uploads\\\/2021\\\/12\\\/HN20211206300169-696x464-1.jpg\",\"width\":696,\"height\":464},{\"@type\":\"BreadcrumbList\",\"@id\":\"https:\\\/\\\/radioljubuski.ba\\\/index.php\\\/2021\\\/12\\\/06\\\/priopcenje-nakon-sastanka-vlade-i-hbk-valja-prihvatiti-obvezu-testiranja-za-one-koji-nisu-cijepljeni-ili-preboljeli-covid\\\/#breadcrumb\",\"itemListElement\":[{\"@type\":\"ListItem\",\"position\":1,\"name\":\"Po\u010detna stranica\",\"item\":\"https:\\\/\\\/radioljubuski.ba\\\/\"},{\"@type\":\"ListItem\",\"position\":2,\"name\":\"Priop\u0107enje nakon sastanka Vlade i HBK: Valja prihvatiti obvezu testiranja za one koji nisu cijepljeni ili preboljeli covid\"}]},{\"@type\":\"WebSite\",\"@id\":\"https:\\\/\\\/radioljubuski.ba\\\/#website\",\"url\":\"https:\\\/\\\/radioljubuski.ba\\\/\",\"name\":\"Radio Ljubu\u0161ki\",\"description\":\"Sun\u010dana frekvencija Hercegovine\",\"publisher\":{\"@id\":\"https:\\\/\\\/radioljubuski.ba\\\/#organization\"},\"potentialAction\":[{\"@type\":\"SearchAction\",\"target\":{\"@type\":\"EntryPoint\",\"urlTemplate\":\"https:\\\/\\\/radioljubuski.ba\\\/?s={search_term_string}\"},\"query-input\":{\"@type\":\"PropertyValueSpecification\",\"valueRequired\":true,\"valueName\":\"search_term_string\"}}],\"inLanguage\":\"hr\"},{\"@type\":\"Organization\",\"@id\":\"https:\\\/\\\/radioljubuski.ba\\\/#organization\",\"name\":\"Radio Ljubu\u0161ki\",\"url\":\"https:\\\/\\\/radioljubuski.ba\\\/\",\"logo\":{\"@type\":\"ImageObject\",\"inLanguage\":\"hr\",\"@id\":\"https:\\\/\\\/radioljubuski.ba\\\/#\\\/schema\\\/logo\\\/image\\\/\",\"url\":\"https:\\\/\\\/radioljubuski.ba\\\/wp-content\\\/uploads\\\/2021\\\/02\\\/cropped-Radio_Ljubuski_logo1.jpg\",\"contentUrl\":\"https:\\\/\\\/radioljubuski.ba\\\/wp-content\\\/uploads\\\/2021\\\/02\\\/cropped-Radio_Ljubuski_logo1.jpg\",\"width\":512,\"height\":512,\"caption\":\"Radio Ljubu\u0161ki\"},\"image\":{\"@id\":\"https:\\\/\\\/radioljubuski.ba\\\/#\\\/schema\\\/logo\\\/image\\\/\"},\"sameAs\":[\"https:\\\/\\\/www.facebook.com\\\/Radiio-Ljubuski-1490835324566332\",\"https:\\\/\\\/x.com\\\/radioljubuski\",\"https:\\\/\\\/hr.linkedin.com\\\/company\\\/radio-ljubuski\",\"https:\\\/\\\/www.youtube.com\\\/channel\\\/UCHYaeO_n0Db3tjNGudGpXyw\"]},{\"@type\":\"Person\",\"@id\":\"https:\\\/\\\/radioljubuski.ba\\\/#\\\/schema\\\/person\\\/19fc700381a780f69665d7956c469e3b\",\"name\":\"Radio Ljubu\u0161ki\"}]}<\/script>\n<!-- \/ Yoast SEO plugin. -->","yoast_head_json":{"title":"Priop\u0107enje nakon sastanka Vlade i HBK: Valja prihvatiti obvezu testiranja za one koji nisu cijepljeni ili preboljeli covid - RADIO LJUBU\u0160KI","robots":{"index":"index","follow":"follow","max-snippet":"max-snippet:-1","max-image-preview":"max-image-preview:large","max-video-preview":"max-video-preview:-1"},"canonical":"https:\/\/radioljubuski.ba\/index.php\/2021\/12\/06\/priopcenje-nakon-sastanka-vlade-i-hbk-valja-prihvatiti-obvezu-testiranja-za-one-koji-nisu-cijepljeni-ili-preboljeli-covid\/","og_locale":"hr_HR","og_type":"article","og_title":"Priop\u0107enje nakon sastanka Vlade i HBK: Valja prihvatiti obvezu testiranja za one koji nisu cijepljeni ili preboljeli covid - RADIO LJUBU\u0160KI","og_description":"Predsjednik Vlade Andrej Plenkovi\u0107 i \u010dlanovi Vlade odr\u017eali su redoviti polugodi\u0161nji sastanak s \u010dlanovima Stalnog vije\u0107a Hrvatske biskupske konferencije. Na sastanku je izra\u017eeno zadovoljstvo kvalitetnim odnosima Vlade i Katoli\u010dke Crkve, kao i nastavkom dijaloga o brojnim dru\u0161tvenim temama te pitanjima koja se ti\u010du Hrvatske biskupske konferencije i Vlade, stoji u zajedni\u010dkom priop\u0107enju sa sastanka Stalnoga [&hellip;]","og_url":"https:\/\/radioljubuski.ba\/index.php\/2021\/12\/06\/priopcenje-nakon-sastanka-vlade-i-hbk-valja-prihvatiti-obvezu-testiranja-za-one-koji-nisu-cijepljeni-ili-preboljeli-covid\/","og_site_name":"RADIO LJUBU\u0160KI","article_publisher":"https:\/\/www.facebook.com\/Radiio-Ljubuski-1490835324566332","article_published_time":"2021-12-06T17:34:03+00:00","article_modified_time":"2021-12-06T17:34:04+00:00","og_image":[{"width":696,"height":464,"url":"https:\/\/radioljubuski.ba\/wp-content\/uploads\/2021\/12\/HN20211206300169-696x464-1.jpg","type":"image\/jpeg"}],"author":"Radio Ljubu\u0161ki","twitter_card":"summary_large_image","twitter_creator":"@radioljubuski","twitter_site":"@radioljubuski","twitter_misc":{"Napisao\/la":"Radio Ljubu\u0161ki","Procijenjeno vrijeme \u010ditanja":"3 minute"},"schema":{"@context":"https:\/\/schema.org","@graph":[{"@type":"Article","@id":"https:\/\/radioljubuski.ba\/index.php\/2021\/12\/06\/priopcenje-nakon-sastanka-vlade-i-hbk-valja-prihvatiti-obvezu-testiranja-za-one-koji-nisu-cijepljeni-ili-preboljeli-covid\/#article","isPartOf":{"@id":"https:\/\/radioljubuski.ba\/index.php\/2021\/12\/06\/priopcenje-nakon-sastanka-vlade-i-hbk-valja-prihvatiti-obvezu-testiranja-za-one-koji-nisu-cijepljeni-ili-preboljeli-covid\/"},"author":{"name":"Radio Ljubu\u0161ki","@id":"https:\/\/radioljubuski.ba\/#\/schema\/person\/19fc700381a780f69665d7956c469e3b"},"headline":"Priop\u0107enje nakon sastanka Vlade i HBK: Valja prihvatiti obvezu testiranja za one koji nisu cijepljeni ili preboljeli covid","datePublished":"2021-12-06T17:34:03+00:00","dateModified":"2021-12-06T17:34:04+00:00","mainEntityOfPage":{"@id":"https:\/\/radioljubuski.ba\/index.php\/2021\/12\/06\/priopcenje-nakon-sastanka-vlade-i-hbk-valja-prihvatiti-obvezu-testiranja-za-one-koji-nisu-cijepljeni-ili-preboljeli-covid\/"},"wordCount":761,"publisher":{"@id":"https:\/\/radioljubuski.ba\/#organization"},"image":{"@id":"https:\/\/radioljubuski.ba\/index.php\/2021\/12\/06\/priopcenje-nakon-sastanka-vlade-i-hbk-valja-prihvatiti-obvezu-testiranja-za-one-koji-nisu-cijepljeni-ili-preboljeli-covid\/#primaryimage"},"thumbnailUrl":"https:\/\/radioljubuski.ba\/wp-content\/uploads\/2021\/12\/HN20211206300169-696x464-1.jpg","articleSection":["BIH i regija"],"inLanguage":"hr"},{"@type":"WebPage","@id":"https:\/\/radioljubuski.ba\/index.php\/2021\/12\/06\/priopcenje-nakon-sastanka-vlade-i-hbk-valja-prihvatiti-obvezu-testiranja-za-one-koji-nisu-cijepljeni-ili-preboljeli-covid\/","url":"https:\/\/radioljubuski.ba\/index.php\/2021\/12\/06\/priopcenje-nakon-sastanka-vlade-i-hbk-valja-prihvatiti-obvezu-testiranja-za-one-koji-nisu-cijepljeni-ili-preboljeli-covid\/","name":"Priop\u0107enje nakon sastanka Vlade i HBK: Valja prihvatiti obvezu testiranja za one koji nisu cijepljeni ili preboljeli covid - RADIO LJUBU\u0160KI","isPartOf":{"@id":"https:\/\/radioljubuski.ba\/#website"},"primaryImageOfPage":{"@id":"https:\/\/radioljubuski.ba\/index.php\/2021\/12\/06\/priopcenje-nakon-sastanka-vlade-i-hbk-valja-prihvatiti-obvezu-testiranja-za-one-koji-nisu-cijepljeni-ili-preboljeli-covid\/#primaryimage"},"image":{"@id":"https:\/\/radioljubuski.ba\/index.php\/2021\/12\/06\/priopcenje-nakon-sastanka-vlade-i-hbk-valja-prihvatiti-obvezu-testiranja-za-one-koji-nisu-cijepljeni-ili-preboljeli-covid\/#primaryimage"},"thumbnailUrl":"https:\/\/radioljubuski.ba\/wp-content\/uploads\/2021\/12\/HN20211206300169-696x464-1.jpg","datePublished":"2021-12-06T17:34:03+00:00","dateModified":"2021-12-06T17:34:04+00:00","breadcrumb":{"@id":"https:\/\/radioljubuski.ba\/index.php\/2021\/12\/06\/priopcenje-nakon-sastanka-vlade-i-hbk-valja-prihvatiti-obvezu-testiranja-za-one-koji-nisu-cijepljeni-ili-preboljeli-covid\/#breadcrumb"},"inLanguage":"hr","potentialAction":[{"@type":"ReadAction","target":["https:\/\/radioljubuski.ba\/index.php\/2021\/12\/06\/priopcenje-nakon-sastanka-vlade-i-hbk-valja-prihvatiti-obvezu-testiranja-za-one-koji-nisu-cijepljeni-ili-preboljeli-covid\/"]}]},{"@type":"ImageObject","inLanguage":"hr","@id":"https:\/\/radioljubuski.ba\/index.php\/2021\/12\/06\/priopcenje-nakon-sastanka-vlade-i-hbk-valja-prihvatiti-obvezu-testiranja-za-one-koji-nisu-cijepljeni-ili-preboljeli-covid\/#primaryimage","url":"https:\/\/radioljubuski.ba\/wp-content\/uploads\/2021\/12\/HN20211206300169-696x464-1.jpg","contentUrl":"https:\/\/radioljubuski.ba\/wp-content\/uploads\/2021\/12\/HN20211206300169-696x464-1.jpg","width":696,"height":464},{"@type":"BreadcrumbList","@id":"https:\/\/radioljubuski.ba\/index.php\/2021\/12\/06\/priopcenje-nakon-sastanka-vlade-i-hbk-valja-prihvatiti-obvezu-testiranja-za-one-koji-nisu-cijepljeni-ili-preboljeli-covid\/#breadcrumb","itemListElement":[{"@type":"ListItem","position":1,"name":"Po\u010detna stranica","item":"https:\/\/radioljubuski.ba\/"},{"@type":"ListItem","position":2,"name":"Priop\u0107enje nakon sastanka Vlade i HBK: Valja prihvatiti obvezu testiranja za one koji nisu cijepljeni ili preboljeli covid"}]},{"@type":"WebSite","@id":"https:\/\/radioljubuski.ba\/#website","url":"https:\/\/radioljubuski.ba\/","name":"Radio Ljubu\u0161ki","description":"Sun\u010dana frekvencija Hercegovine","publisher":{"@id":"https:\/\/radioljubuski.ba\/#organization"},"potentialAction":[{"@type":"SearchAction","target":{"@type":"EntryPoint","urlTemplate":"https:\/\/radioljubuski.ba\/?s={search_term_string}"},"query-input":{"@type":"PropertyValueSpecification","valueRequired":true,"valueName":"search_term_string"}}],"inLanguage":"hr"},{"@type":"Organization","@id":"https:\/\/radioljubuski.ba\/#organization","name":"Radio Ljubu\u0161ki","url":"https:\/\/radioljubuski.ba\/","logo":{"@type":"ImageObject","inLanguage":"hr","@id":"https:\/\/radioljubuski.ba\/#\/schema\/logo\/image\/","url":"https:\/\/radioljubuski.ba\/wp-content\/uploads\/2021\/02\/cropped-Radio_Ljubuski_logo1.jpg","contentUrl":"https:\/\/radioljubuski.ba\/wp-content\/uploads\/2021\/02\/cropped-Radio_Ljubuski_logo1.jpg","width":512,"height":512,"caption":"Radio Ljubu\u0161ki"},"image":{"@id":"https:\/\/radioljubuski.ba\/#\/schema\/logo\/image\/"},"sameAs":["https:\/\/www.facebook.com\/Radiio-Ljubuski-1490835324566332","https:\/\/x.com\/radioljubuski","https:\/\/hr.linkedin.com\/company\/radio-ljubuski","https:\/\/www.youtube.com\/channel\/UCHYaeO_n0Db3tjNGudGpXyw"]},{"@type":"Person","@id":"https:\/\/radioljubuski.ba\/#\/schema\/person\/19fc700381a780f69665d7956c469e3b","name":"Radio Ljubu\u0161ki"}]}},"_links":{"self":[{"href":"https:\/\/radioljubuski.ba\/index.php\/wp-json\/wp\/v2\/posts\/96632","targetHints":{"allow":["GET"]}}],"collection":[{"href":"https:\/\/radioljubuski.ba\/index.php\/wp-json\/wp\/v2\/posts"}],"about":[{"href":"https:\/\/radioljubuski.ba\/index.php\/wp-json\/wp\/v2\/types\/post"}],"author":[{"embeddable":true,"href":"https:\/\/radioljubuski.ba\/index.php\/wp-json\/wp\/v2\/users\/2"}],"replies":[{"embeddable":true,"href":"https:\/\/radioljubuski.ba\/index.php\/wp-json\/wp\/v2\/comments?post=96632"}],"version-history":[{"count":1,"href":"https:\/\/radioljubuski.ba\/index.php\/wp-json\/wp\/v2\/posts\/96632\/revisions"}],"predecessor-version":[{"id":96634,"href":"https:\/\/radioljubuski.ba\/index.php\/wp-json\/wp\/v2\/posts\/96632\/revisions\/96634"}],"wp:featuredmedia":[{"embeddable":true,"href":"https:\/\/radioljubuski.ba\/index.php\/wp-json\/wp\/v2\/media\/96633"}],"wp:attachment":[{"href":"https:\/\/radioljubuski.ba\/index.php\/wp-json\/wp\/v2\/media?parent=96632"}],"wp:term":[{"taxonomy":"category","embeddable":true,"href":"https:\/\/radioljubuski.ba\/index.php\/wp-json\/wp\/v2\/categories?post=96632"},{"taxonomy":"post_tag","embeddable":true,"href":"https:\/\/radioljubuski.ba\/index.php\/wp-json\/wp\/v2\/tags?post=96632"}],"curies":[{"name":"wp","href":"https:\/\/api.w.org\/{rel}","templated":true}]}}