{"id":96644,"date":"2021-12-06T20:01:45","date_gmt":"2021-12-06T19:01:45","guid":{"rendered":"https:\/\/radioljubuski.ba\/?p=96644"},"modified":"2021-12-08T10:49:00","modified_gmt":"2021-12-08T09:49:00","slug":"otvorena-izlozba-fotografija-ivana-tomica-care-audio-i-foto","status":"publish","type":"post","link":"https:\/\/radioljubuski.ba\/index.php\/2021\/12\/06\/otvorena-izlozba-fotografija-ivana-tomica-care-audio-i-foto\/","title":{"rendered":"Otvorena izlo\u017eba fotografija Ivana Tomi\u0107a Care &#8211; audio i foto"},"content":{"rendered":"\n<p>Ve\u010dera\u0161nja izlo\u017eba ljubu\u0161kog umjetnika Ivana Tomi\u0107a Care, koji je svoja pomno probrana djela izlo\u017eio o\u010dima doma\u0107e javnosti, izazvala je veliki interes Ljubu\u0161aka. <\/p>\n\n\n\n<p>Na sve\u010dano otvaranje pristigao je veliki broj ljudi, oni su razgledavali i komentirali fotografije, a ve\u010der je pro\u0161la u znaku dru\u017eenja i lijepih susreta.<\/p>\n\n\n\n<p><em>\u201ePrezadovoljan sam odazivom. Do\u0161li su mi mnogi dragi ljudi koji vole fotografiju i koji vole umjetnost. Rje\u010dima ne mogu opisati koliko sam zadovoljan\u201c <\/em>bio je prvi komentar Ivana Tomi\u0107a na mnogobrojnu publiku kojoj je on ve\u010deras kroz fotografije ispri\u010dao jednu pri\u010du o ljepotama Ljubu\u0161kog.<\/p>\n\n\n\n<p>Bilo je tu i suptilnih poruka, kao \u0161to je naziv jedne fotografije masla\u010dka koja je izlo\u017eena pod imenom \u201eOmikron 21\u201c, a kako nam je Caro ispri\u010dao ovim je potezom htio poru\u010diti da se sve mo\u017ee gledati s ljep\u0161e strane.<\/p>\n\n\n\n<p>Izlo\u017ebu je sve\u010dano otvorio \u0110ino Spaji\u0107 koji je autoru pomogao probrati koje \u0107e fotografije biti izlo\u017eene iz njegove velike zbirke od preko 50-60 tisu\u0107a fotografija. <\/p>\n\n\n\n<p>Prethodno je dodatnu notu ve\u010deri svojim pjesmama dao Ivan Fofi\u0107, a Mila Fofi\u0107 je u ime Tomislava Dugand\u017ei\u0107a pro\u010ditala njegovu poruku Cari.<\/p>\n\n\n\n<p>Ivica Vizentaner koji je moderirao programom naknadno je za Radio Ljubu\u0161ki rekao kako je ovo tek jedno u nizu doga\u0111anja koja se u ovo bo\u017ei\u0107no vrijeme organiziraju u Knji\u017enici Ljubu\u0161ki.<\/p>\n\n\n\n<p>Javna ustanova Kulturno \u0161portski centar Ljubu\u0161ki, u sklopu koje djeluje Knji\u017enica, \u0107e tijekom ove godine organizirati oko 60 raznih kulturnih doga\u0111aja \u0161to je uistinu impresivno za jednu malu sredinu poput Ljubu\u0161kog.<\/p>\n\n\n\n<p>Vi\u0161e poslu\u0161ajte u audiozapisu<\/p>\n\n\n\n<iframe src=\"https:\/\/drive.google.com\/file\/d\/1Ere9tWKePANGcyrvJWTgy18FXTomm_AY\/preview\" style=\"width: 100%; height: 100px;\"><\/iframe>\n\n\n\n<iframe loading=\"lazy\" src=\"https:\/\/www.facebook.com\/plugins\/post.php?href=https%3A%2F%2Fwww.facebook.com%2Fpermalink.php%3Fstory_fbid%3D3017114841938365%26id%3D1490835324566332&amp;show_text=true&amp;width=500\" style=\"border:none;overflow:hidden\" scrolling=\"no\" allowfullscreen=\"true\" allow=\"autoplay; clipboard-write; encrypted-media; picture-in-picture; web-share\" width=\"500\" height=\"616\" frameborder=\"0\"><\/iframe>\n\n\n\n<p><strong>Ivan Herceg \/ Radio Ljubu\u0161ki<\/strong><\/p>\n","protected":false},"excerpt":{"rendered":"<p>Ve\u010dera\u0161nja izlo\u017eba ljubu\u0161kog umjetnika Ivana Tomi\u0107a Care, koji je svoja pomno probrana djela izlo\u017eio o\u010dima doma\u0107e javnosti, izazvala je veliki interes Ljubu\u0161aka. Na sve\u010dano otvaranje pristigao je veliki broj ljudi, oni su razgledavali i komentirali fotografije, a ve\u010der je pro\u0161la u znaku dru\u017eenja i lijepih susreta. \u201ePrezadovoljan sam odazivom. Do\u0161li su mi mnogi dragi ljudi [&hellip;]<\/p>\n","protected":false},"author":2,"featured_media":96657,"comment_status":"closed","ping_status":"closed","sticky":false,"template":"","format":"standard","meta":{"h5ap_radio_sources":[],"footnotes":""},"categories":[8],"tags":[],"class_list":["post-96644","post","type-post","status-publish","format-standard","has-post-thumbnail","hentry","category-rlj-audio"],"yoast_head":"<!-- This site is optimized with the Yoast SEO plugin v27.4 - https:\/\/yoast.com\/product\/yoast-seo-wordpress\/ -->\n<title>Otvorena izlo\u017eba fotografija Ivana Tomi\u0107a Care - audio i foto - RADIO LJUBU\u0160KI<\/title>\n<meta name=\"robots\" content=\"index, follow, max-snippet:-1, max-image-preview:large, max-video-preview:-1\" \/>\n<link rel=\"canonical\" href=\"https:\/\/radioljubuski.ba\/index.php\/2021\/12\/06\/otvorena-izlozba-fotografija-ivana-tomica-care-audio-i-foto\/\" \/>\n<meta property=\"og:locale\" content=\"hr_HR\" \/>\n<meta property=\"og:type\" content=\"article\" \/>\n<meta property=\"og:title\" content=\"Otvorena izlo\u017eba fotografija Ivana Tomi\u0107a Care - audio i foto - RADIO LJUBU\u0160KI\" \/>\n<meta property=\"og:description\" content=\"Ve\u010dera\u0161nja izlo\u017eba ljubu\u0161kog umjetnika Ivana Tomi\u0107a Care, koji je svoja pomno probrana djela izlo\u017eio o\u010dima doma\u0107e javnosti, izazvala je veliki interes Ljubu\u0161aka. Na sve\u010dano otvaranje pristigao je veliki broj ljudi, oni su razgledavali i komentirali fotografije, a ve\u010der je pro\u0161la u znaku dru\u017eenja i lijepih susreta. \u201ePrezadovoljan sam odazivom. Do\u0161li su mi mnogi dragi ljudi [&hellip;]\" \/>\n<meta property=\"og:url\" content=\"https:\/\/radioljubuski.ba\/index.php\/2021\/12\/06\/otvorena-izlozba-fotografija-ivana-tomica-care-audio-i-foto\/\" \/>\n<meta property=\"og:site_name\" content=\"RADIO LJUBU\u0160KI\" \/>\n<meta property=\"article:publisher\" content=\"https:\/\/www.facebook.com\/Radiio-Ljubuski-1490835324566332\" \/>\n<meta property=\"article:published_time\" content=\"2021-12-06T19:01:45+00:00\" \/>\n<meta property=\"article:modified_time\" content=\"2021-12-08T09:49:00+00:00\" \/>\n<meta property=\"og:image\" content=\"https:\/\/radioljubuski.ba\/wp-content\/uploads\/2021\/12\/ivan-tomic-caro.jpg\" \/>\n\t<meta property=\"og:image:width\" content=\"1686\" \/>\n\t<meta property=\"og:image:height\" content=\"1125\" \/>\n\t<meta property=\"og:image:type\" content=\"image\/jpeg\" \/>\n<meta name=\"author\" content=\"Radio Ljubu\u0161ki\" \/>\n<meta name=\"twitter:card\" content=\"summary_large_image\" \/>\n<meta name=\"twitter:creator\" content=\"@radioljubuski\" \/>\n<meta name=\"twitter:site\" content=\"@radioljubuski\" \/>\n<meta name=\"twitter:label1\" content=\"Napisao\/la\" \/>\n\t<meta name=\"twitter:data1\" content=\"Radio Ljubu\u0161ki\" \/>\n\t<meta name=\"twitter:label2\" content=\"Procijenjeno vrijeme \u010ditanja\" \/>\n\t<meta name=\"twitter:data2\" content=\"2 minute\" \/>\n<script type=\"application\/ld+json\" class=\"yoast-schema-graph\">{\"@context\":\"https:\\\/\\\/schema.org\",\"@graph\":[{\"@type\":\"Article\",\"@id\":\"https:\\\/\\\/radioljubuski.ba\\\/index.php\\\/2021\\\/12\\\/06\\\/otvorena-izlozba-fotografija-ivana-tomica-care-audio-i-foto\\\/#article\",\"isPartOf\":{\"@id\":\"https:\\\/\\\/radioljubuski.ba\\\/index.php\\\/2021\\\/12\\\/06\\\/otvorena-izlozba-fotografija-ivana-tomica-care-audio-i-foto\\\/\"},\"author\":{\"name\":\"Radio Ljubu\u0161ki\",\"@id\":\"https:\\\/\\\/radioljubuski.ba\\\/#\\\/schema\\\/person\\\/19fc700381a780f69665d7956c469e3b\"},\"headline\":\"Otvorena izlo\u017eba fotografija Ivana Tomi\u0107a Care &#8211; audio i foto\",\"datePublished\":\"2021-12-06T19:01:45+00:00\",\"dateModified\":\"2021-12-08T09:49:00+00:00\",\"mainEntityOfPage\":{\"@id\":\"https:\\\/\\\/radioljubuski.ba\\\/index.php\\\/2021\\\/12\\\/06\\\/otvorena-izlozba-fotografija-ivana-tomica-care-audio-i-foto\\\/\"},\"wordCount\":302,\"publisher\":{\"@id\":\"https:\\\/\\\/radioljubuski.ba\\\/#organization\"},\"image\":{\"@id\":\"https:\\\/\\\/radioljubuski.ba\\\/index.php\\\/2021\\\/12\\\/06\\\/otvorena-izlozba-fotografija-ivana-tomica-care-audio-i-foto\\\/#primaryimage\"},\"thumbnailUrl\":\"https:\\\/\\\/radioljubuski.ba\\\/wp-content\\\/uploads\\\/2021\\\/12\\\/ivan-tomic-caro.jpg\",\"articleSection\":[\"RLJ Audio\"],\"inLanguage\":\"hr\"},{\"@type\":\"WebPage\",\"@id\":\"https:\\\/\\\/radioljubuski.ba\\\/index.php\\\/2021\\\/12\\\/06\\\/otvorena-izlozba-fotografija-ivana-tomica-care-audio-i-foto\\\/\",\"url\":\"https:\\\/\\\/radioljubuski.ba\\\/index.php\\\/2021\\\/12\\\/06\\\/otvorena-izlozba-fotografija-ivana-tomica-care-audio-i-foto\\\/\",\"name\":\"Otvorena izlo\u017eba fotografija Ivana Tomi\u0107a Care - audio i foto - RADIO LJUBU\u0160KI\",\"isPartOf\":{\"@id\":\"https:\\\/\\\/radioljubuski.ba\\\/#website\"},\"primaryImageOfPage\":{\"@id\":\"https:\\\/\\\/radioljubuski.ba\\\/index.php\\\/2021\\\/12\\\/06\\\/otvorena-izlozba-fotografija-ivana-tomica-care-audio-i-foto\\\/#primaryimage\"},\"image\":{\"@id\":\"https:\\\/\\\/radioljubuski.ba\\\/index.php\\\/2021\\\/12\\\/06\\\/otvorena-izlozba-fotografija-ivana-tomica-care-audio-i-foto\\\/#primaryimage\"},\"thumbnailUrl\":\"https:\\\/\\\/radioljubuski.ba\\\/wp-content\\\/uploads\\\/2021\\\/12\\\/ivan-tomic-caro.jpg\",\"datePublished\":\"2021-12-06T19:01:45+00:00\",\"dateModified\":\"2021-12-08T09:49:00+00:00\",\"breadcrumb\":{\"@id\":\"https:\\\/\\\/radioljubuski.ba\\\/index.php\\\/2021\\\/12\\\/06\\\/otvorena-izlozba-fotografija-ivana-tomica-care-audio-i-foto\\\/#breadcrumb\"},\"inLanguage\":\"hr\",\"potentialAction\":[{\"@type\":\"ReadAction\",\"target\":[\"https:\\\/\\\/radioljubuski.ba\\\/index.php\\\/2021\\\/12\\\/06\\\/otvorena-izlozba-fotografija-ivana-tomica-care-audio-i-foto\\\/\"]}]},{\"@type\":\"ImageObject\",\"inLanguage\":\"hr\",\"@id\":\"https:\\\/\\\/radioljubuski.ba\\\/index.php\\\/2021\\\/12\\\/06\\\/otvorena-izlozba-fotografija-ivana-tomica-care-audio-i-foto\\\/#primaryimage\",\"url\":\"https:\\\/\\\/radioljubuski.ba\\\/wp-content\\\/uploads\\\/2021\\\/12\\\/ivan-tomic-caro.jpg\",\"contentUrl\":\"https:\\\/\\\/radioljubuski.ba\\\/wp-content\\\/uploads\\\/2021\\\/12\\\/ivan-tomic-caro.jpg\",\"width\":1686,\"height\":1125},{\"@type\":\"BreadcrumbList\",\"@id\":\"https:\\\/\\\/radioljubuski.ba\\\/index.php\\\/2021\\\/12\\\/06\\\/otvorena-izlozba-fotografija-ivana-tomica-care-audio-i-foto\\\/#breadcrumb\",\"itemListElement\":[{\"@type\":\"ListItem\",\"position\":1,\"name\":\"Po\u010detna stranica\",\"item\":\"https:\\\/\\\/radioljubuski.ba\\\/\"},{\"@type\":\"ListItem\",\"position\":2,\"name\":\"Otvorena izlo\u017eba fotografija Ivana Tomi\u0107a Care &#8211; audio i foto\"}]},{\"@type\":\"WebSite\",\"@id\":\"https:\\\/\\\/radioljubuski.ba\\\/#website\",\"url\":\"https:\\\/\\\/radioljubuski.ba\\\/\",\"name\":\"Radio Ljubu\u0161ki\",\"description\":\"Sun\u010dana frekvencija Hercegovine\",\"publisher\":{\"@id\":\"https:\\\/\\\/radioljubuski.ba\\\/#organization\"},\"potentialAction\":[{\"@type\":\"SearchAction\",\"target\":{\"@type\":\"EntryPoint\",\"urlTemplate\":\"https:\\\/\\\/radioljubuski.ba\\\/?s={search_term_string}\"},\"query-input\":{\"@type\":\"PropertyValueSpecification\",\"valueRequired\":true,\"valueName\":\"search_term_string\"}}],\"inLanguage\":\"hr\"},{\"@type\":\"Organization\",\"@id\":\"https:\\\/\\\/radioljubuski.ba\\\/#organization\",\"name\":\"Radio Ljubu\u0161ki\",\"url\":\"https:\\\/\\\/radioljubuski.ba\\\/\",\"logo\":{\"@type\":\"ImageObject\",\"inLanguage\":\"hr\",\"@id\":\"https:\\\/\\\/radioljubuski.ba\\\/#\\\/schema\\\/logo\\\/image\\\/\",\"url\":\"https:\\\/\\\/radioljubuski.ba\\\/wp-content\\\/uploads\\\/2021\\\/02\\\/cropped-Radio_Ljubuski_logo1.jpg\",\"contentUrl\":\"https:\\\/\\\/radioljubuski.ba\\\/wp-content\\\/uploads\\\/2021\\\/02\\\/cropped-Radio_Ljubuski_logo1.jpg\",\"width\":512,\"height\":512,\"caption\":\"Radio Ljubu\u0161ki\"},\"image\":{\"@id\":\"https:\\\/\\\/radioljubuski.ba\\\/#\\\/schema\\\/logo\\\/image\\\/\"},\"sameAs\":[\"https:\\\/\\\/www.facebook.com\\\/Radiio-Ljubuski-1490835324566332\",\"https:\\\/\\\/x.com\\\/radioljubuski\",\"https:\\\/\\\/hr.linkedin.com\\\/company\\\/radio-ljubuski\",\"https:\\\/\\\/www.youtube.com\\\/channel\\\/UCHYaeO_n0Db3tjNGudGpXyw\"]},{\"@type\":\"Person\",\"@id\":\"https:\\\/\\\/radioljubuski.ba\\\/#\\\/schema\\\/person\\\/19fc700381a780f69665d7956c469e3b\",\"name\":\"Radio Ljubu\u0161ki\"}]}<\/script>\n<!-- \/ Yoast SEO plugin. -->","yoast_head_json":{"title":"Otvorena izlo\u017eba fotografija Ivana Tomi\u0107a Care - audio i foto - RADIO LJUBU\u0160KI","robots":{"index":"index","follow":"follow","max-snippet":"max-snippet:-1","max-image-preview":"max-image-preview:large","max-video-preview":"max-video-preview:-1"},"canonical":"https:\/\/radioljubuski.ba\/index.php\/2021\/12\/06\/otvorena-izlozba-fotografija-ivana-tomica-care-audio-i-foto\/","og_locale":"hr_HR","og_type":"article","og_title":"Otvorena izlo\u017eba fotografija Ivana Tomi\u0107a Care - audio i foto - RADIO LJUBU\u0160KI","og_description":"Ve\u010dera\u0161nja izlo\u017eba ljubu\u0161kog umjetnika Ivana Tomi\u0107a Care, koji je svoja pomno probrana djela izlo\u017eio o\u010dima doma\u0107e javnosti, izazvala je veliki interes Ljubu\u0161aka. Na sve\u010dano otvaranje pristigao je veliki broj ljudi, oni su razgledavali i komentirali fotografije, a ve\u010der je pro\u0161la u znaku dru\u017eenja i lijepih susreta. \u201ePrezadovoljan sam odazivom. Do\u0161li su mi mnogi dragi ljudi [&hellip;]","og_url":"https:\/\/radioljubuski.ba\/index.php\/2021\/12\/06\/otvorena-izlozba-fotografija-ivana-tomica-care-audio-i-foto\/","og_site_name":"RADIO LJUBU\u0160KI","article_publisher":"https:\/\/www.facebook.com\/Radiio-Ljubuski-1490835324566332","article_published_time":"2021-12-06T19:01:45+00:00","article_modified_time":"2021-12-08T09:49:00+00:00","og_image":[{"width":1686,"height":1125,"url":"https:\/\/radioljubuski.ba\/wp-content\/uploads\/2021\/12\/ivan-tomic-caro.jpg","type":"image\/jpeg"}],"author":"Radio Ljubu\u0161ki","twitter_card":"summary_large_image","twitter_creator":"@radioljubuski","twitter_site":"@radioljubuski","twitter_misc":{"Napisao\/la":"Radio Ljubu\u0161ki","Procijenjeno vrijeme \u010ditanja":"2 minute"},"schema":{"@context":"https:\/\/schema.org","@graph":[{"@type":"Article","@id":"https:\/\/radioljubuski.ba\/index.php\/2021\/12\/06\/otvorena-izlozba-fotografija-ivana-tomica-care-audio-i-foto\/#article","isPartOf":{"@id":"https:\/\/radioljubuski.ba\/index.php\/2021\/12\/06\/otvorena-izlozba-fotografija-ivana-tomica-care-audio-i-foto\/"},"author":{"name":"Radio Ljubu\u0161ki","@id":"https:\/\/radioljubuski.ba\/#\/schema\/person\/19fc700381a780f69665d7956c469e3b"},"headline":"Otvorena izlo\u017eba fotografija Ivana Tomi\u0107a Care &#8211; audio i foto","datePublished":"2021-12-06T19:01:45+00:00","dateModified":"2021-12-08T09:49:00+00:00","mainEntityOfPage":{"@id":"https:\/\/radioljubuski.ba\/index.php\/2021\/12\/06\/otvorena-izlozba-fotografija-ivana-tomica-care-audio-i-foto\/"},"wordCount":302,"publisher":{"@id":"https:\/\/radioljubuski.ba\/#organization"},"image":{"@id":"https:\/\/radioljubuski.ba\/index.php\/2021\/12\/06\/otvorena-izlozba-fotografija-ivana-tomica-care-audio-i-foto\/#primaryimage"},"thumbnailUrl":"https:\/\/radioljubuski.ba\/wp-content\/uploads\/2021\/12\/ivan-tomic-caro.jpg","articleSection":["RLJ Audio"],"inLanguage":"hr"},{"@type":"WebPage","@id":"https:\/\/radioljubuski.ba\/index.php\/2021\/12\/06\/otvorena-izlozba-fotografija-ivana-tomica-care-audio-i-foto\/","url":"https:\/\/radioljubuski.ba\/index.php\/2021\/12\/06\/otvorena-izlozba-fotografija-ivana-tomica-care-audio-i-foto\/","name":"Otvorena izlo\u017eba fotografija Ivana Tomi\u0107a Care - audio i foto - RADIO LJUBU\u0160KI","isPartOf":{"@id":"https:\/\/radioljubuski.ba\/#website"},"primaryImageOfPage":{"@id":"https:\/\/radioljubuski.ba\/index.php\/2021\/12\/06\/otvorena-izlozba-fotografija-ivana-tomica-care-audio-i-foto\/#primaryimage"},"image":{"@id":"https:\/\/radioljubuski.ba\/index.php\/2021\/12\/06\/otvorena-izlozba-fotografija-ivana-tomica-care-audio-i-foto\/#primaryimage"},"thumbnailUrl":"https:\/\/radioljubuski.ba\/wp-content\/uploads\/2021\/12\/ivan-tomic-caro.jpg","datePublished":"2021-12-06T19:01:45+00:00","dateModified":"2021-12-08T09:49:00+00:00","breadcrumb":{"@id":"https:\/\/radioljubuski.ba\/index.php\/2021\/12\/06\/otvorena-izlozba-fotografija-ivana-tomica-care-audio-i-foto\/#breadcrumb"},"inLanguage":"hr","potentialAction":[{"@type":"ReadAction","target":["https:\/\/radioljubuski.ba\/index.php\/2021\/12\/06\/otvorena-izlozba-fotografija-ivana-tomica-care-audio-i-foto\/"]}]},{"@type":"ImageObject","inLanguage":"hr","@id":"https:\/\/radioljubuski.ba\/index.php\/2021\/12\/06\/otvorena-izlozba-fotografija-ivana-tomica-care-audio-i-foto\/#primaryimage","url":"https:\/\/radioljubuski.ba\/wp-content\/uploads\/2021\/12\/ivan-tomic-caro.jpg","contentUrl":"https:\/\/radioljubuski.ba\/wp-content\/uploads\/2021\/12\/ivan-tomic-caro.jpg","width":1686,"height":1125},{"@type":"BreadcrumbList","@id":"https:\/\/radioljubuski.ba\/index.php\/2021\/12\/06\/otvorena-izlozba-fotografija-ivana-tomica-care-audio-i-foto\/#breadcrumb","itemListElement":[{"@type":"ListItem","position":1,"name":"Po\u010detna stranica","item":"https:\/\/radioljubuski.ba\/"},{"@type":"ListItem","position":2,"name":"Otvorena izlo\u017eba fotografija Ivana Tomi\u0107a Care &#8211; audio i foto"}]},{"@type":"WebSite","@id":"https:\/\/radioljubuski.ba\/#website","url":"https:\/\/radioljubuski.ba\/","name":"Radio Ljubu\u0161ki","description":"Sun\u010dana frekvencija Hercegovine","publisher":{"@id":"https:\/\/radioljubuski.ba\/#organization"},"potentialAction":[{"@type":"SearchAction","target":{"@type":"EntryPoint","urlTemplate":"https:\/\/radioljubuski.ba\/?s={search_term_string}"},"query-input":{"@type":"PropertyValueSpecification","valueRequired":true,"valueName":"search_term_string"}}],"inLanguage":"hr"},{"@type":"Organization","@id":"https:\/\/radioljubuski.ba\/#organization","name":"Radio Ljubu\u0161ki","url":"https:\/\/radioljubuski.ba\/","logo":{"@type":"ImageObject","inLanguage":"hr","@id":"https:\/\/radioljubuski.ba\/#\/schema\/logo\/image\/","url":"https:\/\/radioljubuski.ba\/wp-content\/uploads\/2021\/02\/cropped-Radio_Ljubuski_logo1.jpg","contentUrl":"https:\/\/radioljubuski.ba\/wp-content\/uploads\/2021\/02\/cropped-Radio_Ljubuski_logo1.jpg","width":512,"height":512,"caption":"Radio Ljubu\u0161ki"},"image":{"@id":"https:\/\/radioljubuski.ba\/#\/schema\/logo\/image\/"},"sameAs":["https:\/\/www.facebook.com\/Radiio-Ljubuski-1490835324566332","https:\/\/x.com\/radioljubuski","https:\/\/hr.linkedin.com\/company\/radio-ljubuski","https:\/\/www.youtube.com\/channel\/UCHYaeO_n0Db3tjNGudGpXyw"]},{"@type":"Person","@id":"https:\/\/radioljubuski.ba\/#\/schema\/person\/19fc700381a780f69665d7956c469e3b","name":"Radio Ljubu\u0161ki"}]}},"_links":{"self":[{"href":"https:\/\/radioljubuski.ba\/index.php\/wp-json\/wp\/v2\/posts\/96644","targetHints":{"allow":["GET"]}}],"collection":[{"href":"https:\/\/radioljubuski.ba\/index.php\/wp-json\/wp\/v2\/posts"}],"about":[{"href":"https:\/\/radioljubuski.ba\/index.php\/wp-json\/wp\/v2\/types\/post"}],"author":[{"embeddable":true,"href":"https:\/\/radioljubuski.ba\/index.php\/wp-json\/wp\/v2\/users\/2"}],"replies":[{"embeddable":true,"href":"https:\/\/radioljubuski.ba\/index.php\/wp-json\/wp\/v2\/comments?post=96644"}],"version-history":[{"count":3,"href":"https:\/\/radioljubuski.ba\/index.php\/wp-json\/wp\/v2\/posts\/96644\/revisions"}],"predecessor-version":[{"id":97270,"href":"https:\/\/radioljubuski.ba\/index.php\/wp-json\/wp\/v2\/posts\/96644\/revisions\/97270"}],"wp:featuredmedia":[{"embeddable":true,"href":"https:\/\/radioljubuski.ba\/index.php\/wp-json\/wp\/v2\/media\/96657"}],"wp:attachment":[{"href":"https:\/\/radioljubuski.ba\/index.php\/wp-json\/wp\/v2\/media?parent=96644"}],"wp:term":[{"taxonomy":"category","embeddable":true,"href":"https:\/\/radioljubuski.ba\/index.php\/wp-json\/wp\/v2\/categories?post=96644"},{"taxonomy":"post_tag","embeddable":true,"href":"https:\/\/radioljubuski.ba\/index.php\/wp-json\/wp\/v2\/tags?post=96644"}],"curies":[{"name":"wp","href":"https:\/\/api.w.org\/{rel}","templated":true}]}}