{"id":96888,"date":"2021-12-07T17:28:41","date_gmt":"2021-12-07T16:28:41","guid":{"rendered":"https:\/\/radioljubuski.ba\/?p=96888"},"modified":"2021-12-09T10:46:02","modified_gmt":"2021-12-09T09:46:02","slug":"u-posjeti-kod-brocanskih-becara-audio-i-foto","status":"publish","type":"post","link":"https:\/\/radioljubuski.ba\/index.php\/2021\/12\/07\/u-posjeti-kod-brocanskih-becara-audio-i-foto\/","title":{"rendered":"U posjeti kod Bro\u0107anskih be\u0107ara &#8211; audio i foto"},"content":{"rendered":"\n<p>Malo koji ljubitelj tradicijskih napjeva na podru\u010dju Hercegovine, osobito be\u0107arca, nije \u010duo za Bro\u0107anske be\u0107are.  To ne treba ni \u010duditi jer rije\u010d o \u201emomcima\u201c koji svugdje stignu. Nema niti jedne zna\u010dajnije kulturne manifestacije tradicijskih napjeva, ne samo u Brotnju ve\u0107 i \u0161ire, gdje nisu nastupili.<br><br>I ljubitelji be\u0107arca na podru\u010dju Ljubu\u0161kog imali su ih priliku slu\u0161ati i u\u017eivati u njihovim pjesmama, ali i dru\u017eiti se s tim jednostovnim i dragim ljudima. <br><br>Oni su uz Dubravske be\u0107are s kojima imaju odli\u010dne odnose i \u010deste susrete, svakako najpoznatiji be\u0107ari na ovim prostorima. <\/p>\n\n\n\n<p>Ve\u0107 petnaest godina su skupa, iako i njih ne zaobilaze problemi odlaska vani, ali stalno se popunjavaju tako da su uvijek \u201eu punom pogonu\u201c. <\/p>\n\n\n\n<p>Za ovih petnaestak godina stvorili su zavidan repertoar pjesama da mogu \u201epivati cili dan\u201c a da se ne ponavljaju. <\/p>\n\n\n\n<p>Kako su dosegli odre\u0111enu razinu vrijeme je bilo za iskorak, pa su nedavno snimili i video spot pjesme o vinu koji i vizualno i glasovno prikazuju ljepote Brotnja i njegovog naj\u010duvenijeg proizvoda.<\/p>\n\n\n\n<iframe loading=\"lazy\" src=\"https:\/\/www.youtube.com\/embed\/sZ83s7z2dYY\" title=\"YouTube video player\" allow=\"accelerometer; autoplay; clipboard-write; encrypted-media; gyroscope; picture-in-picture\" allowfullscreen=\"\" width=\"560\" height=\"315\" frameborder=\"0\"><\/iframe>\n\n\n\n<p>Tim povodom posjetili smo Bro\u0107anske be\u0107are na mjestu gdje se redovito okupljaju i vje\u017ebaju, \u201eKod Gilje\u201c u Krehinom Gracu.<\/p>\n\n\n\n<p>Iako sam ve\u0107inu be\u0107ara znao od prije, dodu\u0161e ne po imenima osim pojedinih, ugodno sam se iznenadio samom atmosferom i dru\u017eenjem. Srda\u010dni doma\u0107in Giljo (Dra\u017een Planini\u0107) stizao je svuda, od serviranja i poslu\u017eivanja pa do pjevanja, a ni jednu pjesmu propustio nije. Osim be\u0107ara u prostoriji je bilo jo\u0161 dvadesetak gostiju od kojih vi\u0161e od polovice mo\u017ee \u201eusko\u010diti\u201c u pjesmu, ako zatreba jer rije\u010d je o \u201edoma\u0107im ljudima\u201c koji se me\u0111usobno svi poznaju, ali i dobro pjevaju.<br><\/p>\n\n\n\n<p>Te ve\u010deri pristigli su Gusari iz Metkovi\u0107a, kako ih zovu, s kojima se orila i dalmatinska pjesma uz svirku na gitari, tamburici i harmonici. <\/p>\n\n\n\n<p>Gusari ve\u0107 du\u017ee vremena dolaze u Brotnjo kako bi zajedno zapjevali uz obveznu \u0161alu i zezanciju gdje se nitko ne ljuti. Oni su dali obol i na snimanju spota i uz prof.Davora Markotu su jedni od zaslu\u017enijih \u0161to spot plijeni veliku pozornost.<br><\/p>\n\n\n\n<p>O izradi spota vi\u0161e \u0107ete \u010duti iz razgovora sa \u017deljkom Petrovi\u0107em predsjednikom i Milom Ostoji\u0107em tajnikom Hrvatske pjeva\u010dke udruge Bro\u0107anski be\u0107ari, kako se slu\u017ebeno zovu.<\/p>\n\n\n\n<iframe src=\"https:\/\/drive.google.com\/file\/d\/1PLx4-k--1sQ97uysuCjX-rFOXWIO0Jn_\/preview\" style=\"width: 100%; height: 100px;\"><\/iframe>\n\n\n\n<figure class=\"wp-block-image size-large\"><img loading=\"lazy\" decoding=\"async\" width=\"1008\" height=\"768\" src=\"https:\/\/radioljubuski.ba\/wp-content\/uploads\/2021\/12\/becari-pjesma.jpg\" alt=\"\" class=\"wp-image-96901\" srcset=\"https:\/\/radioljubuski.ba\/wp-content\/uploads\/2021\/12\/becari-pjesma.jpg 1008w, https:\/\/radioljubuski.ba\/wp-content\/uploads\/2021\/12\/becari-pjesma-300x229.jpg 300w, https:\/\/radioljubuski.ba\/wp-content\/uploads\/2021\/12\/becari-pjesma-768x585.jpg 768w, https:\/\/radioljubuski.ba\/wp-content\/uploads\/2021\/12\/becari-pjesma-16x12.jpg 16w\" sizes=\"auto, (max-width: 1008px) 100vw, 1008px\" \/><\/figure>\n\n\n\n<p>U nastavku poslu\u0161ajte nekoliko be\u0107araca i pjesmi koje su se orile \u201eKod Gilje\u201c u Krehinom Gracu.<\/p>\n\n\n\n<iframe src=\"https:\/\/drive.google.com\/file\/d\/1eog1NTlKkQZqyb6wgiNETGkJfzNHS0ZU\/preview\" style=\"width: 100%; height: 100px;\"><\/iframe>\n\n\n\n<iframe src=\"https:\/\/drive.google.com\/file\/d\/1XlcyZmj9cs4KivNwbwmh1SQUtB9UIBhb\/preview\" style=\"width: 100%; height: 100px;\"><\/iframe>\n\n\n\n<iframe src=\"https:\/\/drive.google.com\/file\/d\/16ICq3mx_gQX8cNai5AyBSVKUgKEjsSVK\/preview\" style=\"width: 100%; height: 100px;\"><\/iframe>\n\n\n\n<iframe src=\"https:\/\/drive.google.com\/file\/d\/1puHgOpVazskFnWhz37TC08pttnz4doPt\/preview\" style=\"width: 100%; height: 100px;\"><\/iframe>\n\n\n\n<iframe src=\"https:\/\/drive.google.com\/file\/d\/1or7yU0hjUJtaLKpMYl71-1Xt2ZXsaIeQ\/preview\" style=\"width: 100%; height: 100px;\"><\/iframe>\n\n\n\n<iframe src=\"https:\/\/drive.google.com\/file\/d\/17Qd9TQZZKuNN9RyX1-d6LYdzGsMZhhQ7\/preview\" style=\"width: 100%; height: 100px;\"><\/iframe>\n\n\n\n<figure class=\"wp-block-gallery columns-3 is-cropped wp-block-gallery-1 is-layout-flex wp-block-gallery-is-layout-flex\"><ul class=\"blocks-gallery-grid\"><li class=\"blocks-gallery-item\"><figure><img loading=\"lazy\" decoding=\"async\" width=\"1024\" height=\"657\" src=\"https:\/\/radioljubuski.ba\/wp-content\/uploads\/2021\/12\/brocanski-becari-1.jpg\" alt=\"\" data-id=\"96916\" data-full-url=\"https:\/\/radioljubuski.ba\/wp-content\/uploads\/2021\/12\/brocanski-becari-1.jpg\" data-link=\"https:\/\/radioljubuski.ba\/?attachment_id=96916\" class=\"wp-image-96916\" srcset=\"https:\/\/radioljubuski.ba\/wp-content\/uploads\/2021\/12\/brocanski-becari-1.jpg 1024w, https:\/\/radioljubuski.ba\/wp-content\/uploads\/2021\/12\/brocanski-becari-1-300x192.jpg 300w, https:\/\/radioljubuski.ba\/wp-content\/uploads\/2021\/12\/brocanski-becari-1-768x493.jpg 768w, https:\/\/radioljubuski.ba\/wp-content\/uploads\/2021\/12\/brocanski-becari-1-18x12.jpg 18w\" sizes=\"auto, (max-width: 1024px) 100vw, 1024px\" \/><\/figure><\/li><li class=\"blocks-gallery-item\"><figure><img loading=\"lazy\" decoding=\"async\" width=\"1024\" height=\"683\" src=\"https:\/\/radioljubuski.ba\/wp-content\/uploads\/2021\/12\/brocanski-becari-2.jpg\" alt=\"\" data-id=\"96917\" data-full-url=\"https:\/\/radioljubuski.ba\/wp-content\/uploads\/2021\/12\/brocanski-becari-2.jpg\" data-link=\"https:\/\/radioljubuski.ba\/?attachment_id=96917\" class=\"wp-image-96917\" srcset=\"https:\/\/radioljubuski.ba\/wp-content\/uploads\/2021\/12\/brocanski-becari-2.jpg 1024w, https:\/\/radioljubuski.ba\/wp-content\/uploads\/2021\/12\/brocanski-becari-2-300x200.jpg 300w, https:\/\/radioljubuski.ba\/wp-content\/uploads\/2021\/12\/brocanski-becari-2-768x512.jpg 768w, https:\/\/radioljubuski.ba\/wp-content\/uploads\/2021\/12\/brocanski-becari-2-18x12.jpg 18w\" sizes=\"auto, (max-width: 1024px) 100vw, 1024px\" \/><\/figure><\/li><li class=\"blocks-gallery-item\"><figure><img loading=\"lazy\" decoding=\"async\" width=\"1024\" height=\"683\" src=\"https:\/\/radioljubuski.ba\/wp-content\/uploads\/2021\/12\/brocanski-becari-3.jpg\" alt=\"\" data-id=\"96918\" data-full-url=\"https:\/\/radioljubuski.ba\/wp-content\/uploads\/2021\/12\/brocanski-becari-3.jpg\" data-link=\"https:\/\/radioljubuski.ba\/?attachment_id=96918\" class=\"wp-image-96918\" srcset=\"https:\/\/radioljubuski.ba\/wp-content\/uploads\/2021\/12\/brocanski-becari-3.jpg 1024w, https:\/\/radioljubuski.ba\/wp-content\/uploads\/2021\/12\/brocanski-becari-3-300x200.jpg 300w, https:\/\/radioljubuski.ba\/wp-content\/uploads\/2021\/12\/brocanski-becari-3-768x512.jpg 768w, https:\/\/radioljubuski.ba\/wp-content\/uploads\/2021\/12\/brocanski-becari-3-18x12.jpg 18w\" sizes=\"auto, (max-width: 1024px) 100vw, 1024px\" \/><\/figure><\/li><li class=\"blocks-gallery-item\"><figure><img loading=\"lazy\" decoding=\"async\" width=\"1024\" height=\"683\" src=\"https:\/\/radioljubuski.ba\/wp-content\/uploads\/2021\/12\/brocanski-becari-4.jpg\" alt=\"\" data-id=\"96919\" data-full-url=\"https:\/\/radioljubuski.ba\/wp-content\/uploads\/2021\/12\/brocanski-becari-4.jpg\" data-link=\"https:\/\/radioljubuski.ba\/?attachment_id=96919\" class=\"wp-image-96919\" srcset=\"https:\/\/radioljubuski.ba\/wp-content\/uploads\/2021\/12\/brocanski-becari-4.jpg 1024w, https:\/\/radioljubuski.ba\/wp-content\/uploads\/2021\/12\/brocanski-becari-4-300x200.jpg 300w, https:\/\/radioljubuski.ba\/wp-content\/uploads\/2021\/12\/brocanski-becari-4-768x512.jpg 768w, https:\/\/radioljubuski.ba\/wp-content\/uploads\/2021\/12\/brocanski-becari-4-18x12.jpg 18w\" sizes=\"auto, (max-width: 1024px) 100vw, 1024px\" \/><\/figure><\/li><li class=\"blocks-gallery-item\"><figure><img loading=\"lazy\" decoding=\"async\" width=\"1024\" height=\"683\" src=\"https:\/\/radioljubuski.ba\/wp-content\/uploads\/2021\/12\/brocanski-becari-5.jpg\" alt=\"\" data-id=\"96920\" data-full-url=\"https:\/\/radioljubuski.ba\/wp-content\/uploads\/2021\/12\/brocanski-becari-5.jpg\" data-link=\"https:\/\/radioljubuski.ba\/?attachment_id=96920\" class=\"wp-image-96920\" srcset=\"https:\/\/radioljubuski.ba\/wp-content\/uploads\/2021\/12\/brocanski-becari-5.jpg 1024w, https:\/\/radioljubuski.ba\/wp-content\/uploads\/2021\/12\/brocanski-becari-5-300x200.jpg 300w, https:\/\/radioljubuski.ba\/wp-content\/uploads\/2021\/12\/brocanski-becari-5-768x512.jpg 768w, https:\/\/radioljubuski.ba\/wp-content\/uploads\/2021\/12\/brocanski-becari-5-18x12.jpg 18w\" sizes=\"auto, (max-width: 1024px) 100vw, 1024px\" \/><\/figure><\/li><li class=\"blocks-gallery-item\"><figure><img loading=\"lazy\" decoding=\"async\" width=\"1024\" height=\"683\" src=\"https:\/\/radioljubuski.ba\/wp-content\/uploads\/2021\/12\/brocanski-becari-6.jpg\" alt=\"\" data-id=\"96921\" data-full-url=\"https:\/\/radioljubuski.ba\/wp-content\/uploads\/2021\/12\/brocanski-becari-6.jpg\" data-link=\"https:\/\/radioljubuski.ba\/?attachment_id=96921\" class=\"wp-image-96921\" srcset=\"https:\/\/radioljubuski.ba\/wp-content\/uploads\/2021\/12\/brocanski-becari-6.jpg 1024w, https:\/\/radioljubuski.ba\/wp-content\/uploads\/2021\/12\/brocanski-becari-6-300x200.jpg 300w, https:\/\/radioljubuski.ba\/wp-content\/uploads\/2021\/12\/brocanski-becari-6-768x512.jpg 768w, https:\/\/radioljubuski.ba\/wp-content\/uploads\/2021\/12\/brocanski-becari-6-18x12.jpg 18w\" sizes=\"auto, (max-width: 1024px) 100vw, 1024px\" \/><\/figure><\/li><li class=\"blocks-gallery-item\"><figure><img loading=\"lazy\" decoding=\"async\" width=\"1024\" height=\"683\" src=\"https:\/\/radioljubuski.ba\/wp-content\/uploads\/2021\/12\/brocanski-becari-7.jpg\" alt=\"\" data-id=\"96922\" data-full-url=\"https:\/\/radioljubuski.ba\/wp-content\/uploads\/2021\/12\/brocanski-becari-7.jpg\" data-link=\"https:\/\/radioljubuski.ba\/?attachment_id=96922\" class=\"wp-image-96922\" srcset=\"https:\/\/radioljubuski.ba\/wp-content\/uploads\/2021\/12\/brocanski-becari-7.jpg 1024w, https:\/\/radioljubuski.ba\/wp-content\/uploads\/2021\/12\/brocanski-becari-7-300x200.jpg 300w, https:\/\/radioljubuski.ba\/wp-content\/uploads\/2021\/12\/brocanski-becari-7-768x512.jpg 768w, https:\/\/radioljubuski.ba\/wp-content\/uploads\/2021\/12\/brocanski-becari-7-18x12.jpg 18w\" sizes=\"auto, (max-width: 1024px) 100vw, 1024px\" \/><\/figure><\/li><li class=\"blocks-gallery-item\"><figure><img loading=\"lazy\" decoding=\"async\" width=\"1024\" height=\"683\" src=\"https:\/\/radioljubuski.ba\/wp-content\/uploads\/2021\/12\/brocanski-becari-8.jpg\" alt=\"\" data-id=\"96923\" data-full-url=\"https:\/\/radioljubuski.ba\/wp-content\/uploads\/2021\/12\/brocanski-becari-8.jpg\" data-link=\"https:\/\/radioljubuski.ba\/?attachment_id=96923\" class=\"wp-image-96923\" srcset=\"https:\/\/radioljubuski.ba\/wp-content\/uploads\/2021\/12\/brocanski-becari-8.jpg 1024w, https:\/\/radioljubuski.ba\/wp-content\/uploads\/2021\/12\/brocanski-becari-8-300x200.jpg 300w, https:\/\/radioljubuski.ba\/wp-content\/uploads\/2021\/12\/brocanski-becari-8-768x512.jpg 768w, https:\/\/radioljubuski.ba\/wp-content\/uploads\/2021\/12\/brocanski-becari-8-18x12.jpg 18w\" sizes=\"auto, (max-width: 1024px) 100vw, 1024px\" \/><\/figure><\/li><li class=\"blocks-gallery-item\"><figure><img loading=\"lazy\" decoding=\"async\" width=\"1024\" height=\"683\" src=\"https:\/\/radioljubuski.ba\/wp-content\/uploads\/2021\/12\/brocanski-becari-9.jpg\" alt=\"\" data-id=\"96924\" data-full-url=\"https:\/\/radioljubuski.ba\/wp-content\/uploads\/2021\/12\/brocanski-becari-9.jpg\" data-link=\"https:\/\/radioljubuski.ba\/?attachment_id=96924\" class=\"wp-image-96924\" srcset=\"https:\/\/radioljubuski.ba\/wp-content\/uploads\/2021\/12\/brocanski-becari-9.jpg 1024w, https:\/\/radioljubuski.ba\/wp-content\/uploads\/2021\/12\/brocanski-becari-9-300x200.jpg 300w, https:\/\/radioljubuski.ba\/wp-content\/uploads\/2021\/12\/brocanski-becari-9-768x512.jpg 768w, https:\/\/radioljubuski.ba\/wp-content\/uploads\/2021\/12\/brocanski-becari-9-18x12.jpg 18w\" sizes=\"auto, (max-width: 1024px) 100vw, 1024px\" \/><\/figure><\/li><li class=\"blocks-gallery-item\"><figure><img loading=\"lazy\" decoding=\"async\" width=\"1024\" height=\"757\" src=\"https:\/\/radioljubuski.ba\/wp-content\/uploads\/2021\/12\/brocanski-becari-10.jpg\" alt=\"\" data-id=\"96925\" data-full-url=\"https:\/\/radioljubuski.ba\/wp-content\/uploads\/2021\/12\/brocanski-becari-10.jpg\" data-link=\"https:\/\/radioljubuski.ba\/?attachment_id=96925\" class=\"wp-image-96925\" srcset=\"https:\/\/radioljubuski.ba\/wp-content\/uploads\/2021\/12\/brocanski-becari-10.jpg 1024w, https:\/\/radioljubuski.ba\/wp-content\/uploads\/2021\/12\/brocanski-becari-10-300x222.jpg 300w, https:\/\/radioljubuski.ba\/wp-content\/uploads\/2021\/12\/brocanski-becari-10-768x568.jpg 768w, https:\/\/radioljubuski.ba\/wp-content\/uploads\/2021\/12\/brocanski-becari-10-16x12.jpg 16w\" sizes=\"auto, (max-width: 1024px) 100vw, 1024px\" \/><\/figure><\/li><li class=\"blocks-gallery-item\"><figure><img loading=\"lazy\" decoding=\"async\" width=\"1008\" height=\"768\" src=\"https:\/\/radioljubuski.ba\/wp-content\/uploads\/2021\/12\/brocanski-becari-11.jpg\" alt=\"\" data-id=\"96926\" data-full-url=\"https:\/\/radioljubuski.ba\/wp-content\/uploads\/2021\/12\/brocanski-becari-11.jpg\" data-link=\"https:\/\/radioljubuski.ba\/?attachment_id=96926\" class=\"wp-image-96926\" srcset=\"https:\/\/radioljubuski.ba\/wp-content\/uploads\/2021\/12\/brocanski-becari-11.jpg 1008w, https:\/\/radioljubuski.ba\/wp-content\/uploads\/2021\/12\/brocanski-becari-11-300x229.jpg 300w, https:\/\/radioljubuski.ba\/wp-content\/uploads\/2021\/12\/brocanski-becari-11-768x585.jpg 768w, https:\/\/radioljubuski.ba\/wp-content\/uploads\/2021\/12\/brocanski-becari-11-16x12.jpg 16w\" sizes=\"auto, (max-width: 1008px) 100vw, 1008px\" \/><\/figure><\/li><\/ul><\/figure>\n\n\n\n<p><strong>Mile Kraljevi\u0107 \/ Radio Ljubu\u0161ki<\/strong><\/p>\n","protected":false},"excerpt":{"rendered":"<p>Malo koji ljubitelj tradicijskih napjeva na podru\u010dju Hercegovine, osobito be\u0107arca, nije \u010duo za Bro\u0107anske be\u0107are. To ne treba ni \u010duditi jer rije\u010d o \u201emomcima\u201c koji svugdje stignu. Nema niti jedne zna\u010dajnije kulturne manifestacije tradicijskih napjeva, ne samo u Brotnju ve\u0107 i \u0161ire, gdje nisu nastupili. I ljubitelji be\u0107arca na podru\u010dju Ljubu\u0161kog imali su ih priliku [&hellip;]<\/p>\n","protected":false},"author":2,"featured_media":96913,"comment_status":"closed","ping_status":"closed","sticky":false,"template":"","format":"standard","meta":{"h5ap_radio_sources":[],"footnotes":""},"categories":[8],"tags":[],"class_list":["post-96888","post","type-post","status-publish","format-standard","has-post-thumbnail","hentry","category-rlj-audio"],"yoast_head":"<!-- This site is optimized with the Yoast SEO plugin v27.4 - https:\/\/yoast.com\/product\/yoast-seo-wordpress\/ -->\n<title>U posjeti kod Bro\u0107anskih be\u0107ara - audio i foto - RADIO LJUBU\u0160KI<\/title>\n<meta name=\"robots\" content=\"index, follow, max-snippet:-1, max-image-preview:large, max-video-preview:-1\" \/>\n<link rel=\"canonical\" href=\"https:\/\/radioljubuski.ba\/index.php\/2021\/12\/07\/u-posjeti-kod-brocanskih-becara-audio-i-foto\/\" \/>\n<meta property=\"og:locale\" content=\"hr_HR\" \/>\n<meta property=\"og:type\" content=\"article\" \/>\n<meta property=\"og:title\" content=\"U posjeti kod Bro\u0107anskih be\u0107ara - audio i foto - RADIO LJUBU\u0160KI\" \/>\n<meta property=\"og:description\" content=\"Malo koji ljubitelj tradicijskih napjeva na podru\u010dju Hercegovine, osobito be\u0107arca, nije \u010duo za Bro\u0107anske be\u0107are. To ne treba ni \u010duditi jer rije\u010d o \u201emomcima\u201c koji svugdje stignu. Nema niti jedne zna\u010dajnije kulturne manifestacije tradicijskih napjeva, ne samo u Brotnju ve\u0107 i \u0161ire, gdje nisu nastupili. I ljubitelji be\u0107arca na podru\u010dju Ljubu\u0161kog imali su ih priliku [&hellip;]\" \/>\n<meta property=\"og:url\" content=\"https:\/\/radioljubuski.ba\/index.php\/2021\/12\/07\/u-posjeti-kod-brocanskih-becara-audio-i-foto\/\" \/>\n<meta property=\"og:site_name\" content=\"RADIO LJUBU\u0160KI\" \/>\n<meta property=\"article:publisher\" content=\"https:\/\/www.facebook.com\/Radiio-Ljubuski-1490835324566332\" \/>\n<meta property=\"article:published_time\" content=\"2021-12-07T16:28:41+00:00\" \/>\n<meta property=\"article:modified_time\" content=\"2021-12-09T09:46:02+00:00\" \/>\n<meta property=\"og:image\" content=\"https:\/\/radioljubuski.ba\/wp-content\/uploads\/2021\/12\/naslovna.jpg\" \/>\n\t<meta property=\"og:image:width\" content=\"1024\" \/>\n\t<meta property=\"og:image:height\" content=\"657\" \/>\n\t<meta property=\"og:image:type\" content=\"image\/jpeg\" \/>\n<meta name=\"author\" content=\"Radio Ljubu\u0161ki\" \/>\n<meta name=\"twitter:card\" content=\"summary_large_image\" \/>\n<meta name=\"twitter:creator\" content=\"@radioljubuski\" \/>\n<meta name=\"twitter:site\" content=\"@radioljubuski\" \/>\n<meta name=\"twitter:label1\" content=\"Napisao\/la\" \/>\n\t<meta name=\"twitter:data1\" content=\"Radio Ljubu\u0161ki\" \/>\n\t<meta name=\"twitter:label2\" content=\"Procijenjeno vrijeme \u010ditanja\" \/>\n\t<meta name=\"twitter:data2\" content=\"5 minuta\" \/>\n<script type=\"application\/ld+json\" class=\"yoast-schema-graph\">{\"@context\":\"https:\\\/\\\/schema.org\",\"@graph\":[{\"@type\":\"Article\",\"@id\":\"https:\\\/\\\/radioljubuski.ba\\\/index.php\\\/2021\\\/12\\\/07\\\/u-posjeti-kod-brocanskih-becara-audio-i-foto\\\/#article\",\"isPartOf\":{\"@id\":\"https:\\\/\\\/radioljubuski.ba\\\/index.php\\\/2021\\\/12\\\/07\\\/u-posjeti-kod-brocanskih-becara-audio-i-foto\\\/\"},\"author\":{\"name\":\"Radio Ljubu\u0161ki\",\"@id\":\"https:\\\/\\\/radioljubuski.ba\\\/#\\\/schema\\\/person\\\/19fc700381a780f69665d7956c469e3b\"},\"headline\":\"U posjeti kod Bro\u0107anskih be\u0107ara &#8211; audio i foto\",\"datePublished\":\"2021-12-07T16:28:41+00:00\",\"dateModified\":\"2021-12-09T09:46:02+00:00\",\"mainEntityOfPage\":{\"@id\":\"https:\\\/\\\/radioljubuski.ba\\\/index.php\\\/2021\\\/12\\\/07\\\/u-posjeti-kod-brocanskih-becara-audio-i-foto\\\/\"},\"wordCount\":431,\"publisher\":{\"@id\":\"https:\\\/\\\/radioljubuski.ba\\\/#organization\"},\"image\":{\"@id\":\"https:\\\/\\\/radioljubuski.ba\\\/index.php\\\/2021\\\/12\\\/07\\\/u-posjeti-kod-brocanskih-becara-audio-i-foto\\\/#primaryimage\"},\"thumbnailUrl\":\"https:\\\/\\\/radioljubuski.ba\\\/wp-content\\\/uploads\\\/2021\\\/12\\\/naslovna.jpg\",\"articleSection\":[\"RLJ Audio\"],\"inLanguage\":\"hr\"},{\"@type\":\"WebPage\",\"@id\":\"https:\\\/\\\/radioljubuski.ba\\\/index.php\\\/2021\\\/12\\\/07\\\/u-posjeti-kod-brocanskih-becara-audio-i-foto\\\/\",\"url\":\"https:\\\/\\\/radioljubuski.ba\\\/index.php\\\/2021\\\/12\\\/07\\\/u-posjeti-kod-brocanskih-becara-audio-i-foto\\\/\",\"name\":\"U posjeti kod Bro\u0107anskih be\u0107ara - audio i foto - RADIO LJUBU\u0160KI\",\"isPartOf\":{\"@id\":\"https:\\\/\\\/radioljubuski.ba\\\/#website\"},\"primaryImageOfPage\":{\"@id\":\"https:\\\/\\\/radioljubuski.ba\\\/index.php\\\/2021\\\/12\\\/07\\\/u-posjeti-kod-brocanskih-becara-audio-i-foto\\\/#primaryimage\"},\"image\":{\"@id\":\"https:\\\/\\\/radioljubuski.ba\\\/index.php\\\/2021\\\/12\\\/07\\\/u-posjeti-kod-brocanskih-becara-audio-i-foto\\\/#primaryimage\"},\"thumbnailUrl\":\"https:\\\/\\\/radioljubuski.ba\\\/wp-content\\\/uploads\\\/2021\\\/12\\\/naslovna.jpg\",\"datePublished\":\"2021-12-07T16:28:41+00:00\",\"dateModified\":\"2021-12-09T09:46:02+00:00\",\"breadcrumb\":{\"@id\":\"https:\\\/\\\/radioljubuski.ba\\\/index.php\\\/2021\\\/12\\\/07\\\/u-posjeti-kod-brocanskih-becara-audio-i-foto\\\/#breadcrumb\"},\"inLanguage\":\"hr\",\"potentialAction\":[{\"@type\":\"ReadAction\",\"target\":[\"https:\\\/\\\/radioljubuski.ba\\\/index.php\\\/2021\\\/12\\\/07\\\/u-posjeti-kod-brocanskih-becara-audio-i-foto\\\/\"]}]},{\"@type\":\"ImageObject\",\"inLanguage\":\"hr\",\"@id\":\"https:\\\/\\\/radioljubuski.ba\\\/index.php\\\/2021\\\/12\\\/07\\\/u-posjeti-kod-brocanskih-becara-audio-i-foto\\\/#primaryimage\",\"url\":\"https:\\\/\\\/radioljubuski.ba\\\/wp-content\\\/uploads\\\/2021\\\/12\\\/naslovna.jpg\",\"contentUrl\":\"https:\\\/\\\/radioljubuski.ba\\\/wp-content\\\/uploads\\\/2021\\\/12\\\/naslovna.jpg\",\"width\":1024,\"height\":657},{\"@type\":\"BreadcrumbList\",\"@id\":\"https:\\\/\\\/radioljubuski.ba\\\/index.php\\\/2021\\\/12\\\/07\\\/u-posjeti-kod-brocanskih-becara-audio-i-foto\\\/#breadcrumb\",\"itemListElement\":[{\"@type\":\"ListItem\",\"position\":1,\"name\":\"Po\u010detna stranica\",\"item\":\"https:\\\/\\\/radioljubuski.ba\\\/\"},{\"@type\":\"ListItem\",\"position\":2,\"name\":\"U posjeti kod Bro\u0107anskih be\u0107ara &#8211; audio i foto\"}]},{\"@type\":\"WebSite\",\"@id\":\"https:\\\/\\\/radioljubuski.ba\\\/#website\",\"url\":\"https:\\\/\\\/radioljubuski.ba\\\/\",\"name\":\"Radio Ljubu\u0161ki\",\"description\":\"Sun\u010dana frekvencija Hercegovine\",\"publisher\":{\"@id\":\"https:\\\/\\\/radioljubuski.ba\\\/#organization\"},\"potentialAction\":[{\"@type\":\"SearchAction\",\"target\":{\"@type\":\"EntryPoint\",\"urlTemplate\":\"https:\\\/\\\/radioljubuski.ba\\\/?s={search_term_string}\"},\"query-input\":{\"@type\":\"PropertyValueSpecification\",\"valueRequired\":true,\"valueName\":\"search_term_string\"}}],\"inLanguage\":\"hr\"},{\"@type\":\"Organization\",\"@id\":\"https:\\\/\\\/radioljubuski.ba\\\/#organization\",\"name\":\"Radio Ljubu\u0161ki\",\"url\":\"https:\\\/\\\/radioljubuski.ba\\\/\",\"logo\":{\"@type\":\"ImageObject\",\"inLanguage\":\"hr\",\"@id\":\"https:\\\/\\\/radioljubuski.ba\\\/#\\\/schema\\\/logo\\\/image\\\/\",\"url\":\"https:\\\/\\\/radioljubuski.ba\\\/wp-content\\\/uploads\\\/2021\\\/02\\\/cropped-Radio_Ljubuski_logo1.jpg\",\"contentUrl\":\"https:\\\/\\\/radioljubuski.ba\\\/wp-content\\\/uploads\\\/2021\\\/02\\\/cropped-Radio_Ljubuski_logo1.jpg\",\"width\":512,\"height\":512,\"caption\":\"Radio Ljubu\u0161ki\"},\"image\":{\"@id\":\"https:\\\/\\\/radioljubuski.ba\\\/#\\\/schema\\\/logo\\\/image\\\/\"},\"sameAs\":[\"https:\\\/\\\/www.facebook.com\\\/Radiio-Ljubuski-1490835324566332\",\"https:\\\/\\\/x.com\\\/radioljubuski\",\"https:\\\/\\\/hr.linkedin.com\\\/company\\\/radio-ljubuski\",\"https:\\\/\\\/www.youtube.com\\\/channel\\\/UCHYaeO_n0Db3tjNGudGpXyw\"]},{\"@type\":\"Person\",\"@id\":\"https:\\\/\\\/radioljubuski.ba\\\/#\\\/schema\\\/person\\\/19fc700381a780f69665d7956c469e3b\",\"name\":\"Radio Ljubu\u0161ki\"}]}<\/script>\n<!-- \/ Yoast SEO plugin. -->","yoast_head_json":{"title":"U posjeti kod Bro\u0107anskih be\u0107ara - audio i foto - RADIO LJUBU\u0160KI","robots":{"index":"index","follow":"follow","max-snippet":"max-snippet:-1","max-image-preview":"max-image-preview:large","max-video-preview":"max-video-preview:-1"},"canonical":"https:\/\/radioljubuski.ba\/index.php\/2021\/12\/07\/u-posjeti-kod-brocanskih-becara-audio-i-foto\/","og_locale":"hr_HR","og_type":"article","og_title":"U posjeti kod Bro\u0107anskih be\u0107ara - audio i foto - RADIO LJUBU\u0160KI","og_description":"Malo koji ljubitelj tradicijskih napjeva na podru\u010dju Hercegovine, osobito be\u0107arca, nije \u010duo za Bro\u0107anske be\u0107are. To ne treba ni \u010duditi jer rije\u010d o \u201emomcima\u201c koji svugdje stignu. Nema niti jedne zna\u010dajnije kulturne manifestacije tradicijskih napjeva, ne samo u Brotnju ve\u0107 i \u0161ire, gdje nisu nastupili. I ljubitelji be\u0107arca na podru\u010dju Ljubu\u0161kog imali su ih priliku [&hellip;]","og_url":"https:\/\/radioljubuski.ba\/index.php\/2021\/12\/07\/u-posjeti-kod-brocanskih-becara-audio-i-foto\/","og_site_name":"RADIO LJUBU\u0160KI","article_publisher":"https:\/\/www.facebook.com\/Radiio-Ljubuski-1490835324566332","article_published_time":"2021-12-07T16:28:41+00:00","article_modified_time":"2021-12-09T09:46:02+00:00","og_image":[{"width":1024,"height":657,"url":"https:\/\/radioljubuski.ba\/wp-content\/uploads\/2021\/12\/naslovna.jpg","type":"image\/jpeg"}],"author":"Radio Ljubu\u0161ki","twitter_card":"summary_large_image","twitter_creator":"@radioljubuski","twitter_site":"@radioljubuski","twitter_misc":{"Napisao\/la":"Radio Ljubu\u0161ki","Procijenjeno vrijeme \u010ditanja":"5 minuta"},"schema":{"@context":"https:\/\/schema.org","@graph":[{"@type":"Article","@id":"https:\/\/radioljubuski.ba\/index.php\/2021\/12\/07\/u-posjeti-kod-brocanskih-becara-audio-i-foto\/#article","isPartOf":{"@id":"https:\/\/radioljubuski.ba\/index.php\/2021\/12\/07\/u-posjeti-kod-brocanskih-becara-audio-i-foto\/"},"author":{"name":"Radio Ljubu\u0161ki","@id":"https:\/\/radioljubuski.ba\/#\/schema\/person\/19fc700381a780f69665d7956c469e3b"},"headline":"U posjeti kod Bro\u0107anskih be\u0107ara &#8211; audio i foto","datePublished":"2021-12-07T16:28:41+00:00","dateModified":"2021-12-09T09:46:02+00:00","mainEntityOfPage":{"@id":"https:\/\/radioljubuski.ba\/index.php\/2021\/12\/07\/u-posjeti-kod-brocanskih-becara-audio-i-foto\/"},"wordCount":431,"publisher":{"@id":"https:\/\/radioljubuski.ba\/#organization"},"image":{"@id":"https:\/\/radioljubuski.ba\/index.php\/2021\/12\/07\/u-posjeti-kod-brocanskih-becara-audio-i-foto\/#primaryimage"},"thumbnailUrl":"https:\/\/radioljubuski.ba\/wp-content\/uploads\/2021\/12\/naslovna.jpg","articleSection":["RLJ Audio"],"inLanguage":"hr"},{"@type":"WebPage","@id":"https:\/\/radioljubuski.ba\/index.php\/2021\/12\/07\/u-posjeti-kod-brocanskih-becara-audio-i-foto\/","url":"https:\/\/radioljubuski.ba\/index.php\/2021\/12\/07\/u-posjeti-kod-brocanskih-becara-audio-i-foto\/","name":"U posjeti kod Bro\u0107anskih be\u0107ara - audio i foto - RADIO LJUBU\u0160KI","isPartOf":{"@id":"https:\/\/radioljubuski.ba\/#website"},"primaryImageOfPage":{"@id":"https:\/\/radioljubuski.ba\/index.php\/2021\/12\/07\/u-posjeti-kod-brocanskih-becara-audio-i-foto\/#primaryimage"},"image":{"@id":"https:\/\/radioljubuski.ba\/index.php\/2021\/12\/07\/u-posjeti-kod-brocanskih-becara-audio-i-foto\/#primaryimage"},"thumbnailUrl":"https:\/\/radioljubuski.ba\/wp-content\/uploads\/2021\/12\/naslovna.jpg","datePublished":"2021-12-07T16:28:41+00:00","dateModified":"2021-12-09T09:46:02+00:00","breadcrumb":{"@id":"https:\/\/radioljubuski.ba\/index.php\/2021\/12\/07\/u-posjeti-kod-brocanskih-becara-audio-i-foto\/#breadcrumb"},"inLanguage":"hr","potentialAction":[{"@type":"ReadAction","target":["https:\/\/radioljubuski.ba\/index.php\/2021\/12\/07\/u-posjeti-kod-brocanskih-becara-audio-i-foto\/"]}]},{"@type":"ImageObject","inLanguage":"hr","@id":"https:\/\/radioljubuski.ba\/index.php\/2021\/12\/07\/u-posjeti-kod-brocanskih-becara-audio-i-foto\/#primaryimage","url":"https:\/\/radioljubuski.ba\/wp-content\/uploads\/2021\/12\/naslovna.jpg","contentUrl":"https:\/\/radioljubuski.ba\/wp-content\/uploads\/2021\/12\/naslovna.jpg","width":1024,"height":657},{"@type":"BreadcrumbList","@id":"https:\/\/radioljubuski.ba\/index.php\/2021\/12\/07\/u-posjeti-kod-brocanskih-becara-audio-i-foto\/#breadcrumb","itemListElement":[{"@type":"ListItem","position":1,"name":"Po\u010detna stranica","item":"https:\/\/radioljubuski.ba\/"},{"@type":"ListItem","position":2,"name":"U posjeti kod Bro\u0107anskih be\u0107ara &#8211; audio i foto"}]},{"@type":"WebSite","@id":"https:\/\/radioljubuski.ba\/#website","url":"https:\/\/radioljubuski.ba\/","name":"Radio Ljubu\u0161ki","description":"Sun\u010dana frekvencija Hercegovine","publisher":{"@id":"https:\/\/radioljubuski.ba\/#organization"},"potentialAction":[{"@type":"SearchAction","target":{"@type":"EntryPoint","urlTemplate":"https:\/\/radioljubuski.ba\/?s={search_term_string}"},"query-input":{"@type":"PropertyValueSpecification","valueRequired":true,"valueName":"search_term_string"}}],"inLanguage":"hr"},{"@type":"Organization","@id":"https:\/\/radioljubuski.ba\/#organization","name":"Radio Ljubu\u0161ki","url":"https:\/\/radioljubuski.ba\/","logo":{"@type":"ImageObject","inLanguage":"hr","@id":"https:\/\/radioljubuski.ba\/#\/schema\/logo\/image\/","url":"https:\/\/radioljubuski.ba\/wp-content\/uploads\/2021\/02\/cropped-Radio_Ljubuski_logo1.jpg","contentUrl":"https:\/\/radioljubuski.ba\/wp-content\/uploads\/2021\/02\/cropped-Radio_Ljubuski_logo1.jpg","width":512,"height":512,"caption":"Radio Ljubu\u0161ki"},"image":{"@id":"https:\/\/radioljubuski.ba\/#\/schema\/logo\/image\/"},"sameAs":["https:\/\/www.facebook.com\/Radiio-Ljubuski-1490835324566332","https:\/\/x.com\/radioljubuski","https:\/\/hr.linkedin.com\/company\/radio-ljubuski","https:\/\/www.youtube.com\/channel\/UCHYaeO_n0Db3tjNGudGpXyw"]},{"@type":"Person","@id":"https:\/\/radioljubuski.ba\/#\/schema\/person\/19fc700381a780f69665d7956c469e3b","name":"Radio Ljubu\u0161ki"}]}},"_links":{"self":[{"href":"https:\/\/radioljubuski.ba\/index.php\/wp-json\/wp\/v2\/posts\/96888","targetHints":{"allow":["GET"]}}],"collection":[{"href":"https:\/\/radioljubuski.ba\/index.php\/wp-json\/wp\/v2\/posts"}],"about":[{"href":"https:\/\/radioljubuski.ba\/index.php\/wp-json\/wp\/v2\/types\/post"}],"author":[{"embeddable":true,"href":"https:\/\/radioljubuski.ba\/index.php\/wp-json\/wp\/v2\/users\/2"}],"replies":[{"embeddable":true,"href":"https:\/\/radioljubuski.ba\/index.php\/wp-json\/wp\/v2\/comments?post=96888"}],"version-history":[{"count":2,"href":"https:\/\/radioljubuski.ba\/index.php\/wp-json\/wp\/v2\/posts\/96888\/revisions"}],"predecessor-version":[{"id":97791,"href":"https:\/\/radioljubuski.ba\/index.php\/wp-json\/wp\/v2\/posts\/96888\/revisions\/97791"}],"wp:featuredmedia":[{"embeddable":true,"href":"https:\/\/radioljubuski.ba\/index.php\/wp-json\/wp\/v2\/media\/96913"}],"wp:attachment":[{"href":"https:\/\/radioljubuski.ba\/index.php\/wp-json\/wp\/v2\/media?parent=96888"}],"wp:term":[{"taxonomy":"category","embeddable":true,"href":"https:\/\/radioljubuski.ba\/index.php\/wp-json\/wp\/v2\/categories?post=96888"},{"taxonomy":"post_tag","embeddable":true,"href":"https:\/\/radioljubuski.ba\/index.php\/wp-json\/wp\/v2\/tags?post=96888"}],"curies":[{"name":"wp","href":"https:\/\/api.w.org\/{rel}","templated":true}]}}