{"id":9689,"date":"2021-04-05T12:43:40","date_gmt":"2021-04-05T11:43:40","guid":{"rendered":"https:\/\/radioljubuski.ba\/?p=9689"},"modified":"2021-04-05T12:43:41","modified_gmt":"2021-04-05T11:43:41","slug":"bh-gas-predao-kaznenu-prijavu-zbog-prelaska-fbih-na-turski-tok","status":"publish","type":"post","link":"https:\/\/radioljubuski.ba\/index.php\/2021\/04\/05\/bh-gas-predao-kaznenu-prijavu-zbog-prelaska-fbih-na-turski-tok\/","title":{"rendered":"&#8220;BH Gas&#8221; predao kaznenu prijavu zbog prelaska FBiH na &#8220;Turski tok&#8221;"},"content":{"rendered":"\n<p>Po\u0161tovani,<\/p>\n\n\n\n<p>U svezi s posljednjim doga\u0111anjima i prelasku na tzv. Turski tok, BH-Gas \u017eeli obavijestiti javnost o \u010dinjenicama koje su utvr\u0111ene od 1. 4. 2021. godine.<\/p>\n\n\n\n<p>Nakon samoinicijativne odluke Energoinvesta o promjeni transportnog puta gasa i nasilnog onemogu\u0107avanja BH-Gasa u izvr\u0161avanju radnih zadataka dana 2. 4. 2021. godine podnesena je kaznena prijava Federalnoj upravi policije. Tom prilikom predata je obimna dokumentacija koja potvr\u0111uje nezakonito djelovanje Energoinvesta uz poseban naglasak da sustavom nabavke gasom i nominacijama od 1. 4. 2021. godine upravlja Transportgas Srbija i Gas Promet Pale. O ovome su predati dokazi FUP-u.<\/p>\n\n\n\n<p>Ukratko, druga dr\u017eava vodi gasni sistem FBiH.<\/p>\n\n\n\n<p>Pored ovoga FUP-u je dokumentirano da niti FGSZ, niti Transportgas Srbija nisu prihvatili argument Energoinvesta da se ugovori na \u201cstarom\u201d transportnom putu raskinu iz razloga vi\u0161e sile. Zna\u010di, ugovori su va\u017ee\u0107i sa inotransporterima i izvr\u0161eni su zakupi na tim sustavima, ali je Energoinvest i pored te \u010dinjenice promijenio transportni put. Pored ovako iznesenih \u010dinjenica opisane su i sve radnje koje su dovele do ovakvih djelovanja, a posebno doga\u0111anja prije potpisa Aneksa ugovora sa Gazprom Exportom jer Gazprom nije tra\u017eio prelazak na Turski tok zbog ekonomskih razloga ve\u0107 zbog POLITI\u010cKIH RAZLOGA i to je jasno re\u010deno na online sastanku prije samog potpisa Aneksa. BH-Gas je tada tra\u017eio da se obavijesti Vlada FBiH o ovome, ali Energoinvest to nije u\u010dinio i bez supotpisa BH-Gasa potpisao je Aneks 85.<\/p>\n\n\n\n<p>Daljnja doga\u0111anja su vezana za ugro\u017eavanje sigurnosti opskrbe jer je Energoinvest izbacio BH-Gas iz poslova nominacije i narud\u017ebi gasa tako da je do\u0161lo do pada pritiska u transportnom sustavu BH-Gasa. O svim doga\u0111anjima i igrama na transportnom sustavu BH-Gas \u0107e danas dopuniti kaznenu prijavu sa dokazima doga\u0111anja na sustavu. Sustav bilje\u017ei svaki sat \u0161to se doga\u0111a na sustavu, a kamere bilje\u017ee i tko ulazi u dispe\u010derski centar. Ovaj segment kamera \u0107e biti podrobno obja\u0161njen FUP-u jer ne mogu narud\u017ebe gasa biti zasnovane na dojavama pojedinih zaposlenika BH-Gasa (sumnja) ili na vo\u0111enju ovih poslova iz susjedne zemlje. Svim ovim doga\u0111anjima naru\u0161en je suverenitet BiH i Energoinvest je stavio gasni sistem u ruke druge zemlje i njenog dispe\u010derskog centra. BH-Gas je kompletan transportni sustav u FBiH sa automatskog vo\u0111enja prebacio na ru\u010dno \u010dime je omogu\u0107eno da potro\u0161a\u010di du\u017ee vremensko razdoblje imaju prirodni gas, odnosno iz sustava se preuzima prirodni gas bez sigurnosnog automatskog vo\u0111enja.<\/p>\n\n\n\n<p>Dalje, po pitanju izjava datih od strane Energoinvesta o nekakvim interesima BH-Gasa prema FGSZ odlu\u010dno odbijamo te izjave i samo \u017eelimo re\u0107i da RASKID UGOVORA SA FGSZ IZNOSI 23 mil. USD I DA NE \u017dELIMO DA OVO PLATE GRA\u0110ANI FBiH. Kako sada stvari stoje platit \u0107e, jer je Energoinvest bez rje\u0161avanja prethodnog pitanja krenuo u proces prelaska na tzv. Turski tok, a pri tome obmanjuju\u0107i Vladu FBiH i javnost o prisili prelaska jer Beregovo kao primopredajno mjesto radi i radit \u0107e i to je argument i FGSZ.<\/p>\n\n\n\n<p>Na kraju, BH-Gas za sve izneseno u ovom priop\u0107enju ima dokaze i iste je predao i predat \u0107e FUP-u, ali ono \u0161to je \u017ealosno je to da susjedna dr\u017eava vodi gasni sistem FBiH i da se BH-Gasu ne dozvoljava da izvr\u0161ava redovne radne zadatke. Vlada FBiH je 1. 4. 2021. godine zadu\u017eila FMERI da dostavi sve dopise Energoinvesta i BH-Gasa federalnom tu\u017eiteljstvu i BH-Gas sa rado\u0161\u0107u jedva \u010deka da se akteri svih ovih doga\u0111anja procesuiraju uz analizu svih doga\u0111anja na transportnom sustavu i obveza po ugovorima koje je Energoinvest potpisao nikad ne osporavaju\u0107i bilo koje rje\u0161enje iz istih.<\/p>\n\n\n\n<p>BH-Gas \u0107e povodom nastalih doga\u0111anja organizirati press konferenciju u prostorijama BH-Gasa u 15 h i \u0161ire obrazlo\u017eiti novonastalu situaciju. Pozivamo medije da se odazovu ovom pozivu posebno iz razloga teme koja \u0107e biti prezentirana.<\/p>\n\n\n\n<p>S po\u0161tovanjem,<\/p>\n\n\n\n<p>v.d. Direktor<\/p>\n\n\n\n<p>Jasmin Salki\u0107<\/p>\n\n\n\n<p>Izvor:pogled.ba<\/p>\n","protected":false},"excerpt":{"rendered":"<p>Po\u0161tovani, U svezi s posljednjim doga\u0111anjima i prelasku na tzv. Turski tok, BH-Gas \u017eeli obavijestiti javnost o \u010dinjenicama koje su utvr\u0111ene od 1. 4. 2021. godine. Nakon samoinicijativne odluke Energoinvesta o promjeni transportnog puta gasa i nasilnog onemogu\u0107avanja BH-Gasa u izvr\u0161avanju radnih zadataka dana 2. 4. 2021. godine podnesena je kaznena prijava Federalnoj upravi policije. [&hellip;]<\/p>\n","protected":false},"author":2,"featured_media":9690,"comment_status":"closed","ping_status":"closed","sticky":false,"template":"","format":"standard","meta":{"h5ap_radio_sources":[],"footnotes":""},"categories":[1],"tags":[],"class_list":["post-9689","post","type-post","status-publish","format-standard","has-post-thumbnail","hentry","category-bihiregija"],"yoast_head":"<!-- This site is optimized with the Yoast SEO plugin v27.5 - https:\/\/yoast.com\/product\/yoast-seo-wordpress\/ -->\n<title>&quot;BH Gas&quot; predao kaznenu prijavu zbog prelaska FBiH na &quot;Turski tok&quot; - RADIO LJUBU\u0160KI<\/title>\n<meta name=\"robots\" content=\"index, follow, max-snippet:-1, max-image-preview:large, max-video-preview:-1\" \/>\n<link rel=\"canonical\" href=\"https:\/\/radioljubuski.ba\/index.php\/2021\/04\/05\/bh-gas-predao-kaznenu-prijavu-zbog-prelaska-fbih-na-turski-tok\/\" \/>\n<meta property=\"og:locale\" content=\"hr_HR\" \/>\n<meta property=\"og:type\" content=\"article\" \/>\n<meta property=\"og:title\" content=\"&quot;BH Gas&quot; predao kaznenu prijavu zbog prelaska FBiH na &quot;Turski tok&quot; - RADIO LJUBU\u0160KI\" \/>\n<meta property=\"og:description\" content=\"Po\u0161tovani, U svezi s posljednjim doga\u0111anjima i prelasku na tzv. Turski tok, BH-Gas \u017eeli obavijestiti javnost o \u010dinjenicama koje su utvr\u0111ene od 1. 4. 2021. godine. Nakon samoinicijativne odluke Energoinvesta o promjeni transportnog puta gasa i nasilnog onemogu\u0107avanja BH-Gasa u izvr\u0161avanju radnih zadataka dana 2. 4. 2021. godine podnesena je kaznena prijava Federalnoj upravi policije. [&hellip;]\" \/>\n<meta property=\"og:url\" content=\"https:\/\/radioljubuski.ba\/index.php\/2021\/04\/05\/bh-gas-predao-kaznenu-prijavu-zbog-prelaska-fbih-na-turski-tok\/\" \/>\n<meta property=\"og:site_name\" content=\"RADIO LJUBU\u0160KI\" \/>\n<meta property=\"article:publisher\" content=\"https:\/\/www.facebook.com\/Radiio-Ljubuski-1490835324566332\" \/>\n<meta property=\"article:published_time\" content=\"2021-04-05T11:43:40+00:00\" \/>\n<meta property=\"article:modified_time\" content=\"2021-04-05T11:43:41+00:00\" \/>\n<meta property=\"og:image\" content=\"https:\/\/radioljubuski.ba\/wp-content\/uploads\/2021\/04\/4JoUpexK_plinovod.jpg\" \/>\n\t<meta property=\"og:image:width\" content=\"1000\" \/>\n\t<meta property=\"og:image:height\" content=\"625\" \/>\n\t<meta property=\"og:image:type\" content=\"image\/jpeg\" \/>\n<meta name=\"author\" content=\"Radio Ljubu\u0161ki\" \/>\n<meta name=\"twitter:card\" content=\"summary_large_image\" \/>\n<meta name=\"twitter:creator\" content=\"@radioljubuski\" \/>\n<meta name=\"twitter:site\" content=\"@radioljubuski\" \/>\n<meta name=\"twitter:label1\" content=\"Napisao\/la\" \/>\n\t<meta name=\"twitter:data1\" content=\"Radio Ljubu\u0161ki\" \/>\n\t<meta name=\"twitter:label2\" content=\"Procijenjeno vrijeme \u010ditanja\" \/>\n\t<meta name=\"twitter:data2\" content=\"3 minute\" \/>\n<script type=\"application\/ld+json\" class=\"yoast-schema-graph\">{\"@context\":\"https:\\\/\\\/schema.org\",\"@graph\":[{\"@type\":\"Article\",\"@id\":\"https:\\\/\\\/radioljubuski.ba\\\/index.php\\\/2021\\\/04\\\/05\\\/bh-gas-predao-kaznenu-prijavu-zbog-prelaska-fbih-na-turski-tok\\\/#article\",\"isPartOf\":{\"@id\":\"https:\\\/\\\/radioljubuski.ba\\\/index.php\\\/2021\\\/04\\\/05\\\/bh-gas-predao-kaznenu-prijavu-zbog-prelaska-fbih-na-turski-tok\\\/\"},\"author\":{\"name\":\"Radio Ljubu\u0161ki\",\"@id\":\"https:\\\/\\\/radioljubuski.ba\\\/#\\\/schema\\\/person\\\/19fc700381a780f69665d7956c469e3b\"},\"headline\":\"&#8220;BH Gas&#8221; predao kaznenu prijavu zbog prelaska FBiH na &#8220;Turski tok&#8221;\",\"datePublished\":\"2021-04-05T11:43:40+00:00\",\"dateModified\":\"2021-04-05T11:43:41+00:00\",\"mainEntityOfPage\":{\"@id\":\"https:\\\/\\\/radioljubuski.ba\\\/index.php\\\/2021\\\/04\\\/05\\\/bh-gas-predao-kaznenu-prijavu-zbog-prelaska-fbih-na-turski-tok\\\/\"},\"wordCount\":662,\"publisher\":{\"@id\":\"https:\\\/\\\/radioljubuski.ba\\\/#organization\"},\"image\":{\"@id\":\"https:\\\/\\\/radioljubuski.ba\\\/index.php\\\/2021\\\/04\\\/05\\\/bh-gas-predao-kaznenu-prijavu-zbog-prelaska-fbih-na-turski-tok\\\/#primaryimage\"},\"thumbnailUrl\":\"https:\\\/\\\/radioljubuski.ba\\\/wp-content\\\/uploads\\\/2021\\\/04\\\/4JoUpexK_plinovod.jpg\",\"articleSection\":[\"BIH i regija\"],\"inLanguage\":\"hr\"},{\"@type\":\"WebPage\",\"@id\":\"https:\\\/\\\/radioljubuski.ba\\\/index.php\\\/2021\\\/04\\\/05\\\/bh-gas-predao-kaznenu-prijavu-zbog-prelaska-fbih-na-turski-tok\\\/\",\"url\":\"https:\\\/\\\/radioljubuski.ba\\\/index.php\\\/2021\\\/04\\\/05\\\/bh-gas-predao-kaznenu-prijavu-zbog-prelaska-fbih-na-turski-tok\\\/\",\"name\":\"\\\"BH Gas\\\" predao kaznenu prijavu zbog prelaska FBiH na \\\"Turski tok\\\" - RADIO LJUBU\u0160KI\",\"isPartOf\":{\"@id\":\"https:\\\/\\\/radioljubuski.ba\\\/#website\"},\"primaryImageOfPage\":{\"@id\":\"https:\\\/\\\/radioljubuski.ba\\\/index.php\\\/2021\\\/04\\\/05\\\/bh-gas-predao-kaznenu-prijavu-zbog-prelaska-fbih-na-turski-tok\\\/#primaryimage\"},\"image\":{\"@id\":\"https:\\\/\\\/radioljubuski.ba\\\/index.php\\\/2021\\\/04\\\/05\\\/bh-gas-predao-kaznenu-prijavu-zbog-prelaska-fbih-na-turski-tok\\\/#primaryimage\"},\"thumbnailUrl\":\"https:\\\/\\\/radioljubuski.ba\\\/wp-content\\\/uploads\\\/2021\\\/04\\\/4JoUpexK_plinovod.jpg\",\"datePublished\":\"2021-04-05T11:43:40+00:00\",\"dateModified\":\"2021-04-05T11:43:41+00:00\",\"breadcrumb\":{\"@id\":\"https:\\\/\\\/radioljubuski.ba\\\/index.php\\\/2021\\\/04\\\/05\\\/bh-gas-predao-kaznenu-prijavu-zbog-prelaska-fbih-na-turski-tok\\\/#breadcrumb\"},\"inLanguage\":\"hr\",\"potentialAction\":[{\"@type\":\"ReadAction\",\"target\":[\"https:\\\/\\\/radioljubuski.ba\\\/index.php\\\/2021\\\/04\\\/05\\\/bh-gas-predao-kaznenu-prijavu-zbog-prelaska-fbih-na-turski-tok\\\/\"]}]},{\"@type\":\"ImageObject\",\"inLanguage\":\"hr\",\"@id\":\"https:\\\/\\\/radioljubuski.ba\\\/index.php\\\/2021\\\/04\\\/05\\\/bh-gas-predao-kaznenu-prijavu-zbog-prelaska-fbih-na-turski-tok\\\/#primaryimage\",\"url\":\"https:\\\/\\\/radioljubuski.ba\\\/wp-content\\\/uploads\\\/2021\\\/04\\\/4JoUpexK_plinovod.jpg\",\"contentUrl\":\"https:\\\/\\\/radioljubuski.ba\\\/wp-content\\\/uploads\\\/2021\\\/04\\\/4JoUpexK_plinovod.jpg\",\"width\":1000,\"height\":625},{\"@type\":\"BreadcrumbList\",\"@id\":\"https:\\\/\\\/radioljubuski.ba\\\/index.php\\\/2021\\\/04\\\/05\\\/bh-gas-predao-kaznenu-prijavu-zbog-prelaska-fbih-na-turski-tok\\\/#breadcrumb\",\"itemListElement\":[{\"@type\":\"ListItem\",\"position\":1,\"name\":\"Po\u010detna stranica\",\"item\":\"https:\\\/\\\/radioljubuski.ba\\\/\"},{\"@type\":\"ListItem\",\"position\":2,\"name\":\"&#8220;BH Gas&#8221; predao kaznenu prijavu zbog prelaska FBiH na &#8220;Turski tok&#8221;\"}]},{\"@type\":\"WebSite\",\"@id\":\"https:\\\/\\\/radioljubuski.ba\\\/#website\",\"url\":\"https:\\\/\\\/radioljubuski.ba\\\/\",\"name\":\"Radio Ljubu\u0161ki\",\"description\":\"Sun\u010dana frekvencija Hercegovine\",\"publisher\":{\"@id\":\"https:\\\/\\\/radioljubuski.ba\\\/#organization\"},\"potentialAction\":[{\"@type\":\"SearchAction\",\"target\":{\"@type\":\"EntryPoint\",\"urlTemplate\":\"https:\\\/\\\/radioljubuski.ba\\\/?s={search_term_string}\"},\"query-input\":{\"@type\":\"PropertyValueSpecification\",\"valueRequired\":true,\"valueName\":\"search_term_string\"}}],\"inLanguage\":\"hr\"},{\"@type\":\"Organization\",\"@id\":\"https:\\\/\\\/radioljubuski.ba\\\/#organization\",\"name\":\"Radio Ljubu\u0161ki\",\"url\":\"https:\\\/\\\/radioljubuski.ba\\\/\",\"logo\":{\"@type\":\"ImageObject\",\"inLanguage\":\"hr\",\"@id\":\"https:\\\/\\\/radioljubuski.ba\\\/#\\\/schema\\\/logo\\\/image\\\/\",\"url\":\"https:\\\/\\\/radioljubuski.ba\\\/wp-content\\\/uploads\\\/2021\\\/02\\\/cropped-Radio_Ljubuski_logo1.jpg\",\"contentUrl\":\"https:\\\/\\\/radioljubuski.ba\\\/wp-content\\\/uploads\\\/2021\\\/02\\\/cropped-Radio_Ljubuski_logo1.jpg\",\"width\":512,\"height\":512,\"caption\":\"Radio Ljubu\u0161ki\"},\"image\":{\"@id\":\"https:\\\/\\\/radioljubuski.ba\\\/#\\\/schema\\\/logo\\\/image\\\/\"},\"sameAs\":[\"https:\\\/\\\/www.facebook.com\\\/Radiio-Ljubuski-1490835324566332\",\"https:\\\/\\\/x.com\\\/radioljubuski\",\"https:\\\/\\\/hr.linkedin.com\\\/company\\\/radio-ljubuski\",\"https:\\\/\\\/www.youtube.com\\\/channel\\\/UCHYaeO_n0Db3tjNGudGpXyw\"]},{\"@type\":\"Person\",\"@id\":\"https:\\\/\\\/radioljubuski.ba\\\/#\\\/schema\\\/person\\\/19fc700381a780f69665d7956c469e3b\",\"name\":\"Radio Ljubu\u0161ki\"}]}<\/script>\n<!-- \/ Yoast SEO plugin. -->","yoast_head_json":{"title":"\"BH Gas\" predao kaznenu prijavu zbog prelaska FBiH na \"Turski tok\" - RADIO LJUBU\u0160KI","robots":{"index":"index","follow":"follow","max-snippet":"max-snippet:-1","max-image-preview":"max-image-preview:large","max-video-preview":"max-video-preview:-1"},"canonical":"https:\/\/radioljubuski.ba\/index.php\/2021\/04\/05\/bh-gas-predao-kaznenu-prijavu-zbog-prelaska-fbih-na-turski-tok\/","og_locale":"hr_HR","og_type":"article","og_title":"\"BH Gas\" predao kaznenu prijavu zbog prelaska FBiH na \"Turski tok\" - RADIO LJUBU\u0160KI","og_description":"Po\u0161tovani, U svezi s posljednjim doga\u0111anjima i prelasku na tzv. Turski tok, BH-Gas \u017eeli obavijestiti javnost o \u010dinjenicama koje su utvr\u0111ene od 1. 4. 2021. godine. Nakon samoinicijativne odluke Energoinvesta o promjeni transportnog puta gasa i nasilnog onemogu\u0107avanja BH-Gasa u izvr\u0161avanju radnih zadataka dana 2. 4. 2021. godine podnesena je kaznena prijava Federalnoj upravi policije. [&hellip;]","og_url":"https:\/\/radioljubuski.ba\/index.php\/2021\/04\/05\/bh-gas-predao-kaznenu-prijavu-zbog-prelaska-fbih-na-turski-tok\/","og_site_name":"RADIO LJUBU\u0160KI","article_publisher":"https:\/\/www.facebook.com\/Radiio-Ljubuski-1490835324566332","article_published_time":"2021-04-05T11:43:40+00:00","article_modified_time":"2021-04-05T11:43:41+00:00","og_image":[{"width":1000,"height":625,"url":"https:\/\/radioljubuski.ba\/wp-content\/uploads\/2021\/04\/4JoUpexK_plinovod.jpg","type":"image\/jpeg"}],"author":"Radio Ljubu\u0161ki","twitter_card":"summary_large_image","twitter_creator":"@radioljubuski","twitter_site":"@radioljubuski","twitter_misc":{"Napisao\/la":"Radio Ljubu\u0161ki","Procijenjeno vrijeme \u010ditanja":"3 minute"},"schema":{"@context":"https:\/\/schema.org","@graph":[{"@type":"Article","@id":"https:\/\/radioljubuski.ba\/index.php\/2021\/04\/05\/bh-gas-predao-kaznenu-prijavu-zbog-prelaska-fbih-na-turski-tok\/#article","isPartOf":{"@id":"https:\/\/radioljubuski.ba\/index.php\/2021\/04\/05\/bh-gas-predao-kaznenu-prijavu-zbog-prelaska-fbih-na-turski-tok\/"},"author":{"name":"Radio Ljubu\u0161ki","@id":"https:\/\/radioljubuski.ba\/#\/schema\/person\/19fc700381a780f69665d7956c469e3b"},"headline":"&#8220;BH Gas&#8221; predao kaznenu prijavu zbog prelaska FBiH na &#8220;Turski tok&#8221;","datePublished":"2021-04-05T11:43:40+00:00","dateModified":"2021-04-05T11:43:41+00:00","mainEntityOfPage":{"@id":"https:\/\/radioljubuski.ba\/index.php\/2021\/04\/05\/bh-gas-predao-kaznenu-prijavu-zbog-prelaska-fbih-na-turski-tok\/"},"wordCount":662,"publisher":{"@id":"https:\/\/radioljubuski.ba\/#organization"},"image":{"@id":"https:\/\/radioljubuski.ba\/index.php\/2021\/04\/05\/bh-gas-predao-kaznenu-prijavu-zbog-prelaska-fbih-na-turski-tok\/#primaryimage"},"thumbnailUrl":"https:\/\/radioljubuski.ba\/wp-content\/uploads\/2021\/04\/4JoUpexK_plinovod.jpg","articleSection":["BIH i regija"],"inLanguage":"hr"},{"@type":"WebPage","@id":"https:\/\/radioljubuski.ba\/index.php\/2021\/04\/05\/bh-gas-predao-kaznenu-prijavu-zbog-prelaska-fbih-na-turski-tok\/","url":"https:\/\/radioljubuski.ba\/index.php\/2021\/04\/05\/bh-gas-predao-kaznenu-prijavu-zbog-prelaska-fbih-na-turski-tok\/","name":"\"BH Gas\" predao kaznenu prijavu zbog prelaska FBiH na \"Turski tok\" - RADIO LJUBU\u0160KI","isPartOf":{"@id":"https:\/\/radioljubuski.ba\/#website"},"primaryImageOfPage":{"@id":"https:\/\/radioljubuski.ba\/index.php\/2021\/04\/05\/bh-gas-predao-kaznenu-prijavu-zbog-prelaska-fbih-na-turski-tok\/#primaryimage"},"image":{"@id":"https:\/\/radioljubuski.ba\/index.php\/2021\/04\/05\/bh-gas-predao-kaznenu-prijavu-zbog-prelaska-fbih-na-turski-tok\/#primaryimage"},"thumbnailUrl":"https:\/\/radioljubuski.ba\/wp-content\/uploads\/2021\/04\/4JoUpexK_plinovod.jpg","datePublished":"2021-04-05T11:43:40+00:00","dateModified":"2021-04-05T11:43:41+00:00","breadcrumb":{"@id":"https:\/\/radioljubuski.ba\/index.php\/2021\/04\/05\/bh-gas-predao-kaznenu-prijavu-zbog-prelaska-fbih-na-turski-tok\/#breadcrumb"},"inLanguage":"hr","potentialAction":[{"@type":"ReadAction","target":["https:\/\/radioljubuski.ba\/index.php\/2021\/04\/05\/bh-gas-predao-kaznenu-prijavu-zbog-prelaska-fbih-na-turski-tok\/"]}]},{"@type":"ImageObject","inLanguage":"hr","@id":"https:\/\/radioljubuski.ba\/index.php\/2021\/04\/05\/bh-gas-predao-kaznenu-prijavu-zbog-prelaska-fbih-na-turski-tok\/#primaryimage","url":"https:\/\/radioljubuski.ba\/wp-content\/uploads\/2021\/04\/4JoUpexK_plinovod.jpg","contentUrl":"https:\/\/radioljubuski.ba\/wp-content\/uploads\/2021\/04\/4JoUpexK_plinovod.jpg","width":1000,"height":625},{"@type":"BreadcrumbList","@id":"https:\/\/radioljubuski.ba\/index.php\/2021\/04\/05\/bh-gas-predao-kaznenu-prijavu-zbog-prelaska-fbih-na-turski-tok\/#breadcrumb","itemListElement":[{"@type":"ListItem","position":1,"name":"Po\u010detna stranica","item":"https:\/\/radioljubuski.ba\/"},{"@type":"ListItem","position":2,"name":"&#8220;BH Gas&#8221; predao kaznenu prijavu zbog prelaska FBiH na &#8220;Turski tok&#8221;"}]},{"@type":"WebSite","@id":"https:\/\/radioljubuski.ba\/#website","url":"https:\/\/radioljubuski.ba\/","name":"Radio Ljubu\u0161ki","description":"Sun\u010dana frekvencija Hercegovine","publisher":{"@id":"https:\/\/radioljubuski.ba\/#organization"},"potentialAction":[{"@type":"SearchAction","target":{"@type":"EntryPoint","urlTemplate":"https:\/\/radioljubuski.ba\/?s={search_term_string}"},"query-input":{"@type":"PropertyValueSpecification","valueRequired":true,"valueName":"search_term_string"}}],"inLanguage":"hr"},{"@type":"Organization","@id":"https:\/\/radioljubuski.ba\/#organization","name":"Radio Ljubu\u0161ki","url":"https:\/\/radioljubuski.ba\/","logo":{"@type":"ImageObject","inLanguage":"hr","@id":"https:\/\/radioljubuski.ba\/#\/schema\/logo\/image\/","url":"https:\/\/radioljubuski.ba\/wp-content\/uploads\/2021\/02\/cropped-Radio_Ljubuski_logo1.jpg","contentUrl":"https:\/\/radioljubuski.ba\/wp-content\/uploads\/2021\/02\/cropped-Radio_Ljubuski_logo1.jpg","width":512,"height":512,"caption":"Radio Ljubu\u0161ki"},"image":{"@id":"https:\/\/radioljubuski.ba\/#\/schema\/logo\/image\/"},"sameAs":["https:\/\/www.facebook.com\/Radiio-Ljubuski-1490835324566332","https:\/\/x.com\/radioljubuski","https:\/\/hr.linkedin.com\/company\/radio-ljubuski","https:\/\/www.youtube.com\/channel\/UCHYaeO_n0Db3tjNGudGpXyw"]},{"@type":"Person","@id":"https:\/\/radioljubuski.ba\/#\/schema\/person\/19fc700381a780f69665d7956c469e3b","name":"Radio Ljubu\u0161ki"}]}},"_links":{"self":[{"href":"https:\/\/radioljubuski.ba\/index.php\/wp-json\/wp\/v2\/posts\/9689","targetHints":{"allow":["GET"]}}],"collection":[{"href":"https:\/\/radioljubuski.ba\/index.php\/wp-json\/wp\/v2\/posts"}],"about":[{"href":"https:\/\/radioljubuski.ba\/index.php\/wp-json\/wp\/v2\/types\/post"}],"author":[{"embeddable":true,"href":"https:\/\/radioljubuski.ba\/index.php\/wp-json\/wp\/v2\/users\/2"}],"replies":[{"embeddable":true,"href":"https:\/\/radioljubuski.ba\/index.php\/wp-json\/wp\/v2\/comments?post=9689"}],"version-history":[{"count":1,"href":"https:\/\/radioljubuski.ba\/index.php\/wp-json\/wp\/v2\/posts\/9689\/revisions"}],"predecessor-version":[{"id":9691,"href":"https:\/\/radioljubuski.ba\/index.php\/wp-json\/wp\/v2\/posts\/9689\/revisions\/9691"}],"wp:featuredmedia":[{"embeddable":true,"href":"https:\/\/radioljubuski.ba\/index.php\/wp-json\/wp\/v2\/media\/9690"}],"wp:attachment":[{"href":"https:\/\/radioljubuski.ba\/index.php\/wp-json\/wp\/v2\/media?parent=9689"}],"wp:term":[{"taxonomy":"category","embeddable":true,"href":"https:\/\/radioljubuski.ba\/index.php\/wp-json\/wp\/v2\/categories?post=9689"},{"taxonomy":"post_tag","embeddable":true,"href":"https:\/\/radioljubuski.ba\/index.php\/wp-json\/wp\/v2\/tags?post=9689"}],"curies":[{"name":"wp","href":"https:\/\/api.w.org\/{rel}","templated":true}]}}