{"id":9692,"date":"2021-04-05T12:46:16","date_gmt":"2021-04-05T11:46:16","guid":{"rendered":"https:\/\/radioljubuski.ba\/?p=9692"},"modified":"2021-04-05T12:46:17","modified_gmt":"2021-04-05T11:46:17","slug":"hns-zloupotrebljavanje-institucija-bih-i-vrijedanje-medunarodnih-partnera-je-skandalozno","status":"publish","type":"post","link":"https:\/\/radioljubuski.ba\/index.php\/2021\/04\/05\/hns-zloupotrebljavanje-institucija-bih-i-vrijedanje-medunarodnih-partnera-je-skandalozno\/","title":{"rendered":"HNS: Zloupotrebljavanje institucija BiH i vrije\u0111anje me\u0111unarodnih partnera je skandalozno"},"content":{"rendered":"\n<p>HNS BiH najsna\u017enije osu\u0111uje non-paper o BiH kojeg je drugi bo\u0161nja\u010dki \u010dlan Predsjedni\u0161tva, \u017deljko Kom\u0161i\u0107, krajem o\u017eujka uputio u Bruxelles i New York. Ukazujemo me\u0111unarodnim partnerima na non-paper kao jo\u0161 jedan dokaz konstantnog zloupotrebljavanja dr\u017eavnih institucija koje sada predstavlja ve\u0107 ustaljeno politi\u010dko pona\u0161anje odre\u0111enih politi\u010dkih aktera.&nbsp;<\/p>\n\n\n\n<p>HNS izra\u017eava \u017ealjenje za \u010dinjenicom da je non-paper iznio neukusne optu\u017ebe o me\u0111unarodnim partnerima, u prvom redu EU-u i SAD-u i njihovim predstavnicima u BiH. Optu\u017ebe o pristranosti, neodlu\u010dnosti, politi\u010dkom podila\u017eenju i nemaru diplomatsko su sramo\u0107enje BiH na europskoj i svjetskoj razini, ali i pokazatelj nervoze po\u0161iljatelja, koji je u me\u0111unarodnim krugovima poznat kao jo\u0161 jedan Sejdo Bajramovi\u0107 ili uzurpator prava hrvatskog naroda u BiH, i to u situaciji kada se intenzivno radi na dono\u0161enju izmjena Izbornog zakona BiH koje ne\u0107e pogodovati, prije svega, uzurpatorima hrvatskih mjesta niti \u0107e bilo kojeg \u017eitelja BiH ostaviti u diskriminacijskom polo\u017eaju.<\/p>\n\n\n\n<p>Pored kleveta, non-paper je plasirao apsolutne neistine te osobne politi\u010dke stavove o stanju u Bosni i Hercegovini. Poku\u0161aj da predstavi razaraju\u0107u politiku kao progresivan gra\u0111anski \u010dimbenik proma\u0161en je, apsurdan i neutemeljen. Ista ta politika destabiliziraju\u0107i je faktor BiH i politi\u010dkog dijaloga, s \u010dime su du\u017enosnici diljem EU i svijeta sada ponovno upoznati.<\/p>\n\n\n\n<p>HNS BiH osu\u0111uje deplasirane klevete na me\u0111unarodne partnere i du\u017enosnike te odbacuje grube neistine o stanju i ulogama unutar BiH. Istodobno, pozivamo na \u017euran i konstruktivan politi\u010dki dijalog u cilju \u0161to skorijeg postizanja potrebnih iskoraka Bosne i Hercegovine prema euroatlantskoj budu\u0107nosti zasnovanoj na uzajamnom po\u0161tovanju, uva\u017eavanju i ravnopravnosti.<\/p>\n\n\n\n<p>Izvor:pogled.ba<\/p>\n","protected":false},"excerpt":{"rendered":"<p>HNS BiH najsna\u017enije osu\u0111uje non-paper o BiH kojeg je drugi bo\u0161nja\u010dki \u010dlan Predsjedni\u0161tva, \u017deljko Kom\u0161i\u0107, krajem o\u017eujka uputio u Bruxelles i New York. Ukazujemo me\u0111unarodnim partnerima na non-paper kao jo\u0161 jedan dokaz konstantnog zloupotrebljavanja dr\u017eavnih institucija koje sada predstavlja ve\u0107 ustaljeno politi\u010dko pona\u0161anje odre\u0111enih politi\u010dkih aktera.&nbsp; HNS izra\u017eava \u017ealjenje za \u010dinjenicom da je non-paper iznio [&hellip;]<\/p>\n","protected":false},"author":2,"featured_media":9693,"comment_status":"closed","ping_status":"closed","sticky":false,"template":"","format":"standard","meta":{"h5ap_radio_sources":[],"footnotes":""},"categories":[1],"tags":[],"class_list":["post-9692","post","type-post","status-publish","format-standard","has-post-thumbnail","hentry","category-bihiregija"],"yoast_head":"<!-- This site is optimized with the Yoast SEO plugin v27.5 - https:\/\/yoast.com\/product\/yoast-seo-wordpress\/ -->\n<title>HNS: Zloupotrebljavanje institucija BiH i vrije\u0111anje me\u0111unarodnih partnera je skandalozno - RADIO LJUBU\u0160KI<\/title>\n<meta name=\"robots\" content=\"index, follow, max-snippet:-1, max-image-preview:large, max-video-preview:-1\" \/>\n<link rel=\"canonical\" href=\"https:\/\/radioljubuski.ba\/index.php\/2021\/04\/05\/hns-zloupotrebljavanje-institucija-bih-i-vrijedanje-medunarodnih-partnera-je-skandalozno\/\" \/>\n<meta property=\"og:locale\" content=\"hr_HR\" \/>\n<meta property=\"og:type\" content=\"article\" \/>\n<meta property=\"og:title\" content=\"HNS: Zloupotrebljavanje institucija BiH i vrije\u0111anje me\u0111unarodnih partnera je skandalozno - RADIO LJUBU\u0160KI\" \/>\n<meta property=\"og:description\" content=\"HNS BiH najsna\u017enije osu\u0111uje non-paper o BiH kojeg je drugi bo\u0161nja\u010dki \u010dlan Predsjedni\u0161tva, \u017deljko Kom\u0161i\u0107, krajem o\u017eujka uputio u Bruxelles i New York. Ukazujemo me\u0111unarodnim partnerima na non-paper kao jo\u0161 jedan dokaz konstantnog zloupotrebljavanja dr\u017eavnih institucija koje sada predstavlja ve\u0107 ustaljeno politi\u010dko pona\u0161anje odre\u0111enih politi\u010dkih aktera.&nbsp; HNS izra\u017eava \u017ealjenje za \u010dinjenicom da je non-paper iznio [&hellip;]\" \/>\n<meta property=\"og:url\" content=\"https:\/\/radioljubuski.ba\/index.php\/2021\/04\/05\/hns-zloupotrebljavanje-institucija-bih-i-vrijedanje-medunarodnih-partnera-je-skandalozno\/\" \/>\n<meta property=\"og:site_name\" content=\"RADIO LJUBU\u0160KI\" \/>\n<meta property=\"article:publisher\" content=\"https:\/\/www.facebook.com\/Radiio-Ljubuski-1490835324566332\" \/>\n<meta property=\"article:published_time\" content=\"2021-04-05T11:46:16+00:00\" \/>\n<meta property=\"article:modified_time\" content=\"2021-04-05T11:46:17+00:00\" \/>\n<meta property=\"og:image\" content=\"https:\/\/radioljubuski.ba\/wp-content\/uploads\/2021\/04\/fTNhcpmj_hns.png\" \/>\n\t<meta property=\"og:image:width\" content=\"1000\" \/>\n\t<meta property=\"og:image:height\" content=\"625\" \/>\n\t<meta property=\"og:image:type\" content=\"image\/png\" \/>\n<meta name=\"author\" content=\"Radio Ljubu\u0161ki\" \/>\n<meta name=\"twitter:card\" content=\"summary_large_image\" \/>\n<meta name=\"twitter:creator\" content=\"@radioljubuski\" \/>\n<meta name=\"twitter:site\" content=\"@radioljubuski\" \/>\n<meta name=\"twitter:label1\" content=\"Napisao\/la\" \/>\n\t<meta name=\"twitter:data1\" content=\"Radio Ljubu\u0161ki\" \/>\n\t<meta name=\"twitter:label2\" content=\"Procijenjeno vrijeme \u010ditanja\" \/>\n\t<meta name=\"twitter:data2\" content=\"2 minute\" \/>\n<script type=\"application\/ld+json\" class=\"yoast-schema-graph\">{\"@context\":\"https:\\\/\\\/schema.org\",\"@graph\":[{\"@type\":\"Article\",\"@id\":\"https:\\\/\\\/radioljubuski.ba\\\/index.php\\\/2021\\\/04\\\/05\\\/hns-zloupotrebljavanje-institucija-bih-i-vrijedanje-medunarodnih-partnera-je-skandalozno\\\/#article\",\"isPartOf\":{\"@id\":\"https:\\\/\\\/radioljubuski.ba\\\/index.php\\\/2021\\\/04\\\/05\\\/hns-zloupotrebljavanje-institucija-bih-i-vrijedanje-medunarodnih-partnera-je-skandalozno\\\/\"},\"author\":{\"name\":\"Radio Ljubu\u0161ki\",\"@id\":\"https:\\\/\\\/radioljubuski.ba\\\/#\\\/schema\\\/person\\\/19fc700381a780f69665d7956c469e3b\"},\"headline\":\"HNS: Zloupotrebljavanje institucija BiH i vrije\u0111anje me\u0111unarodnih partnera je skandalozno\",\"datePublished\":\"2021-04-05T11:46:16+00:00\",\"dateModified\":\"2021-04-05T11:46:17+00:00\",\"mainEntityOfPage\":{\"@id\":\"https:\\\/\\\/radioljubuski.ba\\\/index.php\\\/2021\\\/04\\\/05\\\/hns-zloupotrebljavanje-institucija-bih-i-vrijedanje-medunarodnih-partnera-je-skandalozno\\\/\"},\"wordCount\":300,\"publisher\":{\"@id\":\"https:\\\/\\\/radioljubuski.ba\\\/#organization\"},\"image\":{\"@id\":\"https:\\\/\\\/radioljubuski.ba\\\/index.php\\\/2021\\\/04\\\/05\\\/hns-zloupotrebljavanje-institucija-bih-i-vrijedanje-medunarodnih-partnera-je-skandalozno\\\/#primaryimage\"},\"thumbnailUrl\":\"https:\\\/\\\/radioljubuski.ba\\\/wp-content\\\/uploads\\\/2021\\\/04\\\/fTNhcpmj_hns.png\",\"articleSection\":[\"BIH i regija\"],\"inLanguage\":\"hr\"},{\"@type\":\"WebPage\",\"@id\":\"https:\\\/\\\/radioljubuski.ba\\\/index.php\\\/2021\\\/04\\\/05\\\/hns-zloupotrebljavanje-institucija-bih-i-vrijedanje-medunarodnih-partnera-je-skandalozno\\\/\",\"url\":\"https:\\\/\\\/radioljubuski.ba\\\/index.php\\\/2021\\\/04\\\/05\\\/hns-zloupotrebljavanje-institucija-bih-i-vrijedanje-medunarodnih-partnera-je-skandalozno\\\/\",\"name\":\"HNS: Zloupotrebljavanje institucija BiH i vrije\u0111anje me\u0111unarodnih partnera je skandalozno - RADIO LJUBU\u0160KI\",\"isPartOf\":{\"@id\":\"https:\\\/\\\/radioljubuski.ba\\\/#website\"},\"primaryImageOfPage\":{\"@id\":\"https:\\\/\\\/radioljubuski.ba\\\/index.php\\\/2021\\\/04\\\/05\\\/hns-zloupotrebljavanje-institucija-bih-i-vrijedanje-medunarodnih-partnera-je-skandalozno\\\/#primaryimage\"},\"image\":{\"@id\":\"https:\\\/\\\/radioljubuski.ba\\\/index.php\\\/2021\\\/04\\\/05\\\/hns-zloupotrebljavanje-institucija-bih-i-vrijedanje-medunarodnih-partnera-je-skandalozno\\\/#primaryimage\"},\"thumbnailUrl\":\"https:\\\/\\\/radioljubuski.ba\\\/wp-content\\\/uploads\\\/2021\\\/04\\\/fTNhcpmj_hns.png\",\"datePublished\":\"2021-04-05T11:46:16+00:00\",\"dateModified\":\"2021-04-05T11:46:17+00:00\",\"breadcrumb\":{\"@id\":\"https:\\\/\\\/radioljubuski.ba\\\/index.php\\\/2021\\\/04\\\/05\\\/hns-zloupotrebljavanje-institucija-bih-i-vrijedanje-medunarodnih-partnera-je-skandalozno\\\/#breadcrumb\"},\"inLanguage\":\"hr\",\"potentialAction\":[{\"@type\":\"ReadAction\",\"target\":[\"https:\\\/\\\/radioljubuski.ba\\\/index.php\\\/2021\\\/04\\\/05\\\/hns-zloupotrebljavanje-institucija-bih-i-vrijedanje-medunarodnih-partnera-je-skandalozno\\\/\"]}]},{\"@type\":\"ImageObject\",\"inLanguage\":\"hr\",\"@id\":\"https:\\\/\\\/radioljubuski.ba\\\/index.php\\\/2021\\\/04\\\/05\\\/hns-zloupotrebljavanje-institucija-bih-i-vrijedanje-medunarodnih-partnera-je-skandalozno\\\/#primaryimage\",\"url\":\"https:\\\/\\\/radioljubuski.ba\\\/wp-content\\\/uploads\\\/2021\\\/04\\\/fTNhcpmj_hns.png\",\"contentUrl\":\"https:\\\/\\\/radioljubuski.ba\\\/wp-content\\\/uploads\\\/2021\\\/04\\\/fTNhcpmj_hns.png\",\"width\":1000,\"height\":625},{\"@type\":\"BreadcrumbList\",\"@id\":\"https:\\\/\\\/radioljubuski.ba\\\/index.php\\\/2021\\\/04\\\/05\\\/hns-zloupotrebljavanje-institucija-bih-i-vrijedanje-medunarodnih-partnera-je-skandalozno\\\/#breadcrumb\",\"itemListElement\":[{\"@type\":\"ListItem\",\"position\":1,\"name\":\"Po\u010detna stranica\",\"item\":\"https:\\\/\\\/radioljubuski.ba\\\/\"},{\"@type\":\"ListItem\",\"position\":2,\"name\":\"HNS: Zloupotrebljavanje institucija BiH i vrije\u0111anje me\u0111unarodnih partnera je skandalozno\"}]},{\"@type\":\"WebSite\",\"@id\":\"https:\\\/\\\/radioljubuski.ba\\\/#website\",\"url\":\"https:\\\/\\\/radioljubuski.ba\\\/\",\"name\":\"Radio Ljubu\u0161ki\",\"description\":\"Sun\u010dana frekvencija Hercegovine\",\"publisher\":{\"@id\":\"https:\\\/\\\/radioljubuski.ba\\\/#organization\"},\"potentialAction\":[{\"@type\":\"SearchAction\",\"target\":{\"@type\":\"EntryPoint\",\"urlTemplate\":\"https:\\\/\\\/radioljubuski.ba\\\/?s={search_term_string}\"},\"query-input\":{\"@type\":\"PropertyValueSpecification\",\"valueRequired\":true,\"valueName\":\"search_term_string\"}}],\"inLanguage\":\"hr\"},{\"@type\":\"Organization\",\"@id\":\"https:\\\/\\\/radioljubuski.ba\\\/#organization\",\"name\":\"Radio Ljubu\u0161ki\",\"url\":\"https:\\\/\\\/radioljubuski.ba\\\/\",\"logo\":{\"@type\":\"ImageObject\",\"inLanguage\":\"hr\",\"@id\":\"https:\\\/\\\/radioljubuski.ba\\\/#\\\/schema\\\/logo\\\/image\\\/\",\"url\":\"https:\\\/\\\/radioljubuski.ba\\\/wp-content\\\/uploads\\\/2021\\\/02\\\/cropped-Radio_Ljubuski_logo1.jpg\",\"contentUrl\":\"https:\\\/\\\/radioljubuski.ba\\\/wp-content\\\/uploads\\\/2021\\\/02\\\/cropped-Radio_Ljubuski_logo1.jpg\",\"width\":512,\"height\":512,\"caption\":\"Radio Ljubu\u0161ki\"},\"image\":{\"@id\":\"https:\\\/\\\/radioljubuski.ba\\\/#\\\/schema\\\/logo\\\/image\\\/\"},\"sameAs\":[\"https:\\\/\\\/www.facebook.com\\\/Radiio-Ljubuski-1490835324566332\",\"https:\\\/\\\/x.com\\\/radioljubuski\",\"https:\\\/\\\/hr.linkedin.com\\\/company\\\/radio-ljubuski\",\"https:\\\/\\\/www.youtube.com\\\/channel\\\/UCHYaeO_n0Db3tjNGudGpXyw\"]},{\"@type\":\"Person\",\"@id\":\"https:\\\/\\\/radioljubuski.ba\\\/#\\\/schema\\\/person\\\/19fc700381a780f69665d7956c469e3b\",\"name\":\"Radio Ljubu\u0161ki\"}]}<\/script>\n<!-- \/ Yoast SEO plugin. -->","yoast_head_json":{"title":"HNS: Zloupotrebljavanje institucija BiH i vrije\u0111anje me\u0111unarodnih partnera je skandalozno - RADIO LJUBU\u0160KI","robots":{"index":"index","follow":"follow","max-snippet":"max-snippet:-1","max-image-preview":"max-image-preview:large","max-video-preview":"max-video-preview:-1"},"canonical":"https:\/\/radioljubuski.ba\/index.php\/2021\/04\/05\/hns-zloupotrebljavanje-institucija-bih-i-vrijedanje-medunarodnih-partnera-je-skandalozno\/","og_locale":"hr_HR","og_type":"article","og_title":"HNS: Zloupotrebljavanje institucija BiH i vrije\u0111anje me\u0111unarodnih partnera je skandalozno - RADIO LJUBU\u0160KI","og_description":"HNS BiH najsna\u017enije osu\u0111uje non-paper o BiH kojeg je drugi bo\u0161nja\u010dki \u010dlan Predsjedni\u0161tva, \u017deljko Kom\u0161i\u0107, krajem o\u017eujka uputio u Bruxelles i New York. Ukazujemo me\u0111unarodnim partnerima na non-paper kao jo\u0161 jedan dokaz konstantnog zloupotrebljavanja dr\u017eavnih institucija koje sada predstavlja ve\u0107 ustaljeno politi\u010dko pona\u0161anje odre\u0111enih politi\u010dkih aktera.&nbsp; HNS izra\u017eava \u017ealjenje za \u010dinjenicom da je non-paper iznio [&hellip;]","og_url":"https:\/\/radioljubuski.ba\/index.php\/2021\/04\/05\/hns-zloupotrebljavanje-institucija-bih-i-vrijedanje-medunarodnih-partnera-je-skandalozno\/","og_site_name":"RADIO LJUBU\u0160KI","article_publisher":"https:\/\/www.facebook.com\/Radiio-Ljubuski-1490835324566332","article_published_time":"2021-04-05T11:46:16+00:00","article_modified_time":"2021-04-05T11:46:17+00:00","og_image":[{"width":1000,"height":625,"url":"https:\/\/radioljubuski.ba\/wp-content\/uploads\/2021\/04\/fTNhcpmj_hns.png","type":"image\/png"}],"author":"Radio Ljubu\u0161ki","twitter_card":"summary_large_image","twitter_creator":"@radioljubuski","twitter_site":"@radioljubuski","twitter_misc":{"Napisao\/la":"Radio Ljubu\u0161ki","Procijenjeno vrijeme \u010ditanja":"2 minute"},"schema":{"@context":"https:\/\/schema.org","@graph":[{"@type":"Article","@id":"https:\/\/radioljubuski.ba\/index.php\/2021\/04\/05\/hns-zloupotrebljavanje-institucija-bih-i-vrijedanje-medunarodnih-partnera-je-skandalozno\/#article","isPartOf":{"@id":"https:\/\/radioljubuski.ba\/index.php\/2021\/04\/05\/hns-zloupotrebljavanje-institucija-bih-i-vrijedanje-medunarodnih-partnera-je-skandalozno\/"},"author":{"name":"Radio Ljubu\u0161ki","@id":"https:\/\/radioljubuski.ba\/#\/schema\/person\/19fc700381a780f69665d7956c469e3b"},"headline":"HNS: Zloupotrebljavanje institucija BiH i vrije\u0111anje me\u0111unarodnih partnera je skandalozno","datePublished":"2021-04-05T11:46:16+00:00","dateModified":"2021-04-05T11:46:17+00:00","mainEntityOfPage":{"@id":"https:\/\/radioljubuski.ba\/index.php\/2021\/04\/05\/hns-zloupotrebljavanje-institucija-bih-i-vrijedanje-medunarodnih-partnera-je-skandalozno\/"},"wordCount":300,"publisher":{"@id":"https:\/\/radioljubuski.ba\/#organization"},"image":{"@id":"https:\/\/radioljubuski.ba\/index.php\/2021\/04\/05\/hns-zloupotrebljavanje-institucija-bih-i-vrijedanje-medunarodnih-partnera-je-skandalozno\/#primaryimage"},"thumbnailUrl":"https:\/\/radioljubuski.ba\/wp-content\/uploads\/2021\/04\/fTNhcpmj_hns.png","articleSection":["BIH i regija"],"inLanguage":"hr"},{"@type":"WebPage","@id":"https:\/\/radioljubuski.ba\/index.php\/2021\/04\/05\/hns-zloupotrebljavanje-institucija-bih-i-vrijedanje-medunarodnih-partnera-je-skandalozno\/","url":"https:\/\/radioljubuski.ba\/index.php\/2021\/04\/05\/hns-zloupotrebljavanje-institucija-bih-i-vrijedanje-medunarodnih-partnera-je-skandalozno\/","name":"HNS: Zloupotrebljavanje institucija BiH i vrije\u0111anje me\u0111unarodnih partnera je skandalozno - RADIO LJUBU\u0160KI","isPartOf":{"@id":"https:\/\/radioljubuski.ba\/#website"},"primaryImageOfPage":{"@id":"https:\/\/radioljubuski.ba\/index.php\/2021\/04\/05\/hns-zloupotrebljavanje-institucija-bih-i-vrijedanje-medunarodnih-partnera-je-skandalozno\/#primaryimage"},"image":{"@id":"https:\/\/radioljubuski.ba\/index.php\/2021\/04\/05\/hns-zloupotrebljavanje-institucija-bih-i-vrijedanje-medunarodnih-partnera-je-skandalozno\/#primaryimage"},"thumbnailUrl":"https:\/\/radioljubuski.ba\/wp-content\/uploads\/2021\/04\/fTNhcpmj_hns.png","datePublished":"2021-04-05T11:46:16+00:00","dateModified":"2021-04-05T11:46:17+00:00","breadcrumb":{"@id":"https:\/\/radioljubuski.ba\/index.php\/2021\/04\/05\/hns-zloupotrebljavanje-institucija-bih-i-vrijedanje-medunarodnih-partnera-je-skandalozno\/#breadcrumb"},"inLanguage":"hr","potentialAction":[{"@type":"ReadAction","target":["https:\/\/radioljubuski.ba\/index.php\/2021\/04\/05\/hns-zloupotrebljavanje-institucija-bih-i-vrijedanje-medunarodnih-partnera-je-skandalozno\/"]}]},{"@type":"ImageObject","inLanguage":"hr","@id":"https:\/\/radioljubuski.ba\/index.php\/2021\/04\/05\/hns-zloupotrebljavanje-institucija-bih-i-vrijedanje-medunarodnih-partnera-je-skandalozno\/#primaryimage","url":"https:\/\/radioljubuski.ba\/wp-content\/uploads\/2021\/04\/fTNhcpmj_hns.png","contentUrl":"https:\/\/radioljubuski.ba\/wp-content\/uploads\/2021\/04\/fTNhcpmj_hns.png","width":1000,"height":625},{"@type":"BreadcrumbList","@id":"https:\/\/radioljubuski.ba\/index.php\/2021\/04\/05\/hns-zloupotrebljavanje-institucija-bih-i-vrijedanje-medunarodnih-partnera-je-skandalozno\/#breadcrumb","itemListElement":[{"@type":"ListItem","position":1,"name":"Po\u010detna stranica","item":"https:\/\/radioljubuski.ba\/"},{"@type":"ListItem","position":2,"name":"HNS: Zloupotrebljavanje institucija BiH i vrije\u0111anje me\u0111unarodnih partnera je skandalozno"}]},{"@type":"WebSite","@id":"https:\/\/radioljubuski.ba\/#website","url":"https:\/\/radioljubuski.ba\/","name":"Radio Ljubu\u0161ki","description":"Sun\u010dana frekvencija Hercegovine","publisher":{"@id":"https:\/\/radioljubuski.ba\/#organization"},"potentialAction":[{"@type":"SearchAction","target":{"@type":"EntryPoint","urlTemplate":"https:\/\/radioljubuski.ba\/?s={search_term_string}"},"query-input":{"@type":"PropertyValueSpecification","valueRequired":true,"valueName":"search_term_string"}}],"inLanguage":"hr"},{"@type":"Organization","@id":"https:\/\/radioljubuski.ba\/#organization","name":"Radio Ljubu\u0161ki","url":"https:\/\/radioljubuski.ba\/","logo":{"@type":"ImageObject","inLanguage":"hr","@id":"https:\/\/radioljubuski.ba\/#\/schema\/logo\/image\/","url":"https:\/\/radioljubuski.ba\/wp-content\/uploads\/2021\/02\/cropped-Radio_Ljubuski_logo1.jpg","contentUrl":"https:\/\/radioljubuski.ba\/wp-content\/uploads\/2021\/02\/cropped-Radio_Ljubuski_logo1.jpg","width":512,"height":512,"caption":"Radio Ljubu\u0161ki"},"image":{"@id":"https:\/\/radioljubuski.ba\/#\/schema\/logo\/image\/"},"sameAs":["https:\/\/www.facebook.com\/Radiio-Ljubuski-1490835324566332","https:\/\/x.com\/radioljubuski","https:\/\/hr.linkedin.com\/company\/radio-ljubuski","https:\/\/www.youtube.com\/channel\/UCHYaeO_n0Db3tjNGudGpXyw"]},{"@type":"Person","@id":"https:\/\/radioljubuski.ba\/#\/schema\/person\/19fc700381a780f69665d7956c469e3b","name":"Radio Ljubu\u0161ki"}]}},"_links":{"self":[{"href":"https:\/\/radioljubuski.ba\/index.php\/wp-json\/wp\/v2\/posts\/9692","targetHints":{"allow":["GET"]}}],"collection":[{"href":"https:\/\/radioljubuski.ba\/index.php\/wp-json\/wp\/v2\/posts"}],"about":[{"href":"https:\/\/radioljubuski.ba\/index.php\/wp-json\/wp\/v2\/types\/post"}],"author":[{"embeddable":true,"href":"https:\/\/radioljubuski.ba\/index.php\/wp-json\/wp\/v2\/users\/2"}],"replies":[{"embeddable":true,"href":"https:\/\/radioljubuski.ba\/index.php\/wp-json\/wp\/v2\/comments?post=9692"}],"version-history":[{"count":1,"href":"https:\/\/radioljubuski.ba\/index.php\/wp-json\/wp\/v2\/posts\/9692\/revisions"}],"predecessor-version":[{"id":9694,"href":"https:\/\/radioljubuski.ba\/index.php\/wp-json\/wp\/v2\/posts\/9692\/revisions\/9694"}],"wp:featuredmedia":[{"embeddable":true,"href":"https:\/\/radioljubuski.ba\/index.php\/wp-json\/wp\/v2\/media\/9693"}],"wp:attachment":[{"href":"https:\/\/radioljubuski.ba\/index.php\/wp-json\/wp\/v2\/media?parent=9692"}],"wp:term":[{"taxonomy":"category","embeddable":true,"href":"https:\/\/radioljubuski.ba\/index.php\/wp-json\/wp\/v2\/categories?post=9692"},{"taxonomy":"post_tag","embeddable":true,"href":"https:\/\/radioljubuski.ba\/index.php\/wp-json\/wp\/v2\/tags?post=9692"}],"curies":[{"name":"wp","href":"https:\/\/api.w.org\/{rel}","templated":true}]}}