{"id":9701,"date":"2021-04-05T12:59:21","date_gmt":"2021-04-05T11:59:21","guid":{"rendered":"https:\/\/radioljubuski.ba\/?p=9701"},"modified":"2021-04-05T12:59:21","modified_gmt":"2021-04-05T11:59:21","slug":"dijana-je-posvojeno-dijete-i-nije-je-sokirao-slucaj-djevojcice-iz-klaiceve-ni-mene-moja-bioloska-majka-nije-zeljela","status":"publish","type":"post","link":"https:\/\/radioljubuski.ba\/index.php\/2021\/04\/05\/dijana-je-posvojeno-dijete-i-nije-je-sokirao-slucaj-djevojcice-iz-klaiceve-ni-mene-moja-bioloska-majka-nije-zeljela\/","title":{"rendered":"Dijana je posvojeno dijete i nije je \u0161okirao slu\u010daj djevoj\u010dice iz Klai\u0107eve: Ni mene moja biolo\u0161ka majka nije \u017eeljela"},"content":{"rendered":"\n<p>&#8220;Je l&#8217; vas \u0161okirao slu\u010daj djevoj\u010dice iz Klai\u0107eve? Ho\u0107e vas \u0161okirat ako vam ka\u017eem da mene nije? Usvojena sam daaaavne &#8217;88. godine. Ni\u0161ta, ali ama ba\u0161 ni\u0161ta se od tada promijenilo nije. I tada, biolo\u0161ke roditelje se do zadnjeg nagovaralo da zadr\u017ee dijete, \u010dak i kad je bilo vrlo evidentno da to ne \u017eele. Primjerice, moja biolo\u0161ka majka je cijelu trudno\u0107u govorila djelatnicima Centra da ne \u017eeli dijete i da \u017eeli dati na usvojenje, ali oni su cijelu trudno\u0107u i kad je rodila i dalje &#8216;radili&#8217;&nbsp;s njom ne bi li zadr\u017eala dijete. Iako je ve\u0107 prije mene dvoje djece dala na usvajanje i jako dobro znala \u0161to \u017eeli. Zamislite sada da ih je poslu\u0161ala i zadr\u017eala dijete koje vrlo, vrlo ne \u017eeli.&#8221;<\/p>\n\n\n\n<p>Ovo je na Facebooku&nbsp;prije nekidan napisala Spli\u0107anka <strong>Dijana Radovnikovi\u0107<\/strong> povodom tragedi\u010dne pri\u010de o dvoipolgodi\u0161noj djevoj\u010dici u Novoj Gradi\u0161ki koja je ovih blagdana potresla javnost.<\/p>\n\n\n\n<p>Dijana pita: &#8220;\u010cemu neoduzimanje roditeljskih prava? Za\u0161to ne dajete djeci \u0161ansu dok su jo\u0161 mala i lak\u0161e usvojiva? Za\u0161to im ne dajete priliku da dobiju obitelj u kojoj ih stvarno vole i \u017eele?&#8221;<\/p>\n\n\n\n<p>Zatim kritizira sustav pa ka\u017ee: &#8220;Odugovla\u010dite dok dijete ne odraste u sistemu ili vra\u0107ate biolo\u0161kim roditeljima dok se ne dogodi ovo. Nije prvi put. Nije ni zadnji. Probudite se i pokrenite! Kod roditeljstva nema popravnog.&#8221;<\/p>\n\n\n\n<p>Dijana je u splitsku obitelj stigla s pet mjeseci iz udomiteljske obitelji u Tuzli, a odva\u017eila se podijeliti svoju intimnu pri\u010du sa \u0161irom javnosti zato da bi ukazala na problem te\u0161kog i sporog sustava prilikom posvajanja djece. Ona, naime, \u017eeli poru\u010diti da je imala sre\u0107e isklju\u010divo zato \u0161to ju je nova obitelj prona\u0161la dok je jo\u0161 bila beba pa je trauma svedena na minimum.<\/p>\n\n\n\n<p>Posvojila ju je tada samohrana i prosvjetna radnica, a njena biolo\u0161ka majka ju je se potpisom odrekla isto kao i jo\u0161 njena dva polubrata. Njih troje ne znaju tko im je otac, a Dijana \u0107e kasnije shvatiti da ima jo\u0161 i tri polusestre koje nisu ni znale da ona postoji. Majku, me\u0111utim, nikada nije upoznala s obzirom da je, kada je stasala za tu zakonsku mogu\u0107nost, ona ve\u0107 bila preminula. No, kad pri\u010da o tome, Dijana ne pokazuje emocije jer, kako ka\u017ee, obitelj njene biolo\u0161ke majke nije njena ve\u0107 ova u kojoj je sada. Pritom misli na njenu \u0161iru rodbinu, a s bra\u0107om i sestrama je, pa i s nekim ro\u0111acima, u odli\u010dnim odnosima. Prirodno je da su je zanimali, ali kad su joj u Centru za socijalnu skrb izrazili sau\u010de\u0161\u0107e zbog smrti biolo\u0161ke majke, pitala ih je \u010demu to kad je uop\u0107e ne poznaje. A kako ka\u017ee, da ju je i uspjela upoznati, ne zna o \u010demu bi s njom uop\u0107e pri\u010dala.<\/p>\n\n\n\n<p>&#8211; Ne znam tko je ta \u017eena niti me zanima tko je ona bila, zanimao bi me samo dio vezan za mene, ali mislim da nikad ne\u0107u doznati neke stvari jer njena sestra, dakle, moja tetka, kao i baka, dosta su zatvorene i mislim da mi ne \u017eele re\u0107i sve \u0161to znaju. Potra\u017eila sam grob biolo\u0161ke majke i zaprepastila se koliko smo fizi\u010dki nalik jedna drugoj. Ina\u010de sam sama prona\u0161la najprije jednog brata u BiH, pa drugog u Sloveniji, a zatim preko &#8220;fejsa&#8221; i sestre u tako\u0111er u BiH \u2013 mirno prepri\u010dava Dijana.<\/p>\n\n\n\n<p>Ne misli da je imala lo\u0161u sudbinu niti lo\u0161u sre\u0107u.<\/p>\n\n\n\n<p>&#8211; Dapa\u010de, imala sam sre\u0107u \u0161to sam usvojena vrlo brzo nakon ro\u0111enja i \u0161to me usvojila ba\u0161 ova obitelj. Biolo\u0161ka majka napravila mi je uslugu kada mi je, unato\u010d pristiscima institucija, dala \u0161ansu za normalan \u017eivot. Ja sam oduvijek znala da sam usvojena, uop\u0107e se ne sje\u0107am trenutka kad sam to doznala. Mamu sam s nepune dvije godine, valjda zato \u0161to je jedna njena prijateljica bila trudna, pitala jesi ti mene rodila, a ona mi je rekla da nije. Kasnije, kad sam bila odraslija, pojasnila mi je sve i prihvatila sam to normalno \u2013 pri\u010da nam dok majka potvr\u0111uje i prisje\u0107a se kako je oti\u0161la po nju u tu udomiteljsku obitelj i kako je, kad ju je preuzela, bila u lo\u0161em stanju, rahiti\u010dna i s pomanjkanjem vitamina D.<\/p>\n\n\n\n<p>&#8211; Vidjela sam je prvi put kad je imala \u010detiri mjeseca, pokazali su mi njenu medicinsku dokumentaciju, ali odmah sam rekla da je \u017eelim. Imala sam sre\u0107e jer sam brzo dobila preporuku Centra i ve\u0107 za mjesec dana i\u0161la sam po nju s roditeljima. Rekli su mi da je to prvi put da su baka i dida do\u0161li u posvajanje. Sje\u0107am se da su mi dali jednu bo\u010dicu sa skorenim mlijekom potpuno pocrnjele dudice i tablete \u017eeljeza&#8230; Preno\u0107ili smo u Sarajevu kod prijatelja, plakala je dva dana i nije htjela jesti, vodili smo je k lije\u010dniku. Kasnije je bila dobra beba i pod nadzorom pedijatra potpuno je ozdravila.<\/p>\n\n\n\n<p>&#8211; A znate li da sam slu\u010dajno upoznala i \u010dovjeka koji je tada kao osmogodi\u0161njak bio u istoj toj udomiteljskoj obitelji i da me on pamti jer me uspavljivao i presvla\u010dio. Rekao mi je da su bili tu\u017eni i da su plakali kad su me odveli \u2013 ka\u017ee Dijana.<\/p>\n\n\n\n<p>Prava je sre\u0107a da je njena biolo\u0161ka majka, koja je prakti\u010dno nikada nije ni vidjela, odmah pristala na usvajanje. Problem nastaje kada to nije slu\u010daj i onda imamo situacije da djeca ostaju u domovima, odnosno u udomiteljskim obiteljima pod stalnom mogu\u0107no\u0161\u0107u da se ipak vrate roditeljima.<\/p>\n\n\n\n<p>&#8211; Nema oduzimanja roditeljskih prava, nego im centri uvijek daju prednost tipa oni \u0107e se promijeniti, pobolj\u0161ati, mi \u0107emo s njima raditi&#8230; I onda dobije\u0161 pretu\u010deno dijete i ovakvu tragediju \u2013 ogor\u010dena je Dijana.<\/p>\n\n\n\n<p>&#8211; Ni\u0161ta se ne mo\u017ee mjerit s posvajenjem jer prije toga ste ni\u010diji. Evo, vidjeli ste sad \u0161ta se dogodilo. A zamislite kako je odrastati u domu i nemate \u0161anse sve dok svakih nekoliko mjeseci biolo\u0161ki roditelj nazive i pita kako ste, a samo to dovoljan je razlog da to dijete ne mo\u017eete dati na posvajenje. A parova koji \u010dekaju dijete je more, pa evo suprug i ja sada idemo u posvajanje. Znam da \u0107emo se na\u010dekati i da \u0107e potrajati. Zakoni su takvi da uvijek idu na ruku biolo\u0161kim roditeljima. Milanka Opa\u010di\u0107 je, dok je bila ministrica, htjela ne\u0161to promijeniti, ali nije uspjela \u2013 potuno je svjesna Dijana tegobne procedure.<\/p>\n\n\n\n<p>&#8211; Kao da sustav tjera biolo\u0161ke roditelje da budu s djecom. Ali jednostavno ih ima koji to ne \u017eele! A vrijeme prolazi, djeca rastu i onda ih malo tko \u017eeli usvojiti jer svi \u017eele malu, bijelu i zdravu bebu, shva\u0107ate. Osim toga, \u0161to kasnije do\u0111e do usvajanja ono je sve traumati\u010dnije. Kad vas usvoje kao bebu, nema traume. Iako ne mislim da ovdje ima i\u010dega senzacionalnog i humanog, jer netko ho\u0107e dijete, a dijete treba obitelj. Tada postanemo nova obitelj i to je sve. Posvojenja bi trebala biti ne\u0161to normalno \u2013 zaklju\u010duje dok s ljubavlju gleda svoju, kako ka\u017ee, pravu majku, a ona je samozatajna i ra\u0111e ostaje anonimna \u010dak za potrebe ovoga teksta.<\/p>\n\n\n\n<p>Dijana gorljivo podvla\u010di da bi zakon trebao omogu\u0107iti \u0161to lak\u0161e i \u0161to br\u017ee oduzimanje roditeljskih prava i odmah davati djecu na usvajanje, a parova ima toliko da \u0107e se na\u0107i isti dan.<\/p>\n\n\n\n<p>Ina\u010de, komentari pod njenom Facebook&nbsp;objavom mahom tako\u0111er upozoravaju da je i u slu\u010daju preminule djevoj\u010dice iz Nove Gradi\u0161ke zakazao sustav.<\/p>\n\n\n\n<p>Podsjetimo da je pro\u0161li tjedan u bolnicu zavr\u0161ila zbog nagnje\u010denja glave nastalog pod zasad nejasnim okolnostima, ali najvjerojatnije kao posljedica nasilja i to nakon \u0161to je iz udomiteljske obitelji vra\u0107ena u roditeljski dom.<\/p>\n\n\n\n<p>Pi\u0161e Silvana Uzini\u0107\/slobodnadalmacija.hr<\/p>\n","protected":false},"excerpt":{"rendered":"<p>&#8220;Je l&#8217; vas \u0161okirao slu\u010daj djevoj\u010dice iz Klai\u0107eve? Ho\u0107e vas \u0161okirat ako vam ka\u017eem da mene nije? Usvojena sam daaaavne &#8217;88. godine. Ni\u0161ta, ali ama ba\u0161 ni\u0161ta se od tada promijenilo nije. I tada, biolo\u0161ke roditelje se do zadnjeg nagovaralo da zadr\u017ee dijete, \u010dak i kad je bilo vrlo evidentno da to ne \u017eele. Primjerice, [&hellip;]<\/p>\n","protected":false},"author":2,"featured_media":9702,"comment_status":"closed","ping_status":"closed","sticky":false,"template":"","format":"standard","meta":{"h5ap_radio_sources":[],"footnotes":""},"categories":[1],"tags":[],"class_list":["post-9701","post","type-post","status-publish","format-standard","has-post-thumbnail","hentry","category-bihiregija"],"yoast_head":"<!-- This site is optimized with the Yoast SEO plugin v27.5 - https:\/\/yoast.com\/product\/yoast-seo-wordpress\/ -->\n<title>Dijana je posvojeno dijete i nije je \u0161okirao slu\u010daj djevoj\u010dice iz Klai\u0107eve: Ni mene moja biolo\u0161ka majka nije \u017eeljela - RADIO LJUBU\u0160KI<\/title>\n<meta name=\"robots\" content=\"index, follow, max-snippet:-1, max-image-preview:large, max-video-preview:-1\" \/>\n<link rel=\"canonical\" href=\"https:\/\/radioljubuski.ba\/index.php\/2021\/04\/05\/dijana-je-posvojeno-dijete-i-nije-je-sokirao-slucaj-djevojcice-iz-klaiceve-ni-mene-moja-bioloska-majka-nije-zeljela\/\" \/>\n<meta property=\"og:locale\" content=\"hr_HR\" \/>\n<meta property=\"og:type\" content=\"article\" \/>\n<meta property=\"og:title\" content=\"Dijana je posvojeno dijete i nije je \u0161okirao slu\u010daj djevoj\u010dice iz Klai\u0107eve: Ni mene moja biolo\u0161ka majka nije \u017eeljela - RADIO LJUBU\u0160KI\" \/>\n<meta property=\"og:description\" content=\"&#8220;Je l&#8217; vas \u0161okirao slu\u010daj djevoj\u010dice iz Klai\u0107eve? Ho\u0107e vas \u0161okirat ako vam ka\u017eem da mene nije? Usvojena sam daaaavne &#8217;88. godine. Ni\u0161ta, ali ama ba\u0161 ni\u0161ta se od tada promijenilo nije. I tada, biolo\u0161ke roditelje se do zadnjeg nagovaralo da zadr\u017ee dijete, \u010dak i kad je bilo vrlo evidentno da to ne \u017eele. Primjerice, [&hellip;]\" \/>\n<meta property=\"og:url\" content=\"https:\/\/radioljubuski.ba\/index.php\/2021\/04\/05\/dijana-je-posvojeno-dijete-i-nije-je-sokirao-slucaj-djevojcice-iz-klaiceve-ni-mene-moja-bioloska-majka-nije-zeljela\/\" \/>\n<meta property=\"og:site_name\" content=\"RADIO LJUBU\u0160KI\" \/>\n<meta property=\"article:publisher\" content=\"https:\/\/www.facebook.com\/Radiio-Ljubuski-1490835324566332\" \/>\n<meta property=\"article:published_time\" content=\"2021-04-05T11:59:21+00:00\" \/>\n<meta property=\"og:image\" content=\"https:\/\/radioljubuski.ba\/wp-content\/uploads\/2021\/04\/333-1.png\" \/>\n\t<meta property=\"og:image:width\" content=\"716\" \/>\n\t<meta property=\"og:image:height\" content=\"348\" \/>\n\t<meta property=\"og:image:type\" content=\"image\/png\" \/>\n<meta name=\"author\" content=\"Radio Ljubu\u0161ki\" \/>\n<meta name=\"twitter:card\" content=\"summary_large_image\" \/>\n<meta name=\"twitter:creator\" content=\"@radioljubuski\" \/>\n<meta name=\"twitter:site\" content=\"@radioljubuski\" \/>\n<meta name=\"twitter:label1\" content=\"Napisao\/la\" \/>\n\t<meta name=\"twitter:data1\" content=\"Radio Ljubu\u0161ki\" \/>\n\t<meta name=\"twitter:label2\" content=\"Procijenjeno vrijeme \u010ditanja\" \/>\n\t<meta name=\"twitter:data2\" content=\"7 minuta\" \/>\n<script type=\"application\/ld+json\" class=\"yoast-schema-graph\">{\"@context\":\"https:\\\/\\\/schema.org\",\"@graph\":[{\"@type\":\"Article\",\"@id\":\"https:\\\/\\\/radioljubuski.ba\\\/index.php\\\/2021\\\/04\\\/05\\\/dijana-je-posvojeno-dijete-i-nije-je-sokirao-slucaj-djevojcice-iz-klaiceve-ni-mene-moja-bioloska-majka-nije-zeljela\\\/#article\",\"isPartOf\":{\"@id\":\"https:\\\/\\\/radioljubuski.ba\\\/index.php\\\/2021\\\/04\\\/05\\\/dijana-je-posvojeno-dijete-i-nije-je-sokirao-slucaj-djevojcice-iz-klaiceve-ni-mene-moja-bioloska-majka-nije-zeljela\\\/\"},\"author\":{\"name\":\"Radio Ljubu\u0161ki\",\"@id\":\"https:\\\/\\\/radioljubuski.ba\\\/#\\\/schema\\\/person\\\/19fc700381a780f69665d7956c469e3b\"},\"headline\":\"Dijana je posvojeno dijete i nije je \u0161okirao slu\u010daj djevoj\u010dice iz Klai\u0107eve: Ni mene moja biolo\u0161ka majka nije \u017eeljela\",\"datePublished\":\"2021-04-05T11:59:21+00:00\",\"mainEntityOfPage\":{\"@id\":\"https:\\\/\\\/radioljubuski.ba\\\/index.php\\\/2021\\\/04\\\/05\\\/dijana-je-posvojeno-dijete-i-nije-je-sokirao-slucaj-djevojcice-iz-klaiceve-ni-mene-moja-bioloska-majka-nije-zeljela\\\/\"},\"wordCount\":1376,\"publisher\":{\"@id\":\"https:\\\/\\\/radioljubuski.ba\\\/#organization\"},\"image\":{\"@id\":\"https:\\\/\\\/radioljubuski.ba\\\/index.php\\\/2021\\\/04\\\/05\\\/dijana-je-posvojeno-dijete-i-nije-je-sokirao-slucaj-djevojcice-iz-klaiceve-ni-mene-moja-bioloska-majka-nije-zeljela\\\/#primaryimage\"},\"thumbnailUrl\":\"https:\\\/\\\/radioljubuski.ba\\\/wp-content\\\/uploads\\\/2021\\\/04\\\/333-1.png\",\"articleSection\":[\"BIH i regija\"],\"inLanguage\":\"hr\"},{\"@type\":\"WebPage\",\"@id\":\"https:\\\/\\\/radioljubuski.ba\\\/index.php\\\/2021\\\/04\\\/05\\\/dijana-je-posvojeno-dijete-i-nije-je-sokirao-slucaj-djevojcice-iz-klaiceve-ni-mene-moja-bioloska-majka-nije-zeljela\\\/\",\"url\":\"https:\\\/\\\/radioljubuski.ba\\\/index.php\\\/2021\\\/04\\\/05\\\/dijana-je-posvojeno-dijete-i-nije-je-sokirao-slucaj-djevojcice-iz-klaiceve-ni-mene-moja-bioloska-majka-nije-zeljela\\\/\",\"name\":\"Dijana je posvojeno dijete i nije je \u0161okirao slu\u010daj djevoj\u010dice iz Klai\u0107eve: Ni mene moja biolo\u0161ka majka nije \u017eeljela - RADIO LJUBU\u0160KI\",\"isPartOf\":{\"@id\":\"https:\\\/\\\/radioljubuski.ba\\\/#website\"},\"primaryImageOfPage\":{\"@id\":\"https:\\\/\\\/radioljubuski.ba\\\/index.php\\\/2021\\\/04\\\/05\\\/dijana-je-posvojeno-dijete-i-nije-je-sokirao-slucaj-djevojcice-iz-klaiceve-ni-mene-moja-bioloska-majka-nije-zeljela\\\/#primaryimage\"},\"image\":{\"@id\":\"https:\\\/\\\/radioljubuski.ba\\\/index.php\\\/2021\\\/04\\\/05\\\/dijana-je-posvojeno-dijete-i-nije-je-sokirao-slucaj-djevojcice-iz-klaiceve-ni-mene-moja-bioloska-majka-nije-zeljela\\\/#primaryimage\"},\"thumbnailUrl\":\"https:\\\/\\\/radioljubuski.ba\\\/wp-content\\\/uploads\\\/2021\\\/04\\\/333-1.png\",\"datePublished\":\"2021-04-05T11:59:21+00:00\",\"breadcrumb\":{\"@id\":\"https:\\\/\\\/radioljubuski.ba\\\/index.php\\\/2021\\\/04\\\/05\\\/dijana-je-posvojeno-dijete-i-nije-je-sokirao-slucaj-djevojcice-iz-klaiceve-ni-mene-moja-bioloska-majka-nije-zeljela\\\/#breadcrumb\"},\"inLanguage\":\"hr\",\"potentialAction\":[{\"@type\":\"ReadAction\",\"target\":[\"https:\\\/\\\/radioljubuski.ba\\\/index.php\\\/2021\\\/04\\\/05\\\/dijana-je-posvojeno-dijete-i-nije-je-sokirao-slucaj-djevojcice-iz-klaiceve-ni-mene-moja-bioloska-majka-nije-zeljela\\\/\"]}]},{\"@type\":\"ImageObject\",\"inLanguage\":\"hr\",\"@id\":\"https:\\\/\\\/radioljubuski.ba\\\/index.php\\\/2021\\\/04\\\/05\\\/dijana-je-posvojeno-dijete-i-nije-je-sokirao-slucaj-djevojcice-iz-klaiceve-ni-mene-moja-bioloska-majka-nije-zeljela\\\/#primaryimage\",\"url\":\"https:\\\/\\\/radioljubuski.ba\\\/wp-content\\\/uploads\\\/2021\\\/04\\\/333-1.png\",\"contentUrl\":\"https:\\\/\\\/radioljubuski.ba\\\/wp-content\\\/uploads\\\/2021\\\/04\\\/333-1.png\",\"width\":716,\"height\":348},{\"@type\":\"BreadcrumbList\",\"@id\":\"https:\\\/\\\/radioljubuski.ba\\\/index.php\\\/2021\\\/04\\\/05\\\/dijana-je-posvojeno-dijete-i-nije-je-sokirao-slucaj-djevojcice-iz-klaiceve-ni-mene-moja-bioloska-majka-nije-zeljela\\\/#breadcrumb\",\"itemListElement\":[{\"@type\":\"ListItem\",\"position\":1,\"name\":\"Po\u010detna stranica\",\"item\":\"https:\\\/\\\/radioljubuski.ba\\\/\"},{\"@type\":\"ListItem\",\"position\":2,\"name\":\"Dijana je posvojeno dijete i nije je \u0161okirao slu\u010daj djevoj\u010dice iz Klai\u0107eve: Ni mene moja biolo\u0161ka majka nije \u017eeljela\"}]},{\"@type\":\"WebSite\",\"@id\":\"https:\\\/\\\/radioljubuski.ba\\\/#website\",\"url\":\"https:\\\/\\\/radioljubuski.ba\\\/\",\"name\":\"Radio Ljubu\u0161ki\",\"description\":\"Sun\u010dana frekvencija Hercegovine\",\"publisher\":{\"@id\":\"https:\\\/\\\/radioljubuski.ba\\\/#organization\"},\"potentialAction\":[{\"@type\":\"SearchAction\",\"target\":{\"@type\":\"EntryPoint\",\"urlTemplate\":\"https:\\\/\\\/radioljubuski.ba\\\/?s={search_term_string}\"},\"query-input\":{\"@type\":\"PropertyValueSpecification\",\"valueRequired\":true,\"valueName\":\"search_term_string\"}}],\"inLanguage\":\"hr\"},{\"@type\":\"Organization\",\"@id\":\"https:\\\/\\\/radioljubuski.ba\\\/#organization\",\"name\":\"Radio Ljubu\u0161ki\",\"url\":\"https:\\\/\\\/radioljubuski.ba\\\/\",\"logo\":{\"@type\":\"ImageObject\",\"inLanguage\":\"hr\",\"@id\":\"https:\\\/\\\/radioljubuski.ba\\\/#\\\/schema\\\/logo\\\/image\\\/\",\"url\":\"https:\\\/\\\/radioljubuski.ba\\\/wp-content\\\/uploads\\\/2021\\\/02\\\/cropped-Radio_Ljubuski_logo1.jpg\",\"contentUrl\":\"https:\\\/\\\/radioljubuski.ba\\\/wp-content\\\/uploads\\\/2021\\\/02\\\/cropped-Radio_Ljubuski_logo1.jpg\",\"width\":512,\"height\":512,\"caption\":\"Radio Ljubu\u0161ki\"},\"image\":{\"@id\":\"https:\\\/\\\/radioljubuski.ba\\\/#\\\/schema\\\/logo\\\/image\\\/\"},\"sameAs\":[\"https:\\\/\\\/www.facebook.com\\\/Radiio-Ljubuski-1490835324566332\",\"https:\\\/\\\/x.com\\\/radioljubuski\",\"https:\\\/\\\/hr.linkedin.com\\\/company\\\/radio-ljubuski\",\"https:\\\/\\\/www.youtube.com\\\/channel\\\/UCHYaeO_n0Db3tjNGudGpXyw\"]},{\"@type\":\"Person\",\"@id\":\"https:\\\/\\\/radioljubuski.ba\\\/#\\\/schema\\\/person\\\/19fc700381a780f69665d7956c469e3b\",\"name\":\"Radio Ljubu\u0161ki\"}]}<\/script>\n<!-- \/ Yoast SEO plugin. -->","yoast_head_json":{"title":"Dijana je posvojeno dijete i nije je \u0161okirao slu\u010daj djevoj\u010dice iz Klai\u0107eve: Ni mene moja biolo\u0161ka majka nije \u017eeljela - RADIO LJUBU\u0160KI","robots":{"index":"index","follow":"follow","max-snippet":"max-snippet:-1","max-image-preview":"max-image-preview:large","max-video-preview":"max-video-preview:-1"},"canonical":"https:\/\/radioljubuski.ba\/index.php\/2021\/04\/05\/dijana-je-posvojeno-dijete-i-nije-je-sokirao-slucaj-djevojcice-iz-klaiceve-ni-mene-moja-bioloska-majka-nije-zeljela\/","og_locale":"hr_HR","og_type":"article","og_title":"Dijana je posvojeno dijete i nije je \u0161okirao slu\u010daj djevoj\u010dice iz Klai\u0107eve: Ni mene moja biolo\u0161ka majka nije \u017eeljela - RADIO LJUBU\u0160KI","og_description":"&#8220;Je l&#8217; vas \u0161okirao slu\u010daj djevoj\u010dice iz Klai\u0107eve? Ho\u0107e vas \u0161okirat ako vam ka\u017eem da mene nije? Usvojena sam daaaavne &#8217;88. godine. Ni\u0161ta, ali ama ba\u0161 ni\u0161ta se od tada promijenilo nije. I tada, biolo\u0161ke roditelje se do zadnjeg nagovaralo da zadr\u017ee dijete, \u010dak i kad je bilo vrlo evidentno da to ne \u017eele. Primjerice, [&hellip;]","og_url":"https:\/\/radioljubuski.ba\/index.php\/2021\/04\/05\/dijana-je-posvojeno-dijete-i-nije-je-sokirao-slucaj-djevojcice-iz-klaiceve-ni-mene-moja-bioloska-majka-nije-zeljela\/","og_site_name":"RADIO LJUBU\u0160KI","article_publisher":"https:\/\/www.facebook.com\/Radiio-Ljubuski-1490835324566332","article_published_time":"2021-04-05T11:59:21+00:00","og_image":[{"width":716,"height":348,"url":"https:\/\/radioljubuski.ba\/wp-content\/uploads\/2021\/04\/333-1.png","type":"image\/png"}],"author":"Radio Ljubu\u0161ki","twitter_card":"summary_large_image","twitter_creator":"@radioljubuski","twitter_site":"@radioljubuski","twitter_misc":{"Napisao\/la":"Radio Ljubu\u0161ki","Procijenjeno vrijeme \u010ditanja":"7 minuta"},"schema":{"@context":"https:\/\/schema.org","@graph":[{"@type":"Article","@id":"https:\/\/radioljubuski.ba\/index.php\/2021\/04\/05\/dijana-je-posvojeno-dijete-i-nije-je-sokirao-slucaj-djevojcice-iz-klaiceve-ni-mene-moja-bioloska-majka-nije-zeljela\/#article","isPartOf":{"@id":"https:\/\/radioljubuski.ba\/index.php\/2021\/04\/05\/dijana-je-posvojeno-dijete-i-nije-je-sokirao-slucaj-djevojcice-iz-klaiceve-ni-mene-moja-bioloska-majka-nije-zeljela\/"},"author":{"name":"Radio Ljubu\u0161ki","@id":"https:\/\/radioljubuski.ba\/#\/schema\/person\/19fc700381a780f69665d7956c469e3b"},"headline":"Dijana je posvojeno dijete i nije je \u0161okirao slu\u010daj djevoj\u010dice iz Klai\u0107eve: Ni mene moja biolo\u0161ka majka nije \u017eeljela","datePublished":"2021-04-05T11:59:21+00:00","mainEntityOfPage":{"@id":"https:\/\/radioljubuski.ba\/index.php\/2021\/04\/05\/dijana-je-posvojeno-dijete-i-nije-je-sokirao-slucaj-djevojcice-iz-klaiceve-ni-mene-moja-bioloska-majka-nije-zeljela\/"},"wordCount":1376,"publisher":{"@id":"https:\/\/radioljubuski.ba\/#organization"},"image":{"@id":"https:\/\/radioljubuski.ba\/index.php\/2021\/04\/05\/dijana-je-posvojeno-dijete-i-nije-je-sokirao-slucaj-djevojcice-iz-klaiceve-ni-mene-moja-bioloska-majka-nije-zeljela\/#primaryimage"},"thumbnailUrl":"https:\/\/radioljubuski.ba\/wp-content\/uploads\/2021\/04\/333-1.png","articleSection":["BIH i regija"],"inLanguage":"hr"},{"@type":"WebPage","@id":"https:\/\/radioljubuski.ba\/index.php\/2021\/04\/05\/dijana-je-posvojeno-dijete-i-nije-je-sokirao-slucaj-djevojcice-iz-klaiceve-ni-mene-moja-bioloska-majka-nije-zeljela\/","url":"https:\/\/radioljubuski.ba\/index.php\/2021\/04\/05\/dijana-je-posvojeno-dijete-i-nije-je-sokirao-slucaj-djevojcice-iz-klaiceve-ni-mene-moja-bioloska-majka-nije-zeljela\/","name":"Dijana je posvojeno dijete i nije je \u0161okirao slu\u010daj djevoj\u010dice iz Klai\u0107eve: Ni mene moja biolo\u0161ka majka nije \u017eeljela - RADIO LJUBU\u0160KI","isPartOf":{"@id":"https:\/\/radioljubuski.ba\/#website"},"primaryImageOfPage":{"@id":"https:\/\/radioljubuski.ba\/index.php\/2021\/04\/05\/dijana-je-posvojeno-dijete-i-nije-je-sokirao-slucaj-djevojcice-iz-klaiceve-ni-mene-moja-bioloska-majka-nije-zeljela\/#primaryimage"},"image":{"@id":"https:\/\/radioljubuski.ba\/index.php\/2021\/04\/05\/dijana-je-posvojeno-dijete-i-nije-je-sokirao-slucaj-djevojcice-iz-klaiceve-ni-mene-moja-bioloska-majka-nije-zeljela\/#primaryimage"},"thumbnailUrl":"https:\/\/radioljubuski.ba\/wp-content\/uploads\/2021\/04\/333-1.png","datePublished":"2021-04-05T11:59:21+00:00","breadcrumb":{"@id":"https:\/\/radioljubuski.ba\/index.php\/2021\/04\/05\/dijana-je-posvojeno-dijete-i-nije-je-sokirao-slucaj-djevojcice-iz-klaiceve-ni-mene-moja-bioloska-majka-nije-zeljela\/#breadcrumb"},"inLanguage":"hr","potentialAction":[{"@type":"ReadAction","target":["https:\/\/radioljubuski.ba\/index.php\/2021\/04\/05\/dijana-je-posvojeno-dijete-i-nije-je-sokirao-slucaj-djevojcice-iz-klaiceve-ni-mene-moja-bioloska-majka-nije-zeljela\/"]}]},{"@type":"ImageObject","inLanguage":"hr","@id":"https:\/\/radioljubuski.ba\/index.php\/2021\/04\/05\/dijana-je-posvojeno-dijete-i-nije-je-sokirao-slucaj-djevojcice-iz-klaiceve-ni-mene-moja-bioloska-majka-nije-zeljela\/#primaryimage","url":"https:\/\/radioljubuski.ba\/wp-content\/uploads\/2021\/04\/333-1.png","contentUrl":"https:\/\/radioljubuski.ba\/wp-content\/uploads\/2021\/04\/333-1.png","width":716,"height":348},{"@type":"BreadcrumbList","@id":"https:\/\/radioljubuski.ba\/index.php\/2021\/04\/05\/dijana-je-posvojeno-dijete-i-nije-je-sokirao-slucaj-djevojcice-iz-klaiceve-ni-mene-moja-bioloska-majka-nije-zeljela\/#breadcrumb","itemListElement":[{"@type":"ListItem","position":1,"name":"Po\u010detna stranica","item":"https:\/\/radioljubuski.ba\/"},{"@type":"ListItem","position":2,"name":"Dijana je posvojeno dijete i nije je \u0161okirao slu\u010daj djevoj\u010dice iz Klai\u0107eve: Ni mene moja biolo\u0161ka majka nije \u017eeljela"}]},{"@type":"WebSite","@id":"https:\/\/radioljubuski.ba\/#website","url":"https:\/\/radioljubuski.ba\/","name":"Radio Ljubu\u0161ki","description":"Sun\u010dana frekvencija Hercegovine","publisher":{"@id":"https:\/\/radioljubuski.ba\/#organization"},"potentialAction":[{"@type":"SearchAction","target":{"@type":"EntryPoint","urlTemplate":"https:\/\/radioljubuski.ba\/?s={search_term_string}"},"query-input":{"@type":"PropertyValueSpecification","valueRequired":true,"valueName":"search_term_string"}}],"inLanguage":"hr"},{"@type":"Organization","@id":"https:\/\/radioljubuski.ba\/#organization","name":"Radio Ljubu\u0161ki","url":"https:\/\/radioljubuski.ba\/","logo":{"@type":"ImageObject","inLanguage":"hr","@id":"https:\/\/radioljubuski.ba\/#\/schema\/logo\/image\/","url":"https:\/\/radioljubuski.ba\/wp-content\/uploads\/2021\/02\/cropped-Radio_Ljubuski_logo1.jpg","contentUrl":"https:\/\/radioljubuski.ba\/wp-content\/uploads\/2021\/02\/cropped-Radio_Ljubuski_logo1.jpg","width":512,"height":512,"caption":"Radio Ljubu\u0161ki"},"image":{"@id":"https:\/\/radioljubuski.ba\/#\/schema\/logo\/image\/"},"sameAs":["https:\/\/www.facebook.com\/Radiio-Ljubuski-1490835324566332","https:\/\/x.com\/radioljubuski","https:\/\/hr.linkedin.com\/company\/radio-ljubuski","https:\/\/www.youtube.com\/channel\/UCHYaeO_n0Db3tjNGudGpXyw"]},{"@type":"Person","@id":"https:\/\/radioljubuski.ba\/#\/schema\/person\/19fc700381a780f69665d7956c469e3b","name":"Radio Ljubu\u0161ki"}]}},"_links":{"self":[{"href":"https:\/\/radioljubuski.ba\/index.php\/wp-json\/wp\/v2\/posts\/9701","targetHints":{"allow":["GET"]}}],"collection":[{"href":"https:\/\/radioljubuski.ba\/index.php\/wp-json\/wp\/v2\/posts"}],"about":[{"href":"https:\/\/radioljubuski.ba\/index.php\/wp-json\/wp\/v2\/types\/post"}],"author":[{"embeddable":true,"href":"https:\/\/radioljubuski.ba\/index.php\/wp-json\/wp\/v2\/users\/2"}],"replies":[{"embeddable":true,"href":"https:\/\/radioljubuski.ba\/index.php\/wp-json\/wp\/v2\/comments?post=9701"}],"version-history":[{"count":1,"href":"https:\/\/radioljubuski.ba\/index.php\/wp-json\/wp\/v2\/posts\/9701\/revisions"}],"predecessor-version":[{"id":9703,"href":"https:\/\/radioljubuski.ba\/index.php\/wp-json\/wp\/v2\/posts\/9701\/revisions\/9703"}],"wp:featuredmedia":[{"embeddable":true,"href":"https:\/\/radioljubuski.ba\/index.php\/wp-json\/wp\/v2\/media\/9702"}],"wp:attachment":[{"href":"https:\/\/radioljubuski.ba\/index.php\/wp-json\/wp\/v2\/media?parent=9701"}],"wp:term":[{"taxonomy":"category","embeddable":true,"href":"https:\/\/radioljubuski.ba\/index.php\/wp-json\/wp\/v2\/categories?post=9701"},{"taxonomy":"post_tag","embeddable":true,"href":"https:\/\/radioljubuski.ba\/index.php\/wp-json\/wp\/v2\/tags?post=9701"}],"curies":[{"name":"wp","href":"https:\/\/api.w.org\/{rel}","templated":true}]}}