{"id":97271,"date":"2021-12-08T11:17:10","date_gmt":"2021-12-08T10:17:10","guid":{"rendered":"https:\/\/radioljubuski.ba\/?p=97271"},"modified":"2021-12-10T01:04:33","modified_gmt":"2021-12-10T00:04:33","slug":"predstavljena-knjiga-grad-bez-ptica-anite-martinac-audio-i-foto","status":"publish","type":"post","link":"https:\/\/radioljubuski.ba\/index.php\/2021\/12\/08\/predstavljena-knjiga-grad-bez-ptica-anite-martinac-audio-i-foto\/","title":{"rendered":"Predstavljena knjiga &#8220;Grad bez ptica&#8221; Anite Martinac &#8211; audio i foto"},"content":{"rendered":"\n<p>U utorak 7. prosinca u Kulturnom centru u Ljubu\u0161kom predstavljen je roman autorice Anite Martinac \u201eGrad bez ptica\u201c. <\/p>\n\n\n\n<p>O knjizi su, osim autorice Martinac, govorili Vesna Papac Slobo\u0111an&nbsp;i predsjednik Matice hrvatske \u010citluk Andrija Stoji\u0107, koji je ujedno i moderirao programom.<\/p>\n\n\n\n<p>Na samom po\u010detku nazo\u010dne je u ime organizatora, pozdravio Ivica Vizentaner podsjetiv\u0161i da se roman predstavlja u okviru manifestacija &#8220;Advent u Knji\u017enici Ljubu\u0161ki&#8221; i &#8220;Bo\u017ei\u0107ni susret s Maticom u Brotnju&#8221;.<\/p>\n\n\n\n<p>Vesna Papac Slobo\u0111an je pro\u010ditala kritiku i recenziju knjige koju je napisao Stanislav Vukorep koji zbog bolesti nije mogao do\u0107i. <\/p>\n\n\n\n<p>&#8211;&nbsp;Tematika kojom se spisateljica bavi od izuzetnog je zna\u010daja za hrvatski narod. Ovaj je roman samo nastavak epizoda u povijesnom kontekstu hrvatskog naroda koje je Anita uspje\u0161no, \u010dinjeni\u010dno, s prijekom potrebom iznijela, prethodno se, u prija\u0161njim romanima, dotakav\u0161i hrvatske tragedije u Drugom svjetskom ratu i pora\u0107u. Kako se imperijalisti\u010dke te\u017enje nisu sti\u0161ale te se dogodila &#8217;91., Anita je zasukala pero te zabilje\u017eila i noviju hrvatsku povijest. Branitelji, kojih se doti\u010de u romanu, goloruki naspram tada\u0161nje velike sile opremljene za &#8216;novi Vukovar&#8217; u Mostaru nisu imali ni\u0161ta osim ljubavi&nbsp;&#8211; pro\u010ditala je, izme\u0111u ostalog, Vesna Papac Slobo\u0111an iz recenzije Stanislava Vukorepa.<\/p>\n\n\n\n<p>Prof. Andrija Stoji\u0107 je govore\u0107i vi\u0161e o autorici izme\u0111u ostalog kazao: \u201eDug je bio put od pripreme do realizacije romana, koji je istinsko svjedo\u010danstvo jednog povijesnog vremena i zanimljivo djelo o Domovinskom ratu, zapravo autobiografski roman iako sama autorica tvrdi kako je samo ovdje stavila rije\u010di na papir i da su te rije\u010di djela i zasluge njezinih suboraca\u201c.<\/p>\n\n\n\n<p>Pri kraju promocije, uz izraze dobrodo\u0161lice i \u010destitke, buket cvije\u0107a autorici je uru\u010dio gradona\u010delnik Ljubu\u0161kog Vedran Markoti\u0107.<\/p>\n\n\n\n<p>U glazbenom dijelu programa nastupila je Eva Martinac.<\/p>\n\n\n\n<p>Poslu\u0161ajte razgovor s Anitom Martinac<\/p>\n\n\n\n<iframe src=\"https:\/\/nestonesto\/preview\" style=\"width: 100%; height: 100px;\"><\/iframe>\n\n\n\n<iframe loading=\"lazy\" src=\"https:\/\/www.facebook.com\/plugins\/post.php?href=https%3A%2F%2Fwww.facebook.com%2Fpermalink.php%3Fstory_fbid%3D10160139532645101%26id%3D168112865100&amp;show_text=true&amp;width=500\" width=\"500\" height=\"646\" style=\"border:none;overflow:hidden\" scrolling=\"no\" frameborder=\"0\" allowfullscreen=\"true\" allow=\"autoplay; clipboard-write; encrypted-media; picture-in-picture; web-share\"><\/iframe>\n\n\n\n<p><strong>Mile Kraljevi\u0107 \/ Radio Ljubu\u0161ki<\/strong><\/p>\n","protected":false},"excerpt":{"rendered":"<p>U utorak 7. prosinca u Kulturnom centru u Ljubu\u0161kom predstavljen je roman autorice Anite Martinac \u201eGrad bez ptica\u201c. O knjizi su, osim autorice Martinac, govorili Vesna Papac Slobo\u0111an&nbsp;i predsjednik Matice hrvatske \u010citluk Andrija Stoji\u0107, koji je ujedno i moderirao programom. Na samom po\u010detku nazo\u010dne je u ime organizatora, pozdravio Ivica Vizentaner podsjetiv\u0161i da se roman [&hellip;]<\/p>\n","protected":false},"author":2,"featured_media":97281,"comment_status":"closed","ping_status":"closed","sticky":false,"template":"","format":"standard","meta":{"h5ap_radio_sources":[],"footnotes":""},"categories":[8],"tags":[],"class_list":["post-97271","post","type-post","status-publish","format-standard","has-post-thumbnail","hentry","category-rlj-audio"],"yoast_head":"<!-- This site is optimized with the Yoast SEO plugin v27.4 - https:\/\/yoast.com\/product\/yoast-seo-wordpress\/ -->\n<title>Predstavljena knjiga &quot;Grad bez ptica&quot; Anite Martinac - audio i foto - RADIO LJUBU\u0160KI<\/title>\n<meta name=\"robots\" content=\"index, follow, max-snippet:-1, max-image-preview:large, max-video-preview:-1\" \/>\n<link rel=\"canonical\" href=\"https:\/\/radioljubuski.ba\/index.php\/2021\/12\/08\/predstavljena-knjiga-grad-bez-ptica-anite-martinac-audio-i-foto\/\" \/>\n<meta property=\"og:locale\" content=\"hr_HR\" \/>\n<meta property=\"og:type\" content=\"article\" \/>\n<meta property=\"og:title\" content=\"Predstavljena knjiga &quot;Grad bez ptica&quot; Anite Martinac - audio i foto - RADIO LJUBU\u0160KI\" \/>\n<meta property=\"og:description\" content=\"U utorak 7. prosinca u Kulturnom centru u Ljubu\u0161kom predstavljen je roman autorice Anite Martinac \u201eGrad bez ptica\u201c. O knjizi su, osim autorice Martinac, govorili Vesna Papac Slobo\u0111an&nbsp;i predsjednik Matice hrvatske \u010citluk Andrija Stoji\u0107, koji je ujedno i moderirao programom. Na samom po\u010detku nazo\u010dne je u ime organizatora, pozdravio Ivica Vizentaner podsjetiv\u0161i da se roman [&hellip;]\" \/>\n<meta property=\"og:url\" content=\"https:\/\/radioljubuski.ba\/index.php\/2021\/12\/08\/predstavljena-knjiga-grad-bez-ptica-anite-martinac-audio-i-foto\/\" \/>\n<meta property=\"og:site_name\" content=\"RADIO LJUBU\u0160KI\" \/>\n<meta property=\"article:publisher\" content=\"https:\/\/www.facebook.com\/Radiio-Ljubuski-1490835324566332\" \/>\n<meta property=\"article:published_time\" content=\"2021-12-08T10:17:10+00:00\" \/>\n<meta property=\"article:modified_time\" content=\"2021-12-10T00:04:33+00:00\" \/>\n<meta property=\"og:image\" content=\"https:\/\/radioljubuski.ba\/wp-content\/uploads\/2021\/12\/anita-martinac.jpg\" \/>\n\t<meta property=\"og:image:width\" content=\"1024\" \/>\n\t<meta property=\"og:image:height\" content=\"724\" \/>\n\t<meta property=\"og:image:type\" content=\"image\/jpeg\" \/>\n<meta name=\"author\" content=\"Radio Ljubu\u0161ki\" \/>\n<meta name=\"twitter:card\" content=\"summary_large_image\" \/>\n<meta name=\"twitter:creator\" content=\"@radioljubuski\" \/>\n<meta name=\"twitter:site\" content=\"@radioljubuski\" \/>\n<meta name=\"twitter:label1\" content=\"Napisao\/la\" \/>\n\t<meta name=\"twitter:data1\" content=\"Radio Ljubu\u0161ki\" \/>\n\t<meta name=\"twitter:label2\" content=\"Procijenjeno vrijeme \u010ditanja\" \/>\n\t<meta name=\"twitter:data2\" content=\"2 minute\" \/>\n<script type=\"application\/ld+json\" class=\"yoast-schema-graph\">{\"@context\":\"https:\\\/\\\/schema.org\",\"@graph\":[{\"@type\":\"Article\",\"@id\":\"https:\\\/\\\/radioljubuski.ba\\\/index.php\\\/2021\\\/12\\\/08\\\/predstavljena-knjiga-grad-bez-ptica-anite-martinac-audio-i-foto\\\/#article\",\"isPartOf\":{\"@id\":\"https:\\\/\\\/radioljubuski.ba\\\/index.php\\\/2021\\\/12\\\/08\\\/predstavljena-knjiga-grad-bez-ptica-anite-martinac-audio-i-foto\\\/\"},\"author\":{\"name\":\"Radio Ljubu\u0161ki\",\"@id\":\"https:\\\/\\\/radioljubuski.ba\\\/#\\\/schema\\\/person\\\/19fc700381a780f69665d7956c469e3b\"},\"headline\":\"Predstavljena knjiga &#8220;Grad bez ptica&#8221; Anite Martinac &#8211; audio i foto\",\"datePublished\":\"2021-12-08T10:17:10+00:00\",\"dateModified\":\"2021-12-10T00:04:33+00:00\",\"mainEntityOfPage\":{\"@id\":\"https:\\\/\\\/radioljubuski.ba\\\/index.php\\\/2021\\\/12\\\/08\\\/predstavljena-knjiga-grad-bez-ptica-anite-martinac-audio-i-foto\\\/\"},\"wordCount\":337,\"publisher\":{\"@id\":\"https:\\\/\\\/radioljubuski.ba\\\/#organization\"},\"image\":{\"@id\":\"https:\\\/\\\/radioljubuski.ba\\\/index.php\\\/2021\\\/12\\\/08\\\/predstavljena-knjiga-grad-bez-ptica-anite-martinac-audio-i-foto\\\/#primaryimage\"},\"thumbnailUrl\":\"https:\\\/\\\/radioljubuski.ba\\\/wp-content\\\/uploads\\\/2021\\\/12\\\/anita-martinac.jpg\",\"articleSection\":[\"RLJ Audio\"],\"inLanguage\":\"hr\"},{\"@type\":\"WebPage\",\"@id\":\"https:\\\/\\\/radioljubuski.ba\\\/index.php\\\/2021\\\/12\\\/08\\\/predstavljena-knjiga-grad-bez-ptica-anite-martinac-audio-i-foto\\\/\",\"url\":\"https:\\\/\\\/radioljubuski.ba\\\/index.php\\\/2021\\\/12\\\/08\\\/predstavljena-knjiga-grad-bez-ptica-anite-martinac-audio-i-foto\\\/\",\"name\":\"Predstavljena knjiga \\\"Grad bez ptica\\\" Anite Martinac - audio i foto - RADIO LJUBU\u0160KI\",\"isPartOf\":{\"@id\":\"https:\\\/\\\/radioljubuski.ba\\\/#website\"},\"primaryImageOfPage\":{\"@id\":\"https:\\\/\\\/radioljubuski.ba\\\/index.php\\\/2021\\\/12\\\/08\\\/predstavljena-knjiga-grad-bez-ptica-anite-martinac-audio-i-foto\\\/#primaryimage\"},\"image\":{\"@id\":\"https:\\\/\\\/radioljubuski.ba\\\/index.php\\\/2021\\\/12\\\/08\\\/predstavljena-knjiga-grad-bez-ptica-anite-martinac-audio-i-foto\\\/#primaryimage\"},\"thumbnailUrl\":\"https:\\\/\\\/radioljubuski.ba\\\/wp-content\\\/uploads\\\/2021\\\/12\\\/anita-martinac.jpg\",\"datePublished\":\"2021-12-08T10:17:10+00:00\",\"dateModified\":\"2021-12-10T00:04:33+00:00\",\"breadcrumb\":{\"@id\":\"https:\\\/\\\/radioljubuski.ba\\\/index.php\\\/2021\\\/12\\\/08\\\/predstavljena-knjiga-grad-bez-ptica-anite-martinac-audio-i-foto\\\/#breadcrumb\"},\"inLanguage\":\"hr\",\"potentialAction\":[{\"@type\":\"ReadAction\",\"target\":[\"https:\\\/\\\/radioljubuski.ba\\\/index.php\\\/2021\\\/12\\\/08\\\/predstavljena-knjiga-grad-bez-ptica-anite-martinac-audio-i-foto\\\/\"]}]},{\"@type\":\"ImageObject\",\"inLanguage\":\"hr\",\"@id\":\"https:\\\/\\\/radioljubuski.ba\\\/index.php\\\/2021\\\/12\\\/08\\\/predstavljena-knjiga-grad-bez-ptica-anite-martinac-audio-i-foto\\\/#primaryimage\",\"url\":\"https:\\\/\\\/radioljubuski.ba\\\/wp-content\\\/uploads\\\/2021\\\/12\\\/anita-martinac.jpg\",\"contentUrl\":\"https:\\\/\\\/radioljubuski.ba\\\/wp-content\\\/uploads\\\/2021\\\/12\\\/anita-martinac.jpg\",\"width\":1024,\"height\":724},{\"@type\":\"BreadcrumbList\",\"@id\":\"https:\\\/\\\/radioljubuski.ba\\\/index.php\\\/2021\\\/12\\\/08\\\/predstavljena-knjiga-grad-bez-ptica-anite-martinac-audio-i-foto\\\/#breadcrumb\",\"itemListElement\":[{\"@type\":\"ListItem\",\"position\":1,\"name\":\"Po\u010detna stranica\",\"item\":\"https:\\\/\\\/radioljubuski.ba\\\/\"},{\"@type\":\"ListItem\",\"position\":2,\"name\":\"Predstavljena knjiga &#8220;Grad bez ptica&#8221; Anite Martinac &#8211; audio i foto\"}]},{\"@type\":\"WebSite\",\"@id\":\"https:\\\/\\\/radioljubuski.ba\\\/#website\",\"url\":\"https:\\\/\\\/radioljubuski.ba\\\/\",\"name\":\"Radio Ljubu\u0161ki\",\"description\":\"Sun\u010dana frekvencija Hercegovine\",\"publisher\":{\"@id\":\"https:\\\/\\\/radioljubuski.ba\\\/#organization\"},\"potentialAction\":[{\"@type\":\"SearchAction\",\"target\":{\"@type\":\"EntryPoint\",\"urlTemplate\":\"https:\\\/\\\/radioljubuski.ba\\\/?s={search_term_string}\"},\"query-input\":{\"@type\":\"PropertyValueSpecification\",\"valueRequired\":true,\"valueName\":\"search_term_string\"}}],\"inLanguage\":\"hr\"},{\"@type\":\"Organization\",\"@id\":\"https:\\\/\\\/radioljubuski.ba\\\/#organization\",\"name\":\"Radio Ljubu\u0161ki\",\"url\":\"https:\\\/\\\/radioljubuski.ba\\\/\",\"logo\":{\"@type\":\"ImageObject\",\"inLanguage\":\"hr\",\"@id\":\"https:\\\/\\\/radioljubuski.ba\\\/#\\\/schema\\\/logo\\\/image\\\/\",\"url\":\"https:\\\/\\\/radioljubuski.ba\\\/wp-content\\\/uploads\\\/2021\\\/02\\\/cropped-Radio_Ljubuski_logo1.jpg\",\"contentUrl\":\"https:\\\/\\\/radioljubuski.ba\\\/wp-content\\\/uploads\\\/2021\\\/02\\\/cropped-Radio_Ljubuski_logo1.jpg\",\"width\":512,\"height\":512,\"caption\":\"Radio Ljubu\u0161ki\"},\"image\":{\"@id\":\"https:\\\/\\\/radioljubuski.ba\\\/#\\\/schema\\\/logo\\\/image\\\/\"},\"sameAs\":[\"https:\\\/\\\/www.facebook.com\\\/Radiio-Ljubuski-1490835324566332\",\"https:\\\/\\\/x.com\\\/radioljubuski\",\"https:\\\/\\\/hr.linkedin.com\\\/company\\\/radio-ljubuski\",\"https:\\\/\\\/www.youtube.com\\\/channel\\\/UCHYaeO_n0Db3tjNGudGpXyw\"]},{\"@type\":\"Person\",\"@id\":\"https:\\\/\\\/radioljubuski.ba\\\/#\\\/schema\\\/person\\\/19fc700381a780f69665d7956c469e3b\",\"name\":\"Radio Ljubu\u0161ki\"}]}<\/script>\n<!-- \/ Yoast SEO plugin. -->","yoast_head_json":{"title":"Predstavljena knjiga \"Grad bez ptica\" Anite Martinac - audio i foto - RADIO LJUBU\u0160KI","robots":{"index":"index","follow":"follow","max-snippet":"max-snippet:-1","max-image-preview":"max-image-preview:large","max-video-preview":"max-video-preview:-1"},"canonical":"https:\/\/radioljubuski.ba\/index.php\/2021\/12\/08\/predstavljena-knjiga-grad-bez-ptica-anite-martinac-audio-i-foto\/","og_locale":"hr_HR","og_type":"article","og_title":"Predstavljena knjiga \"Grad bez ptica\" Anite Martinac - audio i foto - RADIO LJUBU\u0160KI","og_description":"U utorak 7. prosinca u Kulturnom centru u Ljubu\u0161kom predstavljen je roman autorice Anite Martinac \u201eGrad bez ptica\u201c. O knjizi su, osim autorice Martinac, govorili Vesna Papac Slobo\u0111an&nbsp;i predsjednik Matice hrvatske \u010citluk Andrija Stoji\u0107, koji je ujedno i moderirao programom. Na samom po\u010detku nazo\u010dne je u ime organizatora, pozdravio Ivica Vizentaner podsjetiv\u0161i da se roman [&hellip;]","og_url":"https:\/\/radioljubuski.ba\/index.php\/2021\/12\/08\/predstavljena-knjiga-grad-bez-ptica-anite-martinac-audio-i-foto\/","og_site_name":"RADIO LJUBU\u0160KI","article_publisher":"https:\/\/www.facebook.com\/Radiio-Ljubuski-1490835324566332","article_published_time":"2021-12-08T10:17:10+00:00","article_modified_time":"2021-12-10T00:04:33+00:00","og_image":[{"width":1024,"height":724,"url":"https:\/\/radioljubuski.ba\/wp-content\/uploads\/2021\/12\/anita-martinac.jpg","type":"image\/jpeg"}],"author":"Radio Ljubu\u0161ki","twitter_card":"summary_large_image","twitter_creator":"@radioljubuski","twitter_site":"@radioljubuski","twitter_misc":{"Napisao\/la":"Radio Ljubu\u0161ki","Procijenjeno vrijeme \u010ditanja":"2 minute"},"schema":{"@context":"https:\/\/schema.org","@graph":[{"@type":"Article","@id":"https:\/\/radioljubuski.ba\/index.php\/2021\/12\/08\/predstavljena-knjiga-grad-bez-ptica-anite-martinac-audio-i-foto\/#article","isPartOf":{"@id":"https:\/\/radioljubuski.ba\/index.php\/2021\/12\/08\/predstavljena-knjiga-grad-bez-ptica-anite-martinac-audio-i-foto\/"},"author":{"name":"Radio Ljubu\u0161ki","@id":"https:\/\/radioljubuski.ba\/#\/schema\/person\/19fc700381a780f69665d7956c469e3b"},"headline":"Predstavljena knjiga &#8220;Grad bez ptica&#8221; Anite Martinac &#8211; audio i foto","datePublished":"2021-12-08T10:17:10+00:00","dateModified":"2021-12-10T00:04:33+00:00","mainEntityOfPage":{"@id":"https:\/\/radioljubuski.ba\/index.php\/2021\/12\/08\/predstavljena-knjiga-grad-bez-ptica-anite-martinac-audio-i-foto\/"},"wordCount":337,"publisher":{"@id":"https:\/\/radioljubuski.ba\/#organization"},"image":{"@id":"https:\/\/radioljubuski.ba\/index.php\/2021\/12\/08\/predstavljena-knjiga-grad-bez-ptica-anite-martinac-audio-i-foto\/#primaryimage"},"thumbnailUrl":"https:\/\/radioljubuski.ba\/wp-content\/uploads\/2021\/12\/anita-martinac.jpg","articleSection":["RLJ Audio"],"inLanguage":"hr"},{"@type":"WebPage","@id":"https:\/\/radioljubuski.ba\/index.php\/2021\/12\/08\/predstavljena-knjiga-grad-bez-ptica-anite-martinac-audio-i-foto\/","url":"https:\/\/radioljubuski.ba\/index.php\/2021\/12\/08\/predstavljena-knjiga-grad-bez-ptica-anite-martinac-audio-i-foto\/","name":"Predstavljena knjiga \"Grad bez ptica\" Anite Martinac - audio i foto - RADIO LJUBU\u0160KI","isPartOf":{"@id":"https:\/\/radioljubuski.ba\/#website"},"primaryImageOfPage":{"@id":"https:\/\/radioljubuski.ba\/index.php\/2021\/12\/08\/predstavljena-knjiga-grad-bez-ptica-anite-martinac-audio-i-foto\/#primaryimage"},"image":{"@id":"https:\/\/radioljubuski.ba\/index.php\/2021\/12\/08\/predstavljena-knjiga-grad-bez-ptica-anite-martinac-audio-i-foto\/#primaryimage"},"thumbnailUrl":"https:\/\/radioljubuski.ba\/wp-content\/uploads\/2021\/12\/anita-martinac.jpg","datePublished":"2021-12-08T10:17:10+00:00","dateModified":"2021-12-10T00:04:33+00:00","breadcrumb":{"@id":"https:\/\/radioljubuski.ba\/index.php\/2021\/12\/08\/predstavljena-knjiga-grad-bez-ptica-anite-martinac-audio-i-foto\/#breadcrumb"},"inLanguage":"hr","potentialAction":[{"@type":"ReadAction","target":["https:\/\/radioljubuski.ba\/index.php\/2021\/12\/08\/predstavljena-knjiga-grad-bez-ptica-anite-martinac-audio-i-foto\/"]}]},{"@type":"ImageObject","inLanguage":"hr","@id":"https:\/\/radioljubuski.ba\/index.php\/2021\/12\/08\/predstavljena-knjiga-grad-bez-ptica-anite-martinac-audio-i-foto\/#primaryimage","url":"https:\/\/radioljubuski.ba\/wp-content\/uploads\/2021\/12\/anita-martinac.jpg","contentUrl":"https:\/\/radioljubuski.ba\/wp-content\/uploads\/2021\/12\/anita-martinac.jpg","width":1024,"height":724},{"@type":"BreadcrumbList","@id":"https:\/\/radioljubuski.ba\/index.php\/2021\/12\/08\/predstavljena-knjiga-grad-bez-ptica-anite-martinac-audio-i-foto\/#breadcrumb","itemListElement":[{"@type":"ListItem","position":1,"name":"Po\u010detna stranica","item":"https:\/\/radioljubuski.ba\/"},{"@type":"ListItem","position":2,"name":"Predstavljena knjiga &#8220;Grad bez ptica&#8221; Anite Martinac &#8211; audio i foto"}]},{"@type":"WebSite","@id":"https:\/\/radioljubuski.ba\/#website","url":"https:\/\/radioljubuski.ba\/","name":"Radio Ljubu\u0161ki","description":"Sun\u010dana frekvencija Hercegovine","publisher":{"@id":"https:\/\/radioljubuski.ba\/#organization"},"potentialAction":[{"@type":"SearchAction","target":{"@type":"EntryPoint","urlTemplate":"https:\/\/radioljubuski.ba\/?s={search_term_string}"},"query-input":{"@type":"PropertyValueSpecification","valueRequired":true,"valueName":"search_term_string"}}],"inLanguage":"hr"},{"@type":"Organization","@id":"https:\/\/radioljubuski.ba\/#organization","name":"Radio Ljubu\u0161ki","url":"https:\/\/radioljubuski.ba\/","logo":{"@type":"ImageObject","inLanguage":"hr","@id":"https:\/\/radioljubuski.ba\/#\/schema\/logo\/image\/","url":"https:\/\/radioljubuski.ba\/wp-content\/uploads\/2021\/02\/cropped-Radio_Ljubuski_logo1.jpg","contentUrl":"https:\/\/radioljubuski.ba\/wp-content\/uploads\/2021\/02\/cropped-Radio_Ljubuski_logo1.jpg","width":512,"height":512,"caption":"Radio Ljubu\u0161ki"},"image":{"@id":"https:\/\/radioljubuski.ba\/#\/schema\/logo\/image\/"},"sameAs":["https:\/\/www.facebook.com\/Radiio-Ljubuski-1490835324566332","https:\/\/x.com\/radioljubuski","https:\/\/hr.linkedin.com\/company\/radio-ljubuski","https:\/\/www.youtube.com\/channel\/UCHYaeO_n0Db3tjNGudGpXyw"]},{"@type":"Person","@id":"https:\/\/radioljubuski.ba\/#\/schema\/person\/19fc700381a780f69665d7956c469e3b","name":"Radio Ljubu\u0161ki"}]}},"_links":{"self":[{"href":"https:\/\/radioljubuski.ba\/index.php\/wp-json\/wp\/v2\/posts\/97271","targetHints":{"allow":["GET"]}}],"collection":[{"href":"https:\/\/radioljubuski.ba\/index.php\/wp-json\/wp\/v2\/posts"}],"about":[{"href":"https:\/\/radioljubuski.ba\/index.php\/wp-json\/wp\/v2\/types\/post"}],"author":[{"embeddable":true,"href":"https:\/\/radioljubuski.ba\/index.php\/wp-json\/wp\/v2\/users\/2"}],"replies":[{"embeddable":true,"href":"https:\/\/radioljubuski.ba\/index.php\/wp-json\/wp\/v2\/comments?post=97271"}],"version-history":[{"count":2,"href":"https:\/\/radioljubuski.ba\/index.php\/wp-json\/wp\/v2\/posts\/97271\/revisions"}],"predecessor-version":[{"id":98214,"href":"https:\/\/radioljubuski.ba\/index.php\/wp-json\/wp\/v2\/posts\/97271\/revisions\/98214"}],"wp:featuredmedia":[{"embeddable":true,"href":"https:\/\/radioljubuski.ba\/index.php\/wp-json\/wp\/v2\/media\/97281"}],"wp:attachment":[{"href":"https:\/\/radioljubuski.ba\/index.php\/wp-json\/wp\/v2\/media?parent=97271"}],"wp:term":[{"taxonomy":"category","embeddable":true,"href":"https:\/\/radioljubuski.ba\/index.php\/wp-json\/wp\/v2\/categories?post=97271"},{"taxonomy":"post_tag","embeddable":true,"href":"https:\/\/radioljubuski.ba\/index.php\/wp-json\/wp\/v2\/tags?post=97271"}],"curies":[{"name":"wp","href":"https:\/\/api.w.org\/{rel}","templated":true}]}}