{"id":9760,"date":"2021-04-05T17:41:25","date_gmt":"2021-04-05T16:41:25","guid":{"rendered":"https:\/\/radioljubuski.ba\/?p=9760"},"modified":"2021-04-05T17:41:26","modified_gmt":"2021-04-05T16:41:26","slug":"papa-posvetio-uskrsnu-molitvu-starijima-i-bolesnima","status":"publish","type":"post","link":"https:\/\/radioljubuski.ba\/index.php\/2021\/04\/05\/papa-posvetio-uskrsnu-molitvu-starijima-i-bolesnima\/","title":{"rendered":"Papa posvetio uskrsnu molitvu starijima i bolesnima"},"content":{"rendered":"\n<p><strong>Papa Franjo posvetio je svoju popodnevnu javnu molitvu na Uskrsni ponedjeljak starijima i bolesnima, kao i \u0161ti\u0107enicima stara\u010dkih domova, rekav\u0161i da se nada da su im njegove rije\u010di dale ohrabrenje i nadu.<\/strong><\/p>\n\n\n\n<p>Molitvu poznatu kao Regina Caeli (Kraljice neba) izmolio je u Vatikanu i prenosila se na internetu. Slu\u017ebeno je njome zavr\u0161eno uskrsno slavlje u Katoli\u010dkoj crkvi.<br><br>Ovo je druga godina zaredom da je \u010delnik Crkve u Vatikanu morao prevoditi uskrsno slavlje u spomen uskrsnu\u0107a Isusa Krista pod strogim pandemijskom mjerama.<br><br>Nije bilo hodo\u010da\u0161\u0107a u Rimu tijekom vikenda i veliki trg Svetog Petra u ponedjeljak je bio gotovo prazan.<br><br>Uskrs je vrhunac crkvene godine za kr\u0161\u0107ane vjernike.<br><br>U uskrsnoj poruci u nedjelju,&nbsp;<strong>papa Franjo<\/strong>&nbsp;pozvao je na vi\u0161e cijepljenja protiv COVID-19 i u siroma\u0161nijim zemljama, pred nekoliko sudionika u bazilici Svetog Petra.<br><br>Argentinski Papa upozorio je i na ratove i utrke naoru\u017eavanja u svijetu.<\/p>\n\n\n\n<p>Izvor:hrt.hr<\/p>\n","protected":false},"excerpt":{"rendered":"<p>Papa Franjo posvetio je svoju popodnevnu javnu molitvu na Uskrsni ponedjeljak starijima i bolesnima, kao i \u0161ti\u0107enicima stara\u010dkih domova, rekav\u0161i da se nada da su im njegove rije\u010di dale ohrabrenje i nadu. Molitvu poznatu kao Regina Caeli (Kraljice neba) izmolio je u Vatikanu i prenosila se na internetu. Slu\u017ebeno je njome zavr\u0161eno uskrsno slavlje u [&hellip;]<\/p>\n","protected":false},"author":2,"featured_media":9761,"comment_status":"closed","ping_status":"closed","sticky":false,"template":"","format":"standard","meta":{"h5ap_radio_sources":[],"footnotes":""},"categories":[1],"tags":[],"class_list":["post-9760","post","type-post","status-publish","format-standard","has-post-thumbnail","hentry","category-bihiregija"],"yoast_head":"<!-- This site is optimized with the Yoast SEO plugin v27.5 - https:\/\/yoast.com\/product\/yoast-seo-wordpress\/ -->\n<title>Papa posvetio uskrsnu molitvu starijima i bolesnima - RADIO LJUBU\u0160KI<\/title>\n<meta name=\"robots\" content=\"index, follow, max-snippet:-1, max-image-preview:large, max-video-preview:-1\" \/>\n<link rel=\"canonical\" href=\"https:\/\/radioljubuski.ba\/index.php\/2021\/04\/05\/papa-posvetio-uskrsnu-molitvu-starijima-i-bolesnima\/\" \/>\n<meta property=\"og:locale\" content=\"hr_HR\" \/>\n<meta property=\"og:type\" content=\"article\" \/>\n<meta property=\"og:title\" content=\"Papa posvetio uskrsnu molitvu starijima i bolesnima - RADIO LJUBU\u0160KI\" \/>\n<meta property=\"og:description\" content=\"Papa Franjo posvetio je svoju popodnevnu javnu molitvu na Uskrsni ponedjeljak starijima i bolesnima, kao i \u0161ti\u0107enicima stara\u010dkih domova, rekav\u0161i da se nada da su im njegove rije\u010di dale ohrabrenje i nadu. Molitvu poznatu kao Regina Caeli (Kraljice neba) izmolio je u Vatikanu i prenosila se na internetu. Slu\u017ebeno je njome zavr\u0161eno uskrsno slavlje u [&hellip;]\" \/>\n<meta property=\"og:url\" content=\"https:\/\/radioljubuski.ba\/index.php\/2021\/04\/05\/papa-posvetio-uskrsnu-molitvu-starijima-i-bolesnima\/\" \/>\n<meta property=\"og:site_name\" content=\"RADIO LJUBU\u0160KI\" \/>\n<meta property=\"article:publisher\" content=\"https:\/\/www.facebook.com\/Radiio-Ljubuski-1490835324566332\" \/>\n<meta property=\"article:published_time\" content=\"2021-04-05T16:41:25+00:00\" \/>\n<meta property=\"article:modified_time\" content=\"2021-04-05T16:41:26+00:00\" \/>\n<meta property=\"og:image\" content=\"https:\/\/radioljubuski.ba\/wp-content\/uploads\/2021\/04\/papa-rlj.png\" \/>\n\t<meta property=\"og:image:width\" content=\"642\" \/>\n\t<meta property=\"og:image:height\" content=\"358\" \/>\n\t<meta property=\"og:image:type\" content=\"image\/png\" \/>\n<meta name=\"author\" content=\"Radio Ljubu\u0161ki\" \/>\n<meta name=\"twitter:card\" content=\"summary_large_image\" \/>\n<meta name=\"twitter:creator\" content=\"@radioljubuski\" \/>\n<meta name=\"twitter:site\" content=\"@radioljubuski\" \/>\n<meta name=\"twitter:label1\" content=\"Napisao\/la\" \/>\n\t<meta name=\"twitter:data1\" content=\"Radio Ljubu\u0161ki\" \/>\n\t<meta name=\"twitter:label2\" content=\"Procijenjeno vrijeme \u010ditanja\" \/>\n\t<meta name=\"twitter:data2\" content=\"1 minuta\" \/>\n<script type=\"application\/ld+json\" class=\"yoast-schema-graph\">{\"@context\":\"https:\\\/\\\/schema.org\",\"@graph\":[{\"@type\":\"Article\",\"@id\":\"https:\\\/\\\/radioljubuski.ba\\\/index.php\\\/2021\\\/04\\\/05\\\/papa-posvetio-uskrsnu-molitvu-starijima-i-bolesnima\\\/#article\",\"isPartOf\":{\"@id\":\"https:\\\/\\\/radioljubuski.ba\\\/index.php\\\/2021\\\/04\\\/05\\\/papa-posvetio-uskrsnu-molitvu-starijima-i-bolesnima\\\/\"},\"author\":{\"name\":\"Radio Ljubu\u0161ki\",\"@id\":\"https:\\\/\\\/radioljubuski.ba\\\/#\\\/schema\\\/person\\\/19fc700381a780f69665d7956c469e3b\"},\"headline\":\"Papa posvetio uskrsnu molitvu starijima i bolesnima\",\"datePublished\":\"2021-04-05T16:41:25+00:00\",\"dateModified\":\"2021-04-05T16:41:26+00:00\",\"mainEntityOfPage\":{\"@id\":\"https:\\\/\\\/radioljubuski.ba\\\/index.php\\\/2021\\\/04\\\/05\\\/papa-posvetio-uskrsnu-molitvu-starijima-i-bolesnima\\\/\"},\"wordCount\":170,\"publisher\":{\"@id\":\"https:\\\/\\\/radioljubuski.ba\\\/#organization\"},\"image\":{\"@id\":\"https:\\\/\\\/radioljubuski.ba\\\/index.php\\\/2021\\\/04\\\/05\\\/papa-posvetio-uskrsnu-molitvu-starijima-i-bolesnima\\\/#primaryimage\"},\"thumbnailUrl\":\"https:\\\/\\\/radioljubuski.ba\\\/wp-content\\\/uploads\\\/2021\\\/04\\\/papa-rlj.png\",\"articleSection\":[\"BIH i regija\"],\"inLanguage\":\"hr\"},{\"@type\":\"WebPage\",\"@id\":\"https:\\\/\\\/radioljubuski.ba\\\/index.php\\\/2021\\\/04\\\/05\\\/papa-posvetio-uskrsnu-molitvu-starijima-i-bolesnima\\\/\",\"url\":\"https:\\\/\\\/radioljubuski.ba\\\/index.php\\\/2021\\\/04\\\/05\\\/papa-posvetio-uskrsnu-molitvu-starijima-i-bolesnima\\\/\",\"name\":\"Papa posvetio uskrsnu molitvu starijima i bolesnima - RADIO LJUBU\u0160KI\",\"isPartOf\":{\"@id\":\"https:\\\/\\\/radioljubuski.ba\\\/#website\"},\"primaryImageOfPage\":{\"@id\":\"https:\\\/\\\/radioljubuski.ba\\\/index.php\\\/2021\\\/04\\\/05\\\/papa-posvetio-uskrsnu-molitvu-starijima-i-bolesnima\\\/#primaryimage\"},\"image\":{\"@id\":\"https:\\\/\\\/radioljubuski.ba\\\/index.php\\\/2021\\\/04\\\/05\\\/papa-posvetio-uskrsnu-molitvu-starijima-i-bolesnima\\\/#primaryimage\"},\"thumbnailUrl\":\"https:\\\/\\\/radioljubuski.ba\\\/wp-content\\\/uploads\\\/2021\\\/04\\\/papa-rlj.png\",\"datePublished\":\"2021-04-05T16:41:25+00:00\",\"dateModified\":\"2021-04-05T16:41:26+00:00\",\"breadcrumb\":{\"@id\":\"https:\\\/\\\/radioljubuski.ba\\\/index.php\\\/2021\\\/04\\\/05\\\/papa-posvetio-uskrsnu-molitvu-starijima-i-bolesnima\\\/#breadcrumb\"},\"inLanguage\":\"hr\",\"potentialAction\":[{\"@type\":\"ReadAction\",\"target\":[\"https:\\\/\\\/radioljubuski.ba\\\/index.php\\\/2021\\\/04\\\/05\\\/papa-posvetio-uskrsnu-molitvu-starijima-i-bolesnima\\\/\"]}]},{\"@type\":\"ImageObject\",\"inLanguage\":\"hr\",\"@id\":\"https:\\\/\\\/radioljubuski.ba\\\/index.php\\\/2021\\\/04\\\/05\\\/papa-posvetio-uskrsnu-molitvu-starijima-i-bolesnima\\\/#primaryimage\",\"url\":\"https:\\\/\\\/radioljubuski.ba\\\/wp-content\\\/uploads\\\/2021\\\/04\\\/papa-rlj.png\",\"contentUrl\":\"https:\\\/\\\/radioljubuski.ba\\\/wp-content\\\/uploads\\\/2021\\\/04\\\/papa-rlj.png\",\"width\":642,\"height\":358},{\"@type\":\"BreadcrumbList\",\"@id\":\"https:\\\/\\\/radioljubuski.ba\\\/index.php\\\/2021\\\/04\\\/05\\\/papa-posvetio-uskrsnu-molitvu-starijima-i-bolesnima\\\/#breadcrumb\",\"itemListElement\":[{\"@type\":\"ListItem\",\"position\":1,\"name\":\"Po\u010detna stranica\",\"item\":\"https:\\\/\\\/radioljubuski.ba\\\/\"},{\"@type\":\"ListItem\",\"position\":2,\"name\":\"Papa posvetio uskrsnu molitvu starijima i bolesnima\"}]},{\"@type\":\"WebSite\",\"@id\":\"https:\\\/\\\/radioljubuski.ba\\\/#website\",\"url\":\"https:\\\/\\\/radioljubuski.ba\\\/\",\"name\":\"Radio Ljubu\u0161ki\",\"description\":\"Sun\u010dana frekvencija Hercegovine\",\"publisher\":{\"@id\":\"https:\\\/\\\/radioljubuski.ba\\\/#organization\"},\"potentialAction\":[{\"@type\":\"SearchAction\",\"target\":{\"@type\":\"EntryPoint\",\"urlTemplate\":\"https:\\\/\\\/radioljubuski.ba\\\/?s={search_term_string}\"},\"query-input\":{\"@type\":\"PropertyValueSpecification\",\"valueRequired\":true,\"valueName\":\"search_term_string\"}}],\"inLanguage\":\"hr\"},{\"@type\":\"Organization\",\"@id\":\"https:\\\/\\\/radioljubuski.ba\\\/#organization\",\"name\":\"Radio Ljubu\u0161ki\",\"url\":\"https:\\\/\\\/radioljubuski.ba\\\/\",\"logo\":{\"@type\":\"ImageObject\",\"inLanguage\":\"hr\",\"@id\":\"https:\\\/\\\/radioljubuski.ba\\\/#\\\/schema\\\/logo\\\/image\\\/\",\"url\":\"https:\\\/\\\/radioljubuski.ba\\\/wp-content\\\/uploads\\\/2021\\\/02\\\/cropped-Radio_Ljubuski_logo1.jpg\",\"contentUrl\":\"https:\\\/\\\/radioljubuski.ba\\\/wp-content\\\/uploads\\\/2021\\\/02\\\/cropped-Radio_Ljubuski_logo1.jpg\",\"width\":512,\"height\":512,\"caption\":\"Radio Ljubu\u0161ki\"},\"image\":{\"@id\":\"https:\\\/\\\/radioljubuski.ba\\\/#\\\/schema\\\/logo\\\/image\\\/\"},\"sameAs\":[\"https:\\\/\\\/www.facebook.com\\\/Radiio-Ljubuski-1490835324566332\",\"https:\\\/\\\/x.com\\\/radioljubuski\",\"https:\\\/\\\/hr.linkedin.com\\\/company\\\/radio-ljubuski\",\"https:\\\/\\\/www.youtube.com\\\/channel\\\/UCHYaeO_n0Db3tjNGudGpXyw\"]},{\"@type\":\"Person\",\"@id\":\"https:\\\/\\\/radioljubuski.ba\\\/#\\\/schema\\\/person\\\/19fc700381a780f69665d7956c469e3b\",\"name\":\"Radio Ljubu\u0161ki\"}]}<\/script>\n<!-- \/ Yoast SEO plugin. -->","yoast_head_json":{"title":"Papa posvetio uskrsnu molitvu starijima i bolesnima - RADIO LJUBU\u0160KI","robots":{"index":"index","follow":"follow","max-snippet":"max-snippet:-1","max-image-preview":"max-image-preview:large","max-video-preview":"max-video-preview:-1"},"canonical":"https:\/\/radioljubuski.ba\/index.php\/2021\/04\/05\/papa-posvetio-uskrsnu-molitvu-starijima-i-bolesnima\/","og_locale":"hr_HR","og_type":"article","og_title":"Papa posvetio uskrsnu molitvu starijima i bolesnima - RADIO LJUBU\u0160KI","og_description":"Papa Franjo posvetio je svoju popodnevnu javnu molitvu na Uskrsni ponedjeljak starijima i bolesnima, kao i \u0161ti\u0107enicima stara\u010dkih domova, rekav\u0161i da se nada da su im njegove rije\u010di dale ohrabrenje i nadu. Molitvu poznatu kao Regina Caeli (Kraljice neba) izmolio je u Vatikanu i prenosila se na internetu. Slu\u017ebeno je njome zavr\u0161eno uskrsno slavlje u [&hellip;]","og_url":"https:\/\/radioljubuski.ba\/index.php\/2021\/04\/05\/papa-posvetio-uskrsnu-molitvu-starijima-i-bolesnima\/","og_site_name":"RADIO LJUBU\u0160KI","article_publisher":"https:\/\/www.facebook.com\/Radiio-Ljubuski-1490835324566332","article_published_time":"2021-04-05T16:41:25+00:00","article_modified_time":"2021-04-05T16:41:26+00:00","og_image":[{"width":642,"height":358,"url":"https:\/\/radioljubuski.ba\/wp-content\/uploads\/2021\/04\/papa-rlj.png","type":"image\/png"}],"author":"Radio Ljubu\u0161ki","twitter_card":"summary_large_image","twitter_creator":"@radioljubuski","twitter_site":"@radioljubuski","twitter_misc":{"Napisao\/la":"Radio Ljubu\u0161ki","Procijenjeno vrijeme \u010ditanja":"1 minuta"},"schema":{"@context":"https:\/\/schema.org","@graph":[{"@type":"Article","@id":"https:\/\/radioljubuski.ba\/index.php\/2021\/04\/05\/papa-posvetio-uskrsnu-molitvu-starijima-i-bolesnima\/#article","isPartOf":{"@id":"https:\/\/radioljubuski.ba\/index.php\/2021\/04\/05\/papa-posvetio-uskrsnu-molitvu-starijima-i-bolesnima\/"},"author":{"name":"Radio Ljubu\u0161ki","@id":"https:\/\/radioljubuski.ba\/#\/schema\/person\/19fc700381a780f69665d7956c469e3b"},"headline":"Papa posvetio uskrsnu molitvu starijima i bolesnima","datePublished":"2021-04-05T16:41:25+00:00","dateModified":"2021-04-05T16:41:26+00:00","mainEntityOfPage":{"@id":"https:\/\/radioljubuski.ba\/index.php\/2021\/04\/05\/papa-posvetio-uskrsnu-molitvu-starijima-i-bolesnima\/"},"wordCount":170,"publisher":{"@id":"https:\/\/radioljubuski.ba\/#organization"},"image":{"@id":"https:\/\/radioljubuski.ba\/index.php\/2021\/04\/05\/papa-posvetio-uskrsnu-molitvu-starijima-i-bolesnima\/#primaryimage"},"thumbnailUrl":"https:\/\/radioljubuski.ba\/wp-content\/uploads\/2021\/04\/papa-rlj.png","articleSection":["BIH i regija"],"inLanguage":"hr"},{"@type":"WebPage","@id":"https:\/\/radioljubuski.ba\/index.php\/2021\/04\/05\/papa-posvetio-uskrsnu-molitvu-starijima-i-bolesnima\/","url":"https:\/\/radioljubuski.ba\/index.php\/2021\/04\/05\/papa-posvetio-uskrsnu-molitvu-starijima-i-bolesnima\/","name":"Papa posvetio uskrsnu molitvu starijima i bolesnima - RADIO LJUBU\u0160KI","isPartOf":{"@id":"https:\/\/radioljubuski.ba\/#website"},"primaryImageOfPage":{"@id":"https:\/\/radioljubuski.ba\/index.php\/2021\/04\/05\/papa-posvetio-uskrsnu-molitvu-starijima-i-bolesnima\/#primaryimage"},"image":{"@id":"https:\/\/radioljubuski.ba\/index.php\/2021\/04\/05\/papa-posvetio-uskrsnu-molitvu-starijima-i-bolesnima\/#primaryimage"},"thumbnailUrl":"https:\/\/radioljubuski.ba\/wp-content\/uploads\/2021\/04\/papa-rlj.png","datePublished":"2021-04-05T16:41:25+00:00","dateModified":"2021-04-05T16:41:26+00:00","breadcrumb":{"@id":"https:\/\/radioljubuski.ba\/index.php\/2021\/04\/05\/papa-posvetio-uskrsnu-molitvu-starijima-i-bolesnima\/#breadcrumb"},"inLanguage":"hr","potentialAction":[{"@type":"ReadAction","target":["https:\/\/radioljubuski.ba\/index.php\/2021\/04\/05\/papa-posvetio-uskrsnu-molitvu-starijima-i-bolesnima\/"]}]},{"@type":"ImageObject","inLanguage":"hr","@id":"https:\/\/radioljubuski.ba\/index.php\/2021\/04\/05\/papa-posvetio-uskrsnu-molitvu-starijima-i-bolesnima\/#primaryimage","url":"https:\/\/radioljubuski.ba\/wp-content\/uploads\/2021\/04\/papa-rlj.png","contentUrl":"https:\/\/radioljubuski.ba\/wp-content\/uploads\/2021\/04\/papa-rlj.png","width":642,"height":358},{"@type":"BreadcrumbList","@id":"https:\/\/radioljubuski.ba\/index.php\/2021\/04\/05\/papa-posvetio-uskrsnu-molitvu-starijima-i-bolesnima\/#breadcrumb","itemListElement":[{"@type":"ListItem","position":1,"name":"Po\u010detna stranica","item":"https:\/\/radioljubuski.ba\/"},{"@type":"ListItem","position":2,"name":"Papa posvetio uskrsnu molitvu starijima i bolesnima"}]},{"@type":"WebSite","@id":"https:\/\/radioljubuski.ba\/#website","url":"https:\/\/radioljubuski.ba\/","name":"Radio Ljubu\u0161ki","description":"Sun\u010dana frekvencija Hercegovine","publisher":{"@id":"https:\/\/radioljubuski.ba\/#organization"},"potentialAction":[{"@type":"SearchAction","target":{"@type":"EntryPoint","urlTemplate":"https:\/\/radioljubuski.ba\/?s={search_term_string}"},"query-input":{"@type":"PropertyValueSpecification","valueRequired":true,"valueName":"search_term_string"}}],"inLanguage":"hr"},{"@type":"Organization","@id":"https:\/\/radioljubuski.ba\/#organization","name":"Radio Ljubu\u0161ki","url":"https:\/\/radioljubuski.ba\/","logo":{"@type":"ImageObject","inLanguage":"hr","@id":"https:\/\/radioljubuski.ba\/#\/schema\/logo\/image\/","url":"https:\/\/radioljubuski.ba\/wp-content\/uploads\/2021\/02\/cropped-Radio_Ljubuski_logo1.jpg","contentUrl":"https:\/\/radioljubuski.ba\/wp-content\/uploads\/2021\/02\/cropped-Radio_Ljubuski_logo1.jpg","width":512,"height":512,"caption":"Radio Ljubu\u0161ki"},"image":{"@id":"https:\/\/radioljubuski.ba\/#\/schema\/logo\/image\/"},"sameAs":["https:\/\/www.facebook.com\/Radiio-Ljubuski-1490835324566332","https:\/\/x.com\/radioljubuski","https:\/\/hr.linkedin.com\/company\/radio-ljubuski","https:\/\/www.youtube.com\/channel\/UCHYaeO_n0Db3tjNGudGpXyw"]},{"@type":"Person","@id":"https:\/\/radioljubuski.ba\/#\/schema\/person\/19fc700381a780f69665d7956c469e3b","name":"Radio Ljubu\u0161ki"}]}},"_links":{"self":[{"href":"https:\/\/radioljubuski.ba\/index.php\/wp-json\/wp\/v2\/posts\/9760","targetHints":{"allow":["GET"]}}],"collection":[{"href":"https:\/\/radioljubuski.ba\/index.php\/wp-json\/wp\/v2\/posts"}],"about":[{"href":"https:\/\/radioljubuski.ba\/index.php\/wp-json\/wp\/v2\/types\/post"}],"author":[{"embeddable":true,"href":"https:\/\/radioljubuski.ba\/index.php\/wp-json\/wp\/v2\/users\/2"}],"replies":[{"embeddable":true,"href":"https:\/\/radioljubuski.ba\/index.php\/wp-json\/wp\/v2\/comments?post=9760"}],"version-history":[{"count":1,"href":"https:\/\/radioljubuski.ba\/index.php\/wp-json\/wp\/v2\/posts\/9760\/revisions"}],"predecessor-version":[{"id":9762,"href":"https:\/\/radioljubuski.ba\/index.php\/wp-json\/wp\/v2\/posts\/9760\/revisions\/9762"}],"wp:featuredmedia":[{"embeddable":true,"href":"https:\/\/radioljubuski.ba\/index.php\/wp-json\/wp\/v2\/media\/9761"}],"wp:attachment":[{"href":"https:\/\/radioljubuski.ba\/index.php\/wp-json\/wp\/v2\/media?parent=9760"}],"wp:term":[{"taxonomy":"category","embeddable":true,"href":"https:\/\/radioljubuski.ba\/index.php\/wp-json\/wp\/v2\/categories?post=9760"},{"taxonomy":"post_tag","embeddable":true,"href":"https:\/\/radioljubuski.ba\/index.php\/wp-json\/wp\/v2\/tags?post=9760"}],"curies":[{"name":"wp","href":"https:\/\/api.w.org\/{rel}","templated":true}]}}