{"id":9766,"date":"2021-04-05T17:47:03","date_gmt":"2021-04-05T16:47:03","guid":{"rendered":"https:\/\/radioljubuski.ba\/?p=9766"},"modified":"2021-04-05T20:59:09","modified_gmt":"2021-04-05T19:59:09","slug":"crnogorski-premijer-smjenjuje-ministra-koji-je-negirao-genocid-u-srebrenici","status":"publish","type":"post","link":"https:\/\/radioljubuski.ba\/index.php\/2021\/04\/05\/crnogorski-premijer-smjenjuje-ministra-koji-je-negirao-genocid-u-srebrenici\/","title":{"rendered":"Crnogorski premijer smjenjuje ministra koji je negirao genocid u Srebrenici"},"content":{"rendered":"\n<p><strong>Crnogorski premijer&nbsp;Zdravko Krivokapi\u0107&nbsp;priop\u0107io je u ponedjeljak da je pokrenuo proceduru opoziva ministra pravde i ljudskih prava&nbsp;Vladimira Leposavi\u0107a, zbog njegove sporne izjave o Srebrenici, koja je nai\u0161la na osude u cijeloj zemlji i regiji.<\/strong><\/p>\n\n\n\n<p>Leposavi\u0107 je prije dva tjedna u crnogorskom parlamentu rekao da je spreman priznati da se u Srebrenici dogodio zlo\u010din genocida kada se to, kako je rekao, nedvosmisleno utvrdi, ustvrdiv\u0161i tada da je Sud za ratne zlo\u010dine u Haagu izgubio legitimitet.<\/p>\n\n\n\n<p>Krivokapi\u0107 je u izvanrednom obra\u0107anju rekao da je Leposavi\u0107 prethodno odbio podnijeti ostavku koja je od njega zatra\u017eena.<\/p>\n\n\n\n<p>Nakon sporne izjave poslao sam mu poruku da se treba sam &#8216;vaditi&#8217; za ono \u0161to je sam zakuhao. Smatrao sam da \u0107e njegova izjava &#8230; amortizirati ono \u0161to je re\u010deno, ali je ona ostala na istom tragu, naveo je Krivokapi\u0107.<\/p>\n\n\n\n<p>To sam uradio u petak. To sam uradio i danas, \u017eele\u0107i za\u0161tititi prvo integritet ove vlade. Po\u0161to je ministar Leposavi\u0107 ostao na svom stavu,donio sam te\u0161ku odluku da krenem u prijedlog za razrje\u0161enje \u010dlana Vlade. Nedopustivo je da ministar pravde iznosi svoje privatne stavove, naveo je Krivokapi\u0107.<\/p>\n\n\n\n<p>On je ustvrdio da nije bilo pritisaka stranih veleposlanstava na njega.<\/p>\n\n\n\n<p>Crnogorska vlada na\u0161la se na stubu srama nakon \u0161to je ministar pravde i ljudskih i manjinskih prava Vladimir Leposavi\u0107 odgovaraju\u0107i na pitanje oporbe u parlamentu Crne Gore priznaje li genocid u Srebrenici, rekao da ne zna jesu li zlo\u010dinci u Srebrenici imali genocidnu namjeru ili nisu, ve\u0107 da samo mo\u017ee vjerovati sucima Me\u0111unarodnog tribunala za ratne zlo\u010dine u Hagu, koji je, prema njegovim rije\u010dima, gotovo u potpunosti izgubio svoj legitimitet kad su dokazi izvjestioca Savjeta Europe o va\u0111enju i trgovine organima civilnih srpskih \u017ertava na Kosovu uni\u0161teni u tom sudu.<\/p>\n\n\n\n<p>Poja\u0161njenje tog stava od crnogorske vlade zatra\u017eila je ve\u0107ina veleposlanstava u Podgorici, te Europska komisija, a osuda je stigla od nevladinih udruga iz Crne Gore i regije. Udru\u017eenje majke Srebrenice pozvalo je Leposavi\u0107a i Krivokapi\u0107a da posjete memorijalni centar u Poto\u010darima i tamo se i uvjere da se u Srebrenici dogodio genocid.&nbsp;&nbsp;<\/p>\n\n\n\n<p>U Crnoj Gori jutros je pokrenuta gra\u0111anska peticija za smjenu ministra Vladimira Leposavi\u0107a koju je za prva tri sata potpisalo skoro pet tisu\u0107a stanovnika te zemlje.&nbsp;&nbsp;<\/p>\n\n\n\n<p>Izvor:hrt.hr<\/p>\n","protected":false},"excerpt":{"rendered":"<p>Crnogorski premijer&nbsp;Zdravko Krivokapi\u0107&nbsp;priop\u0107io je u ponedjeljak da je pokrenuo proceduru opoziva ministra pravde i ljudskih prava&nbsp;Vladimira Leposavi\u0107a, zbog njegove sporne izjave o Srebrenici, koja je nai\u0161la na osude u cijeloj zemlji i regiji. Leposavi\u0107 je prije dva tjedna u crnogorskom parlamentu rekao da je spreman priznati da se u Srebrenici dogodio zlo\u010din genocida kada se [&hellip;]<\/p>\n","protected":false},"author":2,"featured_media":9767,"comment_status":"closed","ping_status":"closed","sticky":false,"template":"","format":"standard","meta":{"h5ap_radio_sources":[],"footnotes":""},"categories":[1],"tags":[],"class_list":["post-9766","post","type-post","status-publish","format-standard","has-post-thumbnail","hentry","category-bihiregija"],"yoast_head":"<!-- This site is optimized with the Yoast SEO plugin v27.5 - https:\/\/yoast.com\/product\/yoast-seo-wordpress\/ -->\n<title>Crnogorski premijer smjenjuje ministra koji je negirao genocid u Srebrenici - RADIO LJUBU\u0160KI<\/title>\n<meta name=\"robots\" content=\"index, follow, max-snippet:-1, max-image-preview:large, max-video-preview:-1\" \/>\n<link rel=\"canonical\" href=\"https:\/\/radioljubuski.ba\/index.php\/2021\/04\/05\/crnogorski-premijer-smjenjuje-ministra-koji-je-negirao-genocid-u-srebrenici\/\" \/>\n<meta property=\"og:locale\" content=\"hr_HR\" \/>\n<meta property=\"og:type\" content=\"article\" \/>\n<meta property=\"og:title\" content=\"Crnogorski premijer smjenjuje ministra koji je negirao genocid u Srebrenici - RADIO LJUBU\u0160KI\" \/>\n<meta property=\"og:description\" content=\"Crnogorski premijer&nbsp;Zdravko Krivokapi\u0107&nbsp;priop\u0107io je u ponedjeljak da je pokrenuo proceduru opoziva ministra pravde i ljudskih prava&nbsp;Vladimira Leposavi\u0107a, zbog njegove sporne izjave o Srebrenici, koja je nai\u0161la na osude u cijeloj zemlji i regiji. Leposavi\u0107 je prije dva tjedna u crnogorskom parlamentu rekao da je spreman priznati da se u Srebrenici dogodio zlo\u010din genocida kada se [&hellip;]\" \/>\n<meta property=\"og:url\" content=\"https:\/\/radioljubuski.ba\/index.php\/2021\/04\/05\/crnogorski-premijer-smjenjuje-ministra-koji-je-negirao-genocid-u-srebrenici\/\" \/>\n<meta property=\"og:site_name\" content=\"RADIO LJUBU\u0160KI\" \/>\n<meta property=\"article:publisher\" content=\"https:\/\/www.facebook.com\/Radiio-Ljubuski-1490835324566332\" \/>\n<meta property=\"article:published_time\" content=\"2021-04-05T16:47:03+00:00\" \/>\n<meta property=\"article:modified_time\" content=\"2021-04-05T19:59:09+00:00\" \/>\n<meta property=\"og:image\" content=\"https:\/\/radioljubuski.ba\/wp-content\/uploads\/2021\/04\/7-6.png\" \/>\n\t<meta property=\"og:image:width\" content=\"644\" \/>\n\t<meta property=\"og:image:height\" content=\"363\" \/>\n\t<meta property=\"og:image:type\" content=\"image\/png\" \/>\n<meta name=\"author\" content=\"Radio Ljubu\u0161ki\" \/>\n<meta name=\"twitter:card\" content=\"summary_large_image\" \/>\n<meta name=\"twitter:creator\" content=\"@radioljubuski\" \/>\n<meta name=\"twitter:site\" content=\"@radioljubuski\" \/>\n<meta name=\"twitter:label1\" content=\"Napisao\/la\" \/>\n\t<meta name=\"twitter:data1\" content=\"Radio Ljubu\u0161ki\" \/>\n\t<meta name=\"twitter:label2\" content=\"Procijenjeno vrijeme \u010ditanja\" \/>\n\t<meta name=\"twitter:data2\" content=\"2 minute\" \/>\n<script type=\"application\/ld+json\" class=\"yoast-schema-graph\">{\"@context\":\"https:\\\/\\\/schema.org\",\"@graph\":[{\"@type\":\"Article\",\"@id\":\"https:\\\/\\\/radioljubuski.ba\\\/index.php\\\/2021\\\/04\\\/05\\\/crnogorski-premijer-smjenjuje-ministra-koji-je-negirao-genocid-u-srebrenici\\\/#article\",\"isPartOf\":{\"@id\":\"https:\\\/\\\/radioljubuski.ba\\\/index.php\\\/2021\\\/04\\\/05\\\/crnogorski-premijer-smjenjuje-ministra-koji-je-negirao-genocid-u-srebrenici\\\/\"},\"author\":{\"name\":\"Radio Ljubu\u0161ki\",\"@id\":\"https:\\\/\\\/radioljubuski.ba\\\/#\\\/schema\\\/person\\\/19fc700381a780f69665d7956c469e3b\"},\"headline\":\"Crnogorski premijer smjenjuje ministra koji je negirao genocid u Srebrenici\",\"datePublished\":\"2021-04-05T16:47:03+00:00\",\"dateModified\":\"2021-04-05T19:59:09+00:00\",\"mainEntityOfPage\":{\"@id\":\"https:\\\/\\\/radioljubuski.ba\\\/index.php\\\/2021\\\/04\\\/05\\\/crnogorski-premijer-smjenjuje-ministra-koji-je-negirao-genocid-u-srebrenici\\\/\"},\"wordCount\":413,\"publisher\":{\"@id\":\"https:\\\/\\\/radioljubuski.ba\\\/#organization\"},\"image\":{\"@id\":\"https:\\\/\\\/radioljubuski.ba\\\/index.php\\\/2021\\\/04\\\/05\\\/crnogorski-premijer-smjenjuje-ministra-koji-je-negirao-genocid-u-srebrenici\\\/#primaryimage\"},\"thumbnailUrl\":\"https:\\\/\\\/radioljubuski.ba\\\/wp-content\\\/uploads\\\/2021\\\/04\\\/7-6.png\",\"articleSection\":[\"BIH i regija\"],\"inLanguage\":\"hr\"},{\"@type\":\"WebPage\",\"@id\":\"https:\\\/\\\/radioljubuski.ba\\\/index.php\\\/2021\\\/04\\\/05\\\/crnogorski-premijer-smjenjuje-ministra-koji-je-negirao-genocid-u-srebrenici\\\/\",\"url\":\"https:\\\/\\\/radioljubuski.ba\\\/index.php\\\/2021\\\/04\\\/05\\\/crnogorski-premijer-smjenjuje-ministra-koji-je-negirao-genocid-u-srebrenici\\\/\",\"name\":\"Crnogorski premijer smjenjuje ministra koji je negirao genocid u Srebrenici - RADIO LJUBU\u0160KI\",\"isPartOf\":{\"@id\":\"https:\\\/\\\/radioljubuski.ba\\\/#website\"},\"primaryImageOfPage\":{\"@id\":\"https:\\\/\\\/radioljubuski.ba\\\/index.php\\\/2021\\\/04\\\/05\\\/crnogorski-premijer-smjenjuje-ministra-koji-je-negirao-genocid-u-srebrenici\\\/#primaryimage\"},\"image\":{\"@id\":\"https:\\\/\\\/radioljubuski.ba\\\/index.php\\\/2021\\\/04\\\/05\\\/crnogorski-premijer-smjenjuje-ministra-koji-je-negirao-genocid-u-srebrenici\\\/#primaryimage\"},\"thumbnailUrl\":\"https:\\\/\\\/radioljubuski.ba\\\/wp-content\\\/uploads\\\/2021\\\/04\\\/7-6.png\",\"datePublished\":\"2021-04-05T16:47:03+00:00\",\"dateModified\":\"2021-04-05T19:59:09+00:00\",\"breadcrumb\":{\"@id\":\"https:\\\/\\\/radioljubuski.ba\\\/index.php\\\/2021\\\/04\\\/05\\\/crnogorski-premijer-smjenjuje-ministra-koji-je-negirao-genocid-u-srebrenici\\\/#breadcrumb\"},\"inLanguage\":\"hr\",\"potentialAction\":[{\"@type\":\"ReadAction\",\"target\":[\"https:\\\/\\\/radioljubuski.ba\\\/index.php\\\/2021\\\/04\\\/05\\\/crnogorski-premijer-smjenjuje-ministra-koji-je-negirao-genocid-u-srebrenici\\\/\"]}]},{\"@type\":\"ImageObject\",\"inLanguage\":\"hr\",\"@id\":\"https:\\\/\\\/radioljubuski.ba\\\/index.php\\\/2021\\\/04\\\/05\\\/crnogorski-premijer-smjenjuje-ministra-koji-je-negirao-genocid-u-srebrenici\\\/#primaryimage\",\"url\":\"https:\\\/\\\/radioljubuski.ba\\\/wp-content\\\/uploads\\\/2021\\\/04\\\/7-6.png\",\"contentUrl\":\"https:\\\/\\\/radioljubuski.ba\\\/wp-content\\\/uploads\\\/2021\\\/04\\\/7-6.png\",\"width\":644,\"height\":363},{\"@type\":\"BreadcrumbList\",\"@id\":\"https:\\\/\\\/radioljubuski.ba\\\/index.php\\\/2021\\\/04\\\/05\\\/crnogorski-premijer-smjenjuje-ministra-koji-je-negirao-genocid-u-srebrenici\\\/#breadcrumb\",\"itemListElement\":[{\"@type\":\"ListItem\",\"position\":1,\"name\":\"Po\u010detna stranica\",\"item\":\"https:\\\/\\\/radioljubuski.ba\\\/\"},{\"@type\":\"ListItem\",\"position\":2,\"name\":\"Crnogorski premijer smjenjuje ministra koji je negirao genocid u Srebrenici\"}]},{\"@type\":\"WebSite\",\"@id\":\"https:\\\/\\\/radioljubuski.ba\\\/#website\",\"url\":\"https:\\\/\\\/radioljubuski.ba\\\/\",\"name\":\"Radio Ljubu\u0161ki\",\"description\":\"Sun\u010dana frekvencija Hercegovine\",\"publisher\":{\"@id\":\"https:\\\/\\\/radioljubuski.ba\\\/#organization\"},\"potentialAction\":[{\"@type\":\"SearchAction\",\"target\":{\"@type\":\"EntryPoint\",\"urlTemplate\":\"https:\\\/\\\/radioljubuski.ba\\\/?s={search_term_string}\"},\"query-input\":{\"@type\":\"PropertyValueSpecification\",\"valueRequired\":true,\"valueName\":\"search_term_string\"}}],\"inLanguage\":\"hr\"},{\"@type\":\"Organization\",\"@id\":\"https:\\\/\\\/radioljubuski.ba\\\/#organization\",\"name\":\"Radio Ljubu\u0161ki\",\"url\":\"https:\\\/\\\/radioljubuski.ba\\\/\",\"logo\":{\"@type\":\"ImageObject\",\"inLanguage\":\"hr\",\"@id\":\"https:\\\/\\\/radioljubuski.ba\\\/#\\\/schema\\\/logo\\\/image\\\/\",\"url\":\"https:\\\/\\\/radioljubuski.ba\\\/wp-content\\\/uploads\\\/2021\\\/02\\\/cropped-Radio_Ljubuski_logo1.jpg\",\"contentUrl\":\"https:\\\/\\\/radioljubuski.ba\\\/wp-content\\\/uploads\\\/2021\\\/02\\\/cropped-Radio_Ljubuski_logo1.jpg\",\"width\":512,\"height\":512,\"caption\":\"Radio Ljubu\u0161ki\"},\"image\":{\"@id\":\"https:\\\/\\\/radioljubuski.ba\\\/#\\\/schema\\\/logo\\\/image\\\/\"},\"sameAs\":[\"https:\\\/\\\/www.facebook.com\\\/Radiio-Ljubuski-1490835324566332\",\"https:\\\/\\\/x.com\\\/radioljubuski\",\"https:\\\/\\\/hr.linkedin.com\\\/company\\\/radio-ljubuski\",\"https:\\\/\\\/www.youtube.com\\\/channel\\\/UCHYaeO_n0Db3tjNGudGpXyw\"]},{\"@type\":\"Person\",\"@id\":\"https:\\\/\\\/radioljubuski.ba\\\/#\\\/schema\\\/person\\\/19fc700381a780f69665d7956c469e3b\",\"name\":\"Radio Ljubu\u0161ki\"}]}<\/script>\n<!-- \/ Yoast SEO plugin. -->","yoast_head_json":{"title":"Crnogorski premijer smjenjuje ministra koji je negirao genocid u Srebrenici - RADIO LJUBU\u0160KI","robots":{"index":"index","follow":"follow","max-snippet":"max-snippet:-1","max-image-preview":"max-image-preview:large","max-video-preview":"max-video-preview:-1"},"canonical":"https:\/\/radioljubuski.ba\/index.php\/2021\/04\/05\/crnogorski-premijer-smjenjuje-ministra-koji-je-negirao-genocid-u-srebrenici\/","og_locale":"hr_HR","og_type":"article","og_title":"Crnogorski premijer smjenjuje ministra koji je negirao genocid u Srebrenici - RADIO LJUBU\u0160KI","og_description":"Crnogorski premijer&nbsp;Zdravko Krivokapi\u0107&nbsp;priop\u0107io je u ponedjeljak da je pokrenuo proceduru opoziva ministra pravde i ljudskih prava&nbsp;Vladimira Leposavi\u0107a, zbog njegove sporne izjave o Srebrenici, koja je nai\u0161la na osude u cijeloj zemlji i regiji. Leposavi\u0107 je prije dva tjedna u crnogorskom parlamentu rekao da je spreman priznati da se u Srebrenici dogodio zlo\u010din genocida kada se [&hellip;]","og_url":"https:\/\/radioljubuski.ba\/index.php\/2021\/04\/05\/crnogorski-premijer-smjenjuje-ministra-koji-je-negirao-genocid-u-srebrenici\/","og_site_name":"RADIO LJUBU\u0160KI","article_publisher":"https:\/\/www.facebook.com\/Radiio-Ljubuski-1490835324566332","article_published_time":"2021-04-05T16:47:03+00:00","article_modified_time":"2021-04-05T19:59:09+00:00","og_image":[{"width":644,"height":363,"url":"https:\/\/radioljubuski.ba\/wp-content\/uploads\/2021\/04\/7-6.png","type":"image\/png"}],"author":"Radio Ljubu\u0161ki","twitter_card":"summary_large_image","twitter_creator":"@radioljubuski","twitter_site":"@radioljubuski","twitter_misc":{"Napisao\/la":"Radio Ljubu\u0161ki","Procijenjeno vrijeme \u010ditanja":"2 minute"},"schema":{"@context":"https:\/\/schema.org","@graph":[{"@type":"Article","@id":"https:\/\/radioljubuski.ba\/index.php\/2021\/04\/05\/crnogorski-premijer-smjenjuje-ministra-koji-je-negirao-genocid-u-srebrenici\/#article","isPartOf":{"@id":"https:\/\/radioljubuski.ba\/index.php\/2021\/04\/05\/crnogorski-premijer-smjenjuje-ministra-koji-je-negirao-genocid-u-srebrenici\/"},"author":{"name":"Radio Ljubu\u0161ki","@id":"https:\/\/radioljubuski.ba\/#\/schema\/person\/19fc700381a780f69665d7956c469e3b"},"headline":"Crnogorski premijer smjenjuje ministra koji je negirao genocid u Srebrenici","datePublished":"2021-04-05T16:47:03+00:00","dateModified":"2021-04-05T19:59:09+00:00","mainEntityOfPage":{"@id":"https:\/\/radioljubuski.ba\/index.php\/2021\/04\/05\/crnogorski-premijer-smjenjuje-ministra-koji-je-negirao-genocid-u-srebrenici\/"},"wordCount":413,"publisher":{"@id":"https:\/\/radioljubuski.ba\/#organization"},"image":{"@id":"https:\/\/radioljubuski.ba\/index.php\/2021\/04\/05\/crnogorski-premijer-smjenjuje-ministra-koji-je-negirao-genocid-u-srebrenici\/#primaryimage"},"thumbnailUrl":"https:\/\/radioljubuski.ba\/wp-content\/uploads\/2021\/04\/7-6.png","articleSection":["BIH i regija"],"inLanguage":"hr"},{"@type":"WebPage","@id":"https:\/\/radioljubuski.ba\/index.php\/2021\/04\/05\/crnogorski-premijer-smjenjuje-ministra-koji-je-negirao-genocid-u-srebrenici\/","url":"https:\/\/radioljubuski.ba\/index.php\/2021\/04\/05\/crnogorski-premijer-smjenjuje-ministra-koji-je-negirao-genocid-u-srebrenici\/","name":"Crnogorski premijer smjenjuje ministra koji je negirao genocid u Srebrenici - RADIO LJUBU\u0160KI","isPartOf":{"@id":"https:\/\/radioljubuski.ba\/#website"},"primaryImageOfPage":{"@id":"https:\/\/radioljubuski.ba\/index.php\/2021\/04\/05\/crnogorski-premijer-smjenjuje-ministra-koji-je-negirao-genocid-u-srebrenici\/#primaryimage"},"image":{"@id":"https:\/\/radioljubuski.ba\/index.php\/2021\/04\/05\/crnogorski-premijer-smjenjuje-ministra-koji-je-negirao-genocid-u-srebrenici\/#primaryimage"},"thumbnailUrl":"https:\/\/radioljubuski.ba\/wp-content\/uploads\/2021\/04\/7-6.png","datePublished":"2021-04-05T16:47:03+00:00","dateModified":"2021-04-05T19:59:09+00:00","breadcrumb":{"@id":"https:\/\/radioljubuski.ba\/index.php\/2021\/04\/05\/crnogorski-premijer-smjenjuje-ministra-koji-je-negirao-genocid-u-srebrenici\/#breadcrumb"},"inLanguage":"hr","potentialAction":[{"@type":"ReadAction","target":["https:\/\/radioljubuski.ba\/index.php\/2021\/04\/05\/crnogorski-premijer-smjenjuje-ministra-koji-je-negirao-genocid-u-srebrenici\/"]}]},{"@type":"ImageObject","inLanguage":"hr","@id":"https:\/\/radioljubuski.ba\/index.php\/2021\/04\/05\/crnogorski-premijer-smjenjuje-ministra-koji-je-negirao-genocid-u-srebrenici\/#primaryimage","url":"https:\/\/radioljubuski.ba\/wp-content\/uploads\/2021\/04\/7-6.png","contentUrl":"https:\/\/radioljubuski.ba\/wp-content\/uploads\/2021\/04\/7-6.png","width":644,"height":363},{"@type":"BreadcrumbList","@id":"https:\/\/radioljubuski.ba\/index.php\/2021\/04\/05\/crnogorski-premijer-smjenjuje-ministra-koji-je-negirao-genocid-u-srebrenici\/#breadcrumb","itemListElement":[{"@type":"ListItem","position":1,"name":"Po\u010detna stranica","item":"https:\/\/radioljubuski.ba\/"},{"@type":"ListItem","position":2,"name":"Crnogorski premijer smjenjuje ministra koji je negirao genocid u Srebrenici"}]},{"@type":"WebSite","@id":"https:\/\/radioljubuski.ba\/#website","url":"https:\/\/radioljubuski.ba\/","name":"Radio Ljubu\u0161ki","description":"Sun\u010dana frekvencija Hercegovine","publisher":{"@id":"https:\/\/radioljubuski.ba\/#organization"},"potentialAction":[{"@type":"SearchAction","target":{"@type":"EntryPoint","urlTemplate":"https:\/\/radioljubuski.ba\/?s={search_term_string}"},"query-input":{"@type":"PropertyValueSpecification","valueRequired":true,"valueName":"search_term_string"}}],"inLanguage":"hr"},{"@type":"Organization","@id":"https:\/\/radioljubuski.ba\/#organization","name":"Radio Ljubu\u0161ki","url":"https:\/\/radioljubuski.ba\/","logo":{"@type":"ImageObject","inLanguage":"hr","@id":"https:\/\/radioljubuski.ba\/#\/schema\/logo\/image\/","url":"https:\/\/radioljubuski.ba\/wp-content\/uploads\/2021\/02\/cropped-Radio_Ljubuski_logo1.jpg","contentUrl":"https:\/\/radioljubuski.ba\/wp-content\/uploads\/2021\/02\/cropped-Radio_Ljubuski_logo1.jpg","width":512,"height":512,"caption":"Radio Ljubu\u0161ki"},"image":{"@id":"https:\/\/radioljubuski.ba\/#\/schema\/logo\/image\/"},"sameAs":["https:\/\/www.facebook.com\/Radiio-Ljubuski-1490835324566332","https:\/\/x.com\/radioljubuski","https:\/\/hr.linkedin.com\/company\/radio-ljubuski","https:\/\/www.youtube.com\/channel\/UCHYaeO_n0Db3tjNGudGpXyw"]},{"@type":"Person","@id":"https:\/\/radioljubuski.ba\/#\/schema\/person\/19fc700381a780f69665d7956c469e3b","name":"Radio Ljubu\u0161ki"}]}},"_links":{"self":[{"href":"https:\/\/radioljubuski.ba\/index.php\/wp-json\/wp\/v2\/posts\/9766","targetHints":{"allow":["GET"]}}],"collection":[{"href":"https:\/\/radioljubuski.ba\/index.php\/wp-json\/wp\/v2\/posts"}],"about":[{"href":"https:\/\/radioljubuski.ba\/index.php\/wp-json\/wp\/v2\/types\/post"}],"author":[{"embeddable":true,"href":"https:\/\/radioljubuski.ba\/index.php\/wp-json\/wp\/v2\/users\/2"}],"replies":[{"embeddable":true,"href":"https:\/\/radioljubuski.ba\/index.php\/wp-json\/wp\/v2\/comments?post=9766"}],"version-history":[{"count":1,"href":"https:\/\/radioljubuski.ba\/index.php\/wp-json\/wp\/v2\/posts\/9766\/revisions"}],"predecessor-version":[{"id":9768,"href":"https:\/\/radioljubuski.ba\/index.php\/wp-json\/wp\/v2\/posts\/9766\/revisions\/9768"}],"wp:featuredmedia":[{"embeddable":true,"href":"https:\/\/radioljubuski.ba\/index.php\/wp-json\/wp\/v2\/media\/9767"}],"wp:attachment":[{"href":"https:\/\/radioljubuski.ba\/index.php\/wp-json\/wp\/v2\/media?parent=9766"}],"wp:term":[{"taxonomy":"category","embeddable":true,"href":"https:\/\/radioljubuski.ba\/index.php\/wp-json\/wp\/v2\/categories?post=9766"},{"taxonomy":"post_tag","embeddable":true,"href":"https:\/\/radioljubuski.ba\/index.php\/wp-json\/wp\/v2\/tags?post=9766"}],"curies":[{"name":"wp","href":"https:\/\/api.w.org\/{rel}","templated":true}]}}