{"id":9793,"date":"2021-04-05T18:02:26","date_gmt":"2021-04-05T17:02:26","guid":{"rendered":"https:\/\/radioljubuski.ba\/?p=9793"},"modified":"2021-04-05T18:02:28","modified_gmt":"2021-04-05T17:02:28","slug":"sebija-izetbegovic-respiratore-cemo-povuci-ako-forto-potpise-tuzit-cemo-medije-koji-su-objavili-sadrzaj-anonimnog-pisma","status":"publish","type":"post","link":"https:\/\/radioljubuski.ba\/index.php\/2021\/04\/05\/sebija-izetbegovic-respiratore-cemo-povuci-ako-forto-potpise-tuzit-cemo-medije-koji-su-objavili-sadrzaj-anonimnog-pisma\/","title":{"rendered":"Sebija Izetbegovi\u0107: Respiratore \u0107emo povu\u0107i ako Forto potpi\u0161e, tu\u017eit \u0107emo medije koji su objavili sadr\u017eaj anonimnog pisma"},"content":{"rendered":"\n<p><strong>Sastakak s Vrani\u0107em i Fortom je bio za\u010du\u0111uju\u0107i, kazala je na po\u010detku svog obra\u0107anja Sebija Izetbegovi\u0107, direktorica Klini\u010dkog centra Univerziteta u Sarajevu na dana\u0161njem obra\u0107anju medijima nakon sastanka s ministrom zdravstva i premijerom Sarajevske \u017eupanije.<\/strong><\/p>\n\n\n\n<figure class=\"wp-block-embed is-type-video is-provider-youtube wp-block-embed-youtube wp-embed-aspect-16-9 wp-has-aspect-ratio\"><div class=\"wp-block-embed__wrapper\">\n<iframe loading=\"lazy\" title=\"Vanredni press na KCUS-u: Na Klix.ba pratite obra\u0107anje generalne direktorice Sebija Izetbegovi\u0107\" width=\"640\" height=\"360\" src=\"https:\/\/www.youtube.com\/embed\/8DSuG5RwDzc?feature=oembed\" frameborder=\"0\" allow=\"accelerometer; autoplay; clipboard-write; encrypted-media; gyroscope; picture-in-picture; web-share\" referrerpolicy=\"strict-origin-when-cross-origin\" allowfullscreen><\/iframe>\n<\/div><\/figure>\n\n\n\n<p>Izetbegovi\u0107 je, kako prenosi Klix kazala da bi joj bilo drago da je sastanak snimljen ili da je netko od novinara bio na sastanku.<\/p>\n\n\n\n<p>\u201cIza mojih le\u0111a je pro\u0161ireni sastav kriznog sto\u017eera infektivne klinike jer se govorilo o nekim navodnim pismima koje su uznemirili gra\u0111ane. Odlu\u010dila sam da odem na sastaak jer sam legalista i treba da po\u0161tujem poziv ministra, iako mislim da je bolje da on do\u0111e kod nas\u201d, kazala je Izetbegovi\u0107.<\/p>\n\n\n\n<p>Sastanak je \u010dudesan jer je svaki takav s Vrani\u0107em, ponovila je, uz navode da \u0107e tu\u017eiti medije; portale, novine, televizije, sve one koji su u javnost plasirali prvo pismo za koje je kazala da je la\u017eno.<\/p>\n\n\n\n<p>\u201cOno pismo nije meni upu\u0107eno nego sugra\u0111anima na koje je naslovljeno.<\/p>\n\n\n\n<p>\u201cOnda smo razgovarali o drugom pismu koje nije pismo ve\u0107 dopis kolega za koji sam \u010dula da su ve\u0107 formirane radne grupe da rje\u0161avaju navedene probleme. Vrani\u0107 je rekao da je Klini\u010dki centar tvr\u0111ava, da nitko ne mo\u017ee u\u0107i u njega, \u0161to nije istina jer je on bio gost na tom centru, a i tu je radio, istina jako malo\u201d, izjavio je.<\/p>\n\n\n\n<p>Mi smo danas dobili pitanje od Vrani\u0107a za\u0161to ne povu\u010demo sve respiratore, dodala je, a mi smo rekli da \u0107emo ih povu\u0107i ako ministar ili premijer to potpi\u0161u, ali da mi to ne\u0107emo uraditi dok imamo certifikat Verlaba.<\/p>\n\n\n\n<p>\u201cMi ne\u0107emo povu\u0107i respiratore zbog odgovornosti prema porodicama pacijenata, kao i zbog mogu\u0107nosti da nas Kinezi tu\u017ee. Ti respiratori koriste se po izboru zbog klini\u010dke slike\u201d, zaklju\u010dila je Izetbegovi\u0107.<\/p>\n\n\n\n<figure class=\"wp-block-embed is-type-wp-embed is-provider-radio-ljubuski wp-block-embed-radio-ljubuski\"><div class=\"wp-block-embed__wrapper\">\n<blockquote class=\"wp-embedded-content\" data-secret=\"Og9cdW62cx\"><a href=\"https:\/\/radioljubuski.ba\/index.php\/2021\/04\/05\/katica-mulalic-najveca-smrtnost-od-65-je-na-njemackom-dreger-respiratoru-a-ne-na-kineskim\/\">Katica-Mulali\u0107: Najvec\u0301a smrtnost od 65% je na njemac\u030ckom Dreger respiratoru, a ne na kineskim<\/a><\/blockquote><iframe loading=\"lazy\" class=\"wp-embedded-content\" sandbox=\"allow-scripts\" security=\"restricted\" style=\"position: absolute; clip: rect(1px, 1px, 1px, 1px);\" title=\"&#8220;Katica-Mulali\u0107: Najvec\u0301a smrtnost od 65% je na njemac\u030ckom Dreger respiratoru, a ne na kineskim&#8221; &#8212;   RADIO LJUBU\u0160KI\" src=\"https:\/\/radioljubuski.ba\/index.php\/2021\/04\/05\/katica-mulalic-najveca-smrtnost-od-65-je-na-njemackom-dreger-respiratoru-a-ne-na-kineskim\/embed\/#?secret=wtkuKfPyo5#?secret=Og9cdW62cx\" data-secret=\"Og9cdW62cx\" width=\"600\" height=\"338\" frameborder=\"0\" marginwidth=\"0\" marginheight=\"0\" scrolling=\"no\"><\/iframe>\n<\/div><\/figure>\n\n\n\n<p>\/HMS\/<\/p>\n","protected":false},"excerpt":{"rendered":"<p>Sastakak s Vrani\u0107em i Fortom je bio za\u010du\u0111uju\u0107i, kazala je na po\u010detku svog obra\u0107anja Sebija Izetbegovi\u0107, direktorica Klini\u010dkog centra Univerziteta u Sarajevu na dana\u0161njem obra\u0107anju medijima nakon sastanka s ministrom zdravstva i premijerom Sarajevske \u017eupanije. Izetbegovi\u0107 je, kako prenosi Klix kazala da bi joj bilo drago da je sastanak snimljen ili da je netko od [&hellip;]<\/p>\n","protected":false},"author":2,"featured_media":9794,"comment_status":"closed","ping_status":"closed","sticky":false,"template":"","format":"standard","meta":{"h5ap_radio_sources":[],"footnotes":""},"categories":[1],"tags":[],"class_list":["post-9793","post","type-post","status-publish","format-standard","has-post-thumbnail","hentry","category-bihiregija"],"yoast_head":"<!-- This site is optimized with the Yoast SEO plugin v27.5 - https:\/\/yoast.com\/product\/yoast-seo-wordpress\/ -->\n<title>Sebija Izetbegovi\u0107: Respiratore \u0107emo povu\u0107i ako Forto potpi\u0161e, tu\u017eit \u0107emo medije koji su objavili sadr\u017eaj anonimnog pisma - RADIO LJUBU\u0160KI<\/title>\n<meta name=\"robots\" content=\"index, follow, max-snippet:-1, max-image-preview:large, max-video-preview:-1\" \/>\n<link rel=\"canonical\" href=\"https:\/\/radioljubuski.ba\/index.php\/2021\/04\/05\/sebija-izetbegovic-respiratore-cemo-povuci-ako-forto-potpise-tuzit-cemo-medije-koji-su-objavili-sadrzaj-anonimnog-pisma\/\" \/>\n<meta property=\"og:locale\" content=\"hr_HR\" \/>\n<meta property=\"og:type\" content=\"article\" \/>\n<meta property=\"og:title\" content=\"Sebija Izetbegovi\u0107: Respiratore \u0107emo povu\u0107i ako Forto potpi\u0161e, tu\u017eit \u0107emo medije koji su objavili sadr\u017eaj anonimnog pisma - RADIO LJUBU\u0160KI\" \/>\n<meta property=\"og:description\" content=\"Sastakak s Vrani\u0107em i Fortom je bio za\u010du\u0111uju\u0107i, kazala je na po\u010detku svog obra\u0107anja Sebija Izetbegovi\u0107, direktorica Klini\u010dkog centra Univerziteta u Sarajevu na dana\u0161njem obra\u0107anju medijima nakon sastanka s ministrom zdravstva i premijerom Sarajevske \u017eupanije. Izetbegovi\u0107 je, kako prenosi Klix kazala da bi joj bilo drago da je sastanak snimljen ili da je netko od [&hellip;]\" \/>\n<meta property=\"og:url\" content=\"https:\/\/radioljubuski.ba\/index.php\/2021\/04\/05\/sebija-izetbegovic-respiratore-cemo-povuci-ako-forto-potpise-tuzit-cemo-medije-koji-su-objavili-sadrzaj-anonimnog-pisma\/\" \/>\n<meta property=\"og:site_name\" content=\"RADIO LJUBU\u0160KI\" \/>\n<meta property=\"article:publisher\" content=\"https:\/\/www.facebook.com\/Radiio-Ljubuski-1490835324566332\" \/>\n<meta property=\"article:published_time\" content=\"2021-04-05T17:02:26+00:00\" \/>\n<meta property=\"article:modified_time\" content=\"2021-04-05T17:02:28+00:00\" \/>\n<meta property=\"og:image\" content=\"https:\/\/radioljubuski.ba\/wp-content\/uploads\/2021\/04\/2-2021-04-05-15-33-44-sebija.jpg\" \/>\n\t<meta property=\"og:image:width\" content=\"1000\" \/>\n\t<meta property=\"og:image:height\" content=\"625\" \/>\n\t<meta property=\"og:image:type\" content=\"image\/jpeg\" \/>\n<meta name=\"author\" content=\"Radio Ljubu\u0161ki\" \/>\n<meta name=\"twitter:card\" content=\"summary_large_image\" \/>\n<meta name=\"twitter:creator\" content=\"@radioljubuski\" \/>\n<meta name=\"twitter:site\" content=\"@radioljubuski\" \/>\n<meta name=\"twitter:label1\" content=\"Napisao\/la\" \/>\n\t<meta name=\"twitter:data1\" content=\"Radio Ljubu\u0161ki\" \/>\n\t<meta name=\"twitter:label2\" content=\"Procijenjeno vrijeme \u010ditanja\" \/>\n\t<meta name=\"twitter:data2\" content=\"2 minute\" \/>\n<script type=\"application\/ld+json\" class=\"yoast-schema-graph\">{\"@context\":\"https:\\\/\\\/schema.org\",\"@graph\":[{\"@type\":\"Article\",\"@id\":\"https:\\\/\\\/radioljubuski.ba\\\/index.php\\\/2021\\\/04\\\/05\\\/sebija-izetbegovic-respiratore-cemo-povuci-ako-forto-potpise-tuzit-cemo-medije-koji-su-objavili-sadrzaj-anonimnog-pisma\\\/#article\",\"isPartOf\":{\"@id\":\"https:\\\/\\\/radioljubuski.ba\\\/index.php\\\/2021\\\/04\\\/05\\\/sebija-izetbegovic-respiratore-cemo-povuci-ako-forto-potpise-tuzit-cemo-medije-koji-su-objavili-sadrzaj-anonimnog-pisma\\\/\"},\"author\":{\"name\":\"Radio Ljubu\u0161ki\",\"@id\":\"https:\\\/\\\/radioljubuski.ba\\\/#\\\/schema\\\/person\\\/19fc700381a780f69665d7956c469e3b\"},\"headline\":\"Sebija Izetbegovi\u0107: Respiratore \u0107emo povu\u0107i ako Forto potpi\u0161e, tu\u017eit \u0107emo medije koji su objavili sadr\u017eaj anonimnog pisma\",\"datePublished\":\"2021-04-05T17:02:26+00:00\",\"dateModified\":\"2021-04-05T17:02:28+00:00\",\"mainEntityOfPage\":{\"@id\":\"https:\\\/\\\/radioljubuski.ba\\\/index.php\\\/2021\\\/04\\\/05\\\/sebija-izetbegovic-respiratore-cemo-povuci-ako-forto-potpise-tuzit-cemo-medije-koji-su-objavili-sadrzaj-anonimnog-pisma\\\/\"},\"wordCount\":359,\"publisher\":{\"@id\":\"https:\\\/\\\/radioljubuski.ba\\\/#organization\"},\"image\":{\"@id\":\"https:\\\/\\\/radioljubuski.ba\\\/index.php\\\/2021\\\/04\\\/05\\\/sebija-izetbegovic-respiratore-cemo-povuci-ako-forto-potpise-tuzit-cemo-medije-koji-su-objavili-sadrzaj-anonimnog-pisma\\\/#primaryimage\"},\"thumbnailUrl\":\"https:\\\/\\\/radioljubuski.ba\\\/wp-content\\\/uploads\\\/2021\\\/04\\\/2-2021-04-05-15-33-44-sebija.jpg\",\"articleSection\":[\"BIH i regija\"],\"inLanguage\":\"hr\"},{\"@type\":\"WebPage\",\"@id\":\"https:\\\/\\\/radioljubuski.ba\\\/index.php\\\/2021\\\/04\\\/05\\\/sebija-izetbegovic-respiratore-cemo-povuci-ako-forto-potpise-tuzit-cemo-medije-koji-su-objavili-sadrzaj-anonimnog-pisma\\\/\",\"url\":\"https:\\\/\\\/radioljubuski.ba\\\/index.php\\\/2021\\\/04\\\/05\\\/sebija-izetbegovic-respiratore-cemo-povuci-ako-forto-potpise-tuzit-cemo-medije-koji-su-objavili-sadrzaj-anonimnog-pisma\\\/\",\"name\":\"Sebija Izetbegovi\u0107: Respiratore \u0107emo povu\u0107i ako Forto potpi\u0161e, tu\u017eit \u0107emo medije koji su objavili sadr\u017eaj anonimnog pisma - RADIO LJUBU\u0160KI\",\"isPartOf\":{\"@id\":\"https:\\\/\\\/radioljubuski.ba\\\/#website\"},\"primaryImageOfPage\":{\"@id\":\"https:\\\/\\\/radioljubuski.ba\\\/index.php\\\/2021\\\/04\\\/05\\\/sebija-izetbegovic-respiratore-cemo-povuci-ako-forto-potpise-tuzit-cemo-medije-koji-su-objavili-sadrzaj-anonimnog-pisma\\\/#primaryimage\"},\"image\":{\"@id\":\"https:\\\/\\\/radioljubuski.ba\\\/index.php\\\/2021\\\/04\\\/05\\\/sebija-izetbegovic-respiratore-cemo-povuci-ako-forto-potpise-tuzit-cemo-medije-koji-su-objavili-sadrzaj-anonimnog-pisma\\\/#primaryimage\"},\"thumbnailUrl\":\"https:\\\/\\\/radioljubuski.ba\\\/wp-content\\\/uploads\\\/2021\\\/04\\\/2-2021-04-05-15-33-44-sebija.jpg\",\"datePublished\":\"2021-04-05T17:02:26+00:00\",\"dateModified\":\"2021-04-05T17:02:28+00:00\",\"breadcrumb\":{\"@id\":\"https:\\\/\\\/radioljubuski.ba\\\/index.php\\\/2021\\\/04\\\/05\\\/sebija-izetbegovic-respiratore-cemo-povuci-ako-forto-potpise-tuzit-cemo-medije-koji-su-objavili-sadrzaj-anonimnog-pisma\\\/#breadcrumb\"},\"inLanguage\":\"hr\",\"potentialAction\":[{\"@type\":\"ReadAction\",\"target\":[\"https:\\\/\\\/radioljubuski.ba\\\/index.php\\\/2021\\\/04\\\/05\\\/sebija-izetbegovic-respiratore-cemo-povuci-ako-forto-potpise-tuzit-cemo-medije-koji-su-objavili-sadrzaj-anonimnog-pisma\\\/\"]}]},{\"@type\":\"ImageObject\",\"inLanguage\":\"hr\",\"@id\":\"https:\\\/\\\/radioljubuski.ba\\\/index.php\\\/2021\\\/04\\\/05\\\/sebija-izetbegovic-respiratore-cemo-povuci-ako-forto-potpise-tuzit-cemo-medije-koji-su-objavili-sadrzaj-anonimnog-pisma\\\/#primaryimage\",\"url\":\"https:\\\/\\\/radioljubuski.ba\\\/wp-content\\\/uploads\\\/2021\\\/04\\\/2-2021-04-05-15-33-44-sebija.jpg\",\"contentUrl\":\"https:\\\/\\\/radioljubuski.ba\\\/wp-content\\\/uploads\\\/2021\\\/04\\\/2-2021-04-05-15-33-44-sebija.jpg\",\"width\":1000,\"height\":625},{\"@type\":\"BreadcrumbList\",\"@id\":\"https:\\\/\\\/radioljubuski.ba\\\/index.php\\\/2021\\\/04\\\/05\\\/sebija-izetbegovic-respiratore-cemo-povuci-ako-forto-potpise-tuzit-cemo-medije-koji-su-objavili-sadrzaj-anonimnog-pisma\\\/#breadcrumb\",\"itemListElement\":[{\"@type\":\"ListItem\",\"position\":1,\"name\":\"Po\u010detna stranica\",\"item\":\"https:\\\/\\\/radioljubuski.ba\\\/\"},{\"@type\":\"ListItem\",\"position\":2,\"name\":\"Sebija Izetbegovi\u0107: Respiratore \u0107emo povu\u0107i ako Forto potpi\u0161e, tu\u017eit \u0107emo medije koji su objavili sadr\u017eaj anonimnog pisma\"}]},{\"@type\":\"WebSite\",\"@id\":\"https:\\\/\\\/radioljubuski.ba\\\/#website\",\"url\":\"https:\\\/\\\/radioljubuski.ba\\\/\",\"name\":\"Radio Ljubu\u0161ki\",\"description\":\"Sun\u010dana frekvencija Hercegovine\",\"publisher\":{\"@id\":\"https:\\\/\\\/radioljubuski.ba\\\/#organization\"},\"potentialAction\":[{\"@type\":\"SearchAction\",\"target\":{\"@type\":\"EntryPoint\",\"urlTemplate\":\"https:\\\/\\\/radioljubuski.ba\\\/?s={search_term_string}\"},\"query-input\":{\"@type\":\"PropertyValueSpecification\",\"valueRequired\":true,\"valueName\":\"search_term_string\"}}],\"inLanguage\":\"hr\"},{\"@type\":\"Organization\",\"@id\":\"https:\\\/\\\/radioljubuski.ba\\\/#organization\",\"name\":\"Radio Ljubu\u0161ki\",\"url\":\"https:\\\/\\\/radioljubuski.ba\\\/\",\"logo\":{\"@type\":\"ImageObject\",\"inLanguage\":\"hr\",\"@id\":\"https:\\\/\\\/radioljubuski.ba\\\/#\\\/schema\\\/logo\\\/image\\\/\",\"url\":\"https:\\\/\\\/radioljubuski.ba\\\/wp-content\\\/uploads\\\/2021\\\/02\\\/cropped-Radio_Ljubuski_logo1.jpg\",\"contentUrl\":\"https:\\\/\\\/radioljubuski.ba\\\/wp-content\\\/uploads\\\/2021\\\/02\\\/cropped-Radio_Ljubuski_logo1.jpg\",\"width\":512,\"height\":512,\"caption\":\"Radio Ljubu\u0161ki\"},\"image\":{\"@id\":\"https:\\\/\\\/radioljubuski.ba\\\/#\\\/schema\\\/logo\\\/image\\\/\"},\"sameAs\":[\"https:\\\/\\\/www.facebook.com\\\/Radiio-Ljubuski-1490835324566332\",\"https:\\\/\\\/x.com\\\/radioljubuski\",\"https:\\\/\\\/hr.linkedin.com\\\/company\\\/radio-ljubuski\",\"https:\\\/\\\/www.youtube.com\\\/channel\\\/UCHYaeO_n0Db3tjNGudGpXyw\"]},{\"@type\":\"Person\",\"@id\":\"https:\\\/\\\/radioljubuski.ba\\\/#\\\/schema\\\/person\\\/19fc700381a780f69665d7956c469e3b\",\"name\":\"Radio Ljubu\u0161ki\"}]}<\/script>\n<!-- \/ Yoast SEO plugin. -->","yoast_head_json":{"title":"Sebija Izetbegovi\u0107: Respiratore \u0107emo povu\u0107i ako Forto potpi\u0161e, tu\u017eit \u0107emo medije koji su objavili sadr\u017eaj anonimnog pisma - RADIO LJUBU\u0160KI","robots":{"index":"index","follow":"follow","max-snippet":"max-snippet:-1","max-image-preview":"max-image-preview:large","max-video-preview":"max-video-preview:-1"},"canonical":"https:\/\/radioljubuski.ba\/index.php\/2021\/04\/05\/sebija-izetbegovic-respiratore-cemo-povuci-ako-forto-potpise-tuzit-cemo-medije-koji-su-objavili-sadrzaj-anonimnog-pisma\/","og_locale":"hr_HR","og_type":"article","og_title":"Sebija Izetbegovi\u0107: Respiratore \u0107emo povu\u0107i ako Forto potpi\u0161e, tu\u017eit \u0107emo medije koji su objavili sadr\u017eaj anonimnog pisma - RADIO LJUBU\u0160KI","og_description":"Sastakak s Vrani\u0107em i Fortom je bio za\u010du\u0111uju\u0107i, kazala je na po\u010detku svog obra\u0107anja Sebija Izetbegovi\u0107, direktorica Klini\u010dkog centra Univerziteta u Sarajevu na dana\u0161njem obra\u0107anju medijima nakon sastanka s ministrom zdravstva i premijerom Sarajevske \u017eupanije. Izetbegovi\u0107 je, kako prenosi Klix kazala da bi joj bilo drago da je sastanak snimljen ili da je netko od [&hellip;]","og_url":"https:\/\/radioljubuski.ba\/index.php\/2021\/04\/05\/sebija-izetbegovic-respiratore-cemo-povuci-ako-forto-potpise-tuzit-cemo-medije-koji-su-objavili-sadrzaj-anonimnog-pisma\/","og_site_name":"RADIO LJUBU\u0160KI","article_publisher":"https:\/\/www.facebook.com\/Radiio-Ljubuski-1490835324566332","article_published_time":"2021-04-05T17:02:26+00:00","article_modified_time":"2021-04-05T17:02:28+00:00","og_image":[{"width":1000,"height":625,"url":"https:\/\/radioljubuski.ba\/wp-content\/uploads\/2021\/04\/2-2021-04-05-15-33-44-sebija.jpg","type":"image\/jpeg"}],"author":"Radio Ljubu\u0161ki","twitter_card":"summary_large_image","twitter_creator":"@radioljubuski","twitter_site":"@radioljubuski","twitter_misc":{"Napisao\/la":"Radio Ljubu\u0161ki","Procijenjeno vrijeme \u010ditanja":"2 minute"},"schema":{"@context":"https:\/\/schema.org","@graph":[{"@type":"Article","@id":"https:\/\/radioljubuski.ba\/index.php\/2021\/04\/05\/sebija-izetbegovic-respiratore-cemo-povuci-ako-forto-potpise-tuzit-cemo-medije-koji-su-objavili-sadrzaj-anonimnog-pisma\/#article","isPartOf":{"@id":"https:\/\/radioljubuski.ba\/index.php\/2021\/04\/05\/sebija-izetbegovic-respiratore-cemo-povuci-ako-forto-potpise-tuzit-cemo-medije-koji-su-objavili-sadrzaj-anonimnog-pisma\/"},"author":{"name":"Radio Ljubu\u0161ki","@id":"https:\/\/radioljubuski.ba\/#\/schema\/person\/19fc700381a780f69665d7956c469e3b"},"headline":"Sebija Izetbegovi\u0107: Respiratore \u0107emo povu\u0107i ako Forto potpi\u0161e, tu\u017eit \u0107emo medije koji su objavili sadr\u017eaj anonimnog pisma","datePublished":"2021-04-05T17:02:26+00:00","dateModified":"2021-04-05T17:02:28+00:00","mainEntityOfPage":{"@id":"https:\/\/radioljubuski.ba\/index.php\/2021\/04\/05\/sebija-izetbegovic-respiratore-cemo-povuci-ako-forto-potpise-tuzit-cemo-medije-koji-su-objavili-sadrzaj-anonimnog-pisma\/"},"wordCount":359,"publisher":{"@id":"https:\/\/radioljubuski.ba\/#organization"},"image":{"@id":"https:\/\/radioljubuski.ba\/index.php\/2021\/04\/05\/sebija-izetbegovic-respiratore-cemo-povuci-ako-forto-potpise-tuzit-cemo-medije-koji-su-objavili-sadrzaj-anonimnog-pisma\/#primaryimage"},"thumbnailUrl":"https:\/\/radioljubuski.ba\/wp-content\/uploads\/2021\/04\/2-2021-04-05-15-33-44-sebija.jpg","articleSection":["BIH i regija"],"inLanguage":"hr"},{"@type":"WebPage","@id":"https:\/\/radioljubuski.ba\/index.php\/2021\/04\/05\/sebija-izetbegovic-respiratore-cemo-povuci-ako-forto-potpise-tuzit-cemo-medije-koji-su-objavili-sadrzaj-anonimnog-pisma\/","url":"https:\/\/radioljubuski.ba\/index.php\/2021\/04\/05\/sebija-izetbegovic-respiratore-cemo-povuci-ako-forto-potpise-tuzit-cemo-medije-koji-su-objavili-sadrzaj-anonimnog-pisma\/","name":"Sebija Izetbegovi\u0107: Respiratore \u0107emo povu\u0107i ako Forto potpi\u0161e, tu\u017eit \u0107emo medije koji su objavili sadr\u017eaj anonimnog pisma - RADIO LJUBU\u0160KI","isPartOf":{"@id":"https:\/\/radioljubuski.ba\/#website"},"primaryImageOfPage":{"@id":"https:\/\/radioljubuski.ba\/index.php\/2021\/04\/05\/sebija-izetbegovic-respiratore-cemo-povuci-ako-forto-potpise-tuzit-cemo-medije-koji-su-objavili-sadrzaj-anonimnog-pisma\/#primaryimage"},"image":{"@id":"https:\/\/radioljubuski.ba\/index.php\/2021\/04\/05\/sebija-izetbegovic-respiratore-cemo-povuci-ako-forto-potpise-tuzit-cemo-medije-koji-su-objavili-sadrzaj-anonimnog-pisma\/#primaryimage"},"thumbnailUrl":"https:\/\/radioljubuski.ba\/wp-content\/uploads\/2021\/04\/2-2021-04-05-15-33-44-sebija.jpg","datePublished":"2021-04-05T17:02:26+00:00","dateModified":"2021-04-05T17:02:28+00:00","breadcrumb":{"@id":"https:\/\/radioljubuski.ba\/index.php\/2021\/04\/05\/sebija-izetbegovic-respiratore-cemo-povuci-ako-forto-potpise-tuzit-cemo-medije-koji-su-objavili-sadrzaj-anonimnog-pisma\/#breadcrumb"},"inLanguage":"hr","potentialAction":[{"@type":"ReadAction","target":["https:\/\/radioljubuski.ba\/index.php\/2021\/04\/05\/sebija-izetbegovic-respiratore-cemo-povuci-ako-forto-potpise-tuzit-cemo-medije-koji-su-objavili-sadrzaj-anonimnog-pisma\/"]}]},{"@type":"ImageObject","inLanguage":"hr","@id":"https:\/\/radioljubuski.ba\/index.php\/2021\/04\/05\/sebija-izetbegovic-respiratore-cemo-povuci-ako-forto-potpise-tuzit-cemo-medije-koji-su-objavili-sadrzaj-anonimnog-pisma\/#primaryimage","url":"https:\/\/radioljubuski.ba\/wp-content\/uploads\/2021\/04\/2-2021-04-05-15-33-44-sebija.jpg","contentUrl":"https:\/\/radioljubuski.ba\/wp-content\/uploads\/2021\/04\/2-2021-04-05-15-33-44-sebija.jpg","width":1000,"height":625},{"@type":"BreadcrumbList","@id":"https:\/\/radioljubuski.ba\/index.php\/2021\/04\/05\/sebija-izetbegovic-respiratore-cemo-povuci-ako-forto-potpise-tuzit-cemo-medije-koji-su-objavili-sadrzaj-anonimnog-pisma\/#breadcrumb","itemListElement":[{"@type":"ListItem","position":1,"name":"Po\u010detna stranica","item":"https:\/\/radioljubuski.ba\/"},{"@type":"ListItem","position":2,"name":"Sebija Izetbegovi\u0107: Respiratore \u0107emo povu\u0107i ako Forto potpi\u0161e, tu\u017eit \u0107emo medije koji su objavili sadr\u017eaj anonimnog pisma"}]},{"@type":"WebSite","@id":"https:\/\/radioljubuski.ba\/#website","url":"https:\/\/radioljubuski.ba\/","name":"Radio Ljubu\u0161ki","description":"Sun\u010dana frekvencija Hercegovine","publisher":{"@id":"https:\/\/radioljubuski.ba\/#organization"},"potentialAction":[{"@type":"SearchAction","target":{"@type":"EntryPoint","urlTemplate":"https:\/\/radioljubuski.ba\/?s={search_term_string}"},"query-input":{"@type":"PropertyValueSpecification","valueRequired":true,"valueName":"search_term_string"}}],"inLanguage":"hr"},{"@type":"Organization","@id":"https:\/\/radioljubuski.ba\/#organization","name":"Radio Ljubu\u0161ki","url":"https:\/\/radioljubuski.ba\/","logo":{"@type":"ImageObject","inLanguage":"hr","@id":"https:\/\/radioljubuski.ba\/#\/schema\/logo\/image\/","url":"https:\/\/radioljubuski.ba\/wp-content\/uploads\/2021\/02\/cropped-Radio_Ljubuski_logo1.jpg","contentUrl":"https:\/\/radioljubuski.ba\/wp-content\/uploads\/2021\/02\/cropped-Radio_Ljubuski_logo1.jpg","width":512,"height":512,"caption":"Radio Ljubu\u0161ki"},"image":{"@id":"https:\/\/radioljubuski.ba\/#\/schema\/logo\/image\/"},"sameAs":["https:\/\/www.facebook.com\/Radiio-Ljubuski-1490835324566332","https:\/\/x.com\/radioljubuski","https:\/\/hr.linkedin.com\/company\/radio-ljubuski","https:\/\/www.youtube.com\/channel\/UCHYaeO_n0Db3tjNGudGpXyw"]},{"@type":"Person","@id":"https:\/\/radioljubuski.ba\/#\/schema\/person\/19fc700381a780f69665d7956c469e3b","name":"Radio Ljubu\u0161ki"}]}},"_links":{"self":[{"href":"https:\/\/radioljubuski.ba\/index.php\/wp-json\/wp\/v2\/posts\/9793","targetHints":{"allow":["GET"]}}],"collection":[{"href":"https:\/\/radioljubuski.ba\/index.php\/wp-json\/wp\/v2\/posts"}],"about":[{"href":"https:\/\/radioljubuski.ba\/index.php\/wp-json\/wp\/v2\/types\/post"}],"author":[{"embeddable":true,"href":"https:\/\/radioljubuski.ba\/index.php\/wp-json\/wp\/v2\/users\/2"}],"replies":[{"embeddable":true,"href":"https:\/\/radioljubuski.ba\/index.php\/wp-json\/wp\/v2\/comments?post=9793"}],"version-history":[{"count":1,"href":"https:\/\/radioljubuski.ba\/index.php\/wp-json\/wp\/v2\/posts\/9793\/revisions"}],"predecessor-version":[{"id":9795,"href":"https:\/\/radioljubuski.ba\/index.php\/wp-json\/wp\/v2\/posts\/9793\/revisions\/9795"}],"wp:featuredmedia":[{"embeddable":true,"href":"https:\/\/radioljubuski.ba\/index.php\/wp-json\/wp\/v2\/media\/9794"}],"wp:attachment":[{"href":"https:\/\/radioljubuski.ba\/index.php\/wp-json\/wp\/v2\/media?parent=9793"}],"wp:term":[{"taxonomy":"category","embeddable":true,"href":"https:\/\/radioljubuski.ba\/index.php\/wp-json\/wp\/v2\/categories?post=9793"},{"taxonomy":"post_tag","embeddable":true,"href":"https:\/\/radioljubuski.ba\/index.php\/wp-json\/wp\/v2\/tags?post=9793"}],"curies":[{"name":"wp","href":"https:\/\/api.w.org\/{rel}","templated":true}]}}