{"id":9889,"date":"2021-04-05T23:17:34","date_gmt":"2021-04-05T22:17:34","guid":{"rendered":"https:\/\/radioljubuski.ba\/?p=9889"},"modified":"2021-04-05T23:17:35","modified_gmt":"2021-04-05T22:17:35","slug":"nova-prica-o-srbiji-strance-pozivaju-na-cijepljenje-a-srbi-ga-odbijaju","status":"publish","type":"post","link":"https:\/\/radioljubuski.ba\/index.php\/2021\/04\/05\/nova-prica-o-srbiji-strance-pozivaju-na-cijepljenje-a-srbi-ga-odbijaju\/","title":{"rendered":"Nova pri\u010da o Srbiji: Strance pozivaju na cijepljenje, a Srbi ga odbijaju"},"content":{"rendered":"\n<p>Nakon \u0161to su mediji posljednjih 10-ak dana bombardirali \u010ditatelje vijestima kako se brojni stranci dolaze cijepiti u Srbiju, sti\u017eu nove vijesti kako Srbija vodi bitku \u2013 kako uvjeriti svoje gra\u0111ane da se cijepe.<\/p>\n\n\n\n<p>Srbija ima toliko cjepiva da ih nudi bilo kome tko stigne iz inozemstva, pokrenuv\u0161i \u201cturizam cijepljenja\u201c, pi\u0161e agencija France Presse.<\/p>\n\n\n\n<p>Srbija na raspolaganju ima cjepiva Pfizera, AstraZenece, Sputnjika V i Sinopharma, ali se za cijepljenje prijavilo ne\u0161to manje od \u010detvrtine stanovnika, prenosi francuska agencija.<\/p>\n\n\n\n<p>Oni koji su se \u017eurili s cijepljenjem brzo su dobili cjepivo, ali u zadnja dva tjedna o\u017eujka, broj cijepljenih na dnevnoj razini pao je na oko 12 tisu\u0107a dnevno, gotovo upola manje nego u velja\u010di.<\/p>\n\n\n\n<p>Kako Srbija ima velike koli\u010dine cjepiva, ponudila ga je stranim dr\u017eavljanima, uklju\u010duju\u0107i migrante.<\/p>\n\n\n\n<p>\u201cKao Boga vas molim, javite se da dobijete cjepivo\u201c, rekao je predsjednik Aleksandar Vu\u010di\u0107, pozvav\u0161i srbijanske dr\u017eavljane koji jo\u0161 nisu primili cjepivo da se pojave na mjestu cijepljenja, bez prethodne prijave.<\/p>\n\n\n\n<p>\u201cJasno je da nema dovoljno onih koji \u017eele primiti cjepivo\u201c, rekao je za France Presse predsjednik srbijanskog udru\u017eenja lije\u010dnika Rade Pani\u0107.<\/p>\n\n\n\n<p>Glavni srbijanski epidemiolog Predrag Kon misli kako je manjak interesa za cijepljenje \u201cisklju\u010divo posljedica\u201c dezinformacija koje se \u0161ire po internetu.<\/p>\n\n\n\n<p>Srbijanski ministar zdravlja Zlatibor Lon\u010dar predlo\u017eio je zabranu sadr\u017eaja koji potkopava kampanju cijepljenja na dru\u0161tvenim mre\u017eama, dok je policija pritvorila pet protivnika cijepljenja pro\u0161li tjedan zbog \u201cstvaranja panike\u201c.<\/p>\n\n\n\n<p><em>Izvor: narod.hr<\/em><\/p>\n","protected":false},"excerpt":{"rendered":"<p>Nakon \u0161to su mediji posljednjih 10-ak dana bombardirali \u010ditatelje vijestima kako se brojni stranci dolaze cijepiti u Srbiju, sti\u017eu nove vijesti kako Srbija vodi bitku \u2013 kako uvjeriti svoje gra\u0111ane da se cijepe. Srbija ima toliko cjepiva da ih nudi bilo kome tko stigne iz inozemstva, pokrenuv\u0161i \u201cturizam cijepljenja\u201c, pi\u0161e agencija France Presse. Srbija na [&hellip;]<\/p>\n","protected":false},"author":2,"featured_media":9890,"comment_status":"closed","ping_status":"closed","sticky":false,"template":"","format":"standard","meta":{"h5ap_radio_sources":[],"footnotes":""},"categories":[1],"tags":[],"class_list":["post-9889","post","type-post","status-publish","format-standard","has-post-thumbnail","hentry","category-bihiregija"],"yoast_head":"<!-- This site is optimized with the Yoast SEO plugin v27.5 - https:\/\/yoast.com\/product\/yoast-seo-wordpress\/ -->\n<title>Nova pri\u010da o Srbiji: Strance pozivaju na cijepljenje, a Srbi ga odbijaju - RADIO LJUBU\u0160KI<\/title>\n<meta name=\"robots\" content=\"index, follow, max-snippet:-1, max-image-preview:large, max-video-preview:-1\" \/>\n<link rel=\"canonical\" href=\"https:\/\/radioljubuski.ba\/index.php\/2021\/04\/05\/nova-prica-o-srbiji-strance-pozivaju-na-cijepljenje-a-srbi-ga-odbijaju\/\" \/>\n<meta property=\"og:locale\" content=\"hr_HR\" \/>\n<meta property=\"og:type\" content=\"article\" \/>\n<meta property=\"og:title\" content=\"Nova pri\u010da o Srbiji: Strance pozivaju na cijepljenje, a Srbi ga odbijaju - RADIO LJUBU\u0160KI\" \/>\n<meta property=\"og:description\" content=\"Nakon \u0161to su mediji posljednjih 10-ak dana bombardirali \u010ditatelje vijestima kako se brojni stranci dolaze cijepiti u Srbiju, sti\u017eu nove vijesti kako Srbija vodi bitku \u2013 kako uvjeriti svoje gra\u0111ane da se cijepe. Srbija ima toliko cjepiva da ih nudi bilo kome tko stigne iz inozemstva, pokrenuv\u0161i \u201cturizam cijepljenja\u201c, pi\u0161e agencija France Presse. Srbija na [&hellip;]\" \/>\n<meta property=\"og:url\" content=\"https:\/\/radioljubuski.ba\/index.php\/2021\/04\/05\/nova-prica-o-srbiji-strance-pozivaju-na-cijepljenje-a-srbi-ga-odbijaju\/\" \/>\n<meta property=\"og:site_name\" content=\"RADIO LJUBU\u0160KI\" \/>\n<meta property=\"article:publisher\" content=\"https:\/\/www.facebook.com\/Radiio-Ljubuski-1490835324566332\" \/>\n<meta property=\"article:published_time\" content=\"2021-04-05T22:17:34+00:00\" \/>\n<meta property=\"article:modified_time\" content=\"2021-04-05T22:17:35+00:00\" \/>\n<meta property=\"og:image\" content=\"https:\/\/radioljubuski.ba\/wp-content\/uploads\/2021\/04\/cijepljenje-vucic-696x464-1.jpg\" \/>\n\t<meta property=\"og:image:width\" content=\"696\" \/>\n\t<meta property=\"og:image:height\" content=\"464\" \/>\n\t<meta property=\"og:image:type\" content=\"image\/jpeg\" \/>\n<meta name=\"author\" content=\"Radio Ljubu\u0161ki\" \/>\n<meta name=\"twitter:card\" content=\"summary_large_image\" \/>\n<meta name=\"twitter:creator\" content=\"@radioljubuski\" \/>\n<meta name=\"twitter:site\" content=\"@radioljubuski\" \/>\n<meta name=\"twitter:label1\" content=\"Napisao\/la\" \/>\n\t<meta name=\"twitter:data1\" content=\"Radio Ljubu\u0161ki\" \/>\n\t<meta name=\"twitter:label2\" content=\"Procijenjeno vrijeme \u010ditanja\" \/>\n\t<meta name=\"twitter:data2\" content=\"1 minuta\" \/>\n<script type=\"application\/ld+json\" class=\"yoast-schema-graph\">{\"@context\":\"https:\\\/\\\/schema.org\",\"@graph\":[{\"@type\":\"Article\",\"@id\":\"https:\\\/\\\/radioljubuski.ba\\\/index.php\\\/2021\\\/04\\\/05\\\/nova-prica-o-srbiji-strance-pozivaju-na-cijepljenje-a-srbi-ga-odbijaju\\\/#article\",\"isPartOf\":{\"@id\":\"https:\\\/\\\/radioljubuski.ba\\\/index.php\\\/2021\\\/04\\\/05\\\/nova-prica-o-srbiji-strance-pozivaju-na-cijepljenje-a-srbi-ga-odbijaju\\\/\"},\"author\":{\"name\":\"Radio Ljubu\u0161ki\",\"@id\":\"https:\\\/\\\/radioljubuski.ba\\\/#\\\/schema\\\/person\\\/19fc700381a780f69665d7956c469e3b\"},\"headline\":\"Nova pri\u010da o Srbiji: Strance pozivaju na cijepljenje, a Srbi ga odbijaju\",\"datePublished\":\"2021-04-05T22:17:34+00:00\",\"dateModified\":\"2021-04-05T22:17:35+00:00\",\"mainEntityOfPage\":{\"@id\":\"https:\\\/\\\/radioljubuski.ba\\\/index.php\\\/2021\\\/04\\\/05\\\/nova-prica-o-srbiji-strance-pozivaju-na-cijepljenje-a-srbi-ga-odbijaju\\\/\"},\"wordCount\":263,\"publisher\":{\"@id\":\"https:\\\/\\\/radioljubuski.ba\\\/#organization\"},\"image\":{\"@id\":\"https:\\\/\\\/radioljubuski.ba\\\/index.php\\\/2021\\\/04\\\/05\\\/nova-prica-o-srbiji-strance-pozivaju-na-cijepljenje-a-srbi-ga-odbijaju\\\/#primaryimage\"},\"thumbnailUrl\":\"https:\\\/\\\/radioljubuski.ba\\\/wp-content\\\/uploads\\\/2021\\\/04\\\/cijepljenje-vucic-696x464-1.jpg\",\"articleSection\":[\"BIH i regija\"],\"inLanguage\":\"hr\"},{\"@type\":\"WebPage\",\"@id\":\"https:\\\/\\\/radioljubuski.ba\\\/index.php\\\/2021\\\/04\\\/05\\\/nova-prica-o-srbiji-strance-pozivaju-na-cijepljenje-a-srbi-ga-odbijaju\\\/\",\"url\":\"https:\\\/\\\/radioljubuski.ba\\\/index.php\\\/2021\\\/04\\\/05\\\/nova-prica-o-srbiji-strance-pozivaju-na-cijepljenje-a-srbi-ga-odbijaju\\\/\",\"name\":\"Nova pri\u010da o Srbiji: Strance pozivaju na cijepljenje, a Srbi ga odbijaju - RADIO LJUBU\u0160KI\",\"isPartOf\":{\"@id\":\"https:\\\/\\\/radioljubuski.ba\\\/#website\"},\"primaryImageOfPage\":{\"@id\":\"https:\\\/\\\/radioljubuski.ba\\\/index.php\\\/2021\\\/04\\\/05\\\/nova-prica-o-srbiji-strance-pozivaju-na-cijepljenje-a-srbi-ga-odbijaju\\\/#primaryimage\"},\"image\":{\"@id\":\"https:\\\/\\\/radioljubuski.ba\\\/index.php\\\/2021\\\/04\\\/05\\\/nova-prica-o-srbiji-strance-pozivaju-na-cijepljenje-a-srbi-ga-odbijaju\\\/#primaryimage\"},\"thumbnailUrl\":\"https:\\\/\\\/radioljubuski.ba\\\/wp-content\\\/uploads\\\/2021\\\/04\\\/cijepljenje-vucic-696x464-1.jpg\",\"datePublished\":\"2021-04-05T22:17:34+00:00\",\"dateModified\":\"2021-04-05T22:17:35+00:00\",\"breadcrumb\":{\"@id\":\"https:\\\/\\\/radioljubuski.ba\\\/index.php\\\/2021\\\/04\\\/05\\\/nova-prica-o-srbiji-strance-pozivaju-na-cijepljenje-a-srbi-ga-odbijaju\\\/#breadcrumb\"},\"inLanguage\":\"hr\",\"potentialAction\":[{\"@type\":\"ReadAction\",\"target\":[\"https:\\\/\\\/radioljubuski.ba\\\/index.php\\\/2021\\\/04\\\/05\\\/nova-prica-o-srbiji-strance-pozivaju-na-cijepljenje-a-srbi-ga-odbijaju\\\/\"]}]},{\"@type\":\"ImageObject\",\"inLanguage\":\"hr\",\"@id\":\"https:\\\/\\\/radioljubuski.ba\\\/index.php\\\/2021\\\/04\\\/05\\\/nova-prica-o-srbiji-strance-pozivaju-na-cijepljenje-a-srbi-ga-odbijaju\\\/#primaryimage\",\"url\":\"https:\\\/\\\/radioljubuski.ba\\\/wp-content\\\/uploads\\\/2021\\\/04\\\/cijepljenje-vucic-696x464-1.jpg\",\"contentUrl\":\"https:\\\/\\\/radioljubuski.ba\\\/wp-content\\\/uploads\\\/2021\\\/04\\\/cijepljenje-vucic-696x464-1.jpg\",\"width\":696,\"height\":464},{\"@type\":\"BreadcrumbList\",\"@id\":\"https:\\\/\\\/radioljubuski.ba\\\/index.php\\\/2021\\\/04\\\/05\\\/nova-prica-o-srbiji-strance-pozivaju-na-cijepljenje-a-srbi-ga-odbijaju\\\/#breadcrumb\",\"itemListElement\":[{\"@type\":\"ListItem\",\"position\":1,\"name\":\"Po\u010detna stranica\",\"item\":\"https:\\\/\\\/radioljubuski.ba\\\/\"},{\"@type\":\"ListItem\",\"position\":2,\"name\":\"Nova pri\u010da o Srbiji: Strance pozivaju na cijepljenje, a Srbi ga odbijaju\"}]},{\"@type\":\"WebSite\",\"@id\":\"https:\\\/\\\/radioljubuski.ba\\\/#website\",\"url\":\"https:\\\/\\\/radioljubuski.ba\\\/\",\"name\":\"Radio Ljubu\u0161ki\",\"description\":\"Sun\u010dana frekvencija Hercegovine\",\"publisher\":{\"@id\":\"https:\\\/\\\/radioljubuski.ba\\\/#organization\"},\"potentialAction\":[{\"@type\":\"SearchAction\",\"target\":{\"@type\":\"EntryPoint\",\"urlTemplate\":\"https:\\\/\\\/radioljubuski.ba\\\/?s={search_term_string}\"},\"query-input\":{\"@type\":\"PropertyValueSpecification\",\"valueRequired\":true,\"valueName\":\"search_term_string\"}}],\"inLanguage\":\"hr\"},{\"@type\":\"Organization\",\"@id\":\"https:\\\/\\\/radioljubuski.ba\\\/#organization\",\"name\":\"Radio Ljubu\u0161ki\",\"url\":\"https:\\\/\\\/radioljubuski.ba\\\/\",\"logo\":{\"@type\":\"ImageObject\",\"inLanguage\":\"hr\",\"@id\":\"https:\\\/\\\/radioljubuski.ba\\\/#\\\/schema\\\/logo\\\/image\\\/\",\"url\":\"https:\\\/\\\/radioljubuski.ba\\\/wp-content\\\/uploads\\\/2021\\\/02\\\/cropped-Radio_Ljubuski_logo1.jpg\",\"contentUrl\":\"https:\\\/\\\/radioljubuski.ba\\\/wp-content\\\/uploads\\\/2021\\\/02\\\/cropped-Radio_Ljubuski_logo1.jpg\",\"width\":512,\"height\":512,\"caption\":\"Radio Ljubu\u0161ki\"},\"image\":{\"@id\":\"https:\\\/\\\/radioljubuski.ba\\\/#\\\/schema\\\/logo\\\/image\\\/\"},\"sameAs\":[\"https:\\\/\\\/www.facebook.com\\\/Radiio-Ljubuski-1490835324566332\",\"https:\\\/\\\/x.com\\\/radioljubuski\",\"https:\\\/\\\/hr.linkedin.com\\\/company\\\/radio-ljubuski\",\"https:\\\/\\\/www.youtube.com\\\/channel\\\/UCHYaeO_n0Db3tjNGudGpXyw\"]},{\"@type\":\"Person\",\"@id\":\"https:\\\/\\\/radioljubuski.ba\\\/#\\\/schema\\\/person\\\/19fc700381a780f69665d7956c469e3b\",\"name\":\"Radio Ljubu\u0161ki\"}]}<\/script>\n<!-- \/ Yoast SEO plugin. -->","yoast_head_json":{"title":"Nova pri\u010da o Srbiji: Strance pozivaju na cijepljenje, a Srbi ga odbijaju - RADIO LJUBU\u0160KI","robots":{"index":"index","follow":"follow","max-snippet":"max-snippet:-1","max-image-preview":"max-image-preview:large","max-video-preview":"max-video-preview:-1"},"canonical":"https:\/\/radioljubuski.ba\/index.php\/2021\/04\/05\/nova-prica-o-srbiji-strance-pozivaju-na-cijepljenje-a-srbi-ga-odbijaju\/","og_locale":"hr_HR","og_type":"article","og_title":"Nova pri\u010da o Srbiji: Strance pozivaju na cijepljenje, a Srbi ga odbijaju - RADIO LJUBU\u0160KI","og_description":"Nakon \u0161to su mediji posljednjih 10-ak dana bombardirali \u010ditatelje vijestima kako se brojni stranci dolaze cijepiti u Srbiju, sti\u017eu nove vijesti kako Srbija vodi bitku \u2013 kako uvjeriti svoje gra\u0111ane da se cijepe. Srbija ima toliko cjepiva da ih nudi bilo kome tko stigne iz inozemstva, pokrenuv\u0161i \u201cturizam cijepljenja\u201c, pi\u0161e agencija France Presse. Srbija na [&hellip;]","og_url":"https:\/\/radioljubuski.ba\/index.php\/2021\/04\/05\/nova-prica-o-srbiji-strance-pozivaju-na-cijepljenje-a-srbi-ga-odbijaju\/","og_site_name":"RADIO LJUBU\u0160KI","article_publisher":"https:\/\/www.facebook.com\/Radiio-Ljubuski-1490835324566332","article_published_time":"2021-04-05T22:17:34+00:00","article_modified_time":"2021-04-05T22:17:35+00:00","og_image":[{"width":696,"height":464,"url":"https:\/\/radioljubuski.ba\/wp-content\/uploads\/2021\/04\/cijepljenje-vucic-696x464-1.jpg","type":"image\/jpeg"}],"author":"Radio Ljubu\u0161ki","twitter_card":"summary_large_image","twitter_creator":"@radioljubuski","twitter_site":"@radioljubuski","twitter_misc":{"Napisao\/la":"Radio Ljubu\u0161ki","Procijenjeno vrijeme \u010ditanja":"1 minuta"},"schema":{"@context":"https:\/\/schema.org","@graph":[{"@type":"Article","@id":"https:\/\/radioljubuski.ba\/index.php\/2021\/04\/05\/nova-prica-o-srbiji-strance-pozivaju-na-cijepljenje-a-srbi-ga-odbijaju\/#article","isPartOf":{"@id":"https:\/\/radioljubuski.ba\/index.php\/2021\/04\/05\/nova-prica-o-srbiji-strance-pozivaju-na-cijepljenje-a-srbi-ga-odbijaju\/"},"author":{"name":"Radio Ljubu\u0161ki","@id":"https:\/\/radioljubuski.ba\/#\/schema\/person\/19fc700381a780f69665d7956c469e3b"},"headline":"Nova pri\u010da o Srbiji: Strance pozivaju na cijepljenje, a Srbi ga odbijaju","datePublished":"2021-04-05T22:17:34+00:00","dateModified":"2021-04-05T22:17:35+00:00","mainEntityOfPage":{"@id":"https:\/\/radioljubuski.ba\/index.php\/2021\/04\/05\/nova-prica-o-srbiji-strance-pozivaju-na-cijepljenje-a-srbi-ga-odbijaju\/"},"wordCount":263,"publisher":{"@id":"https:\/\/radioljubuski.ba\/#organization"},"image":{"@id":"https:\/\/radioljubuski.ba\/index.php\/2021\/04\/05\/nova-prica-o-srbiji-strance-pozivaju-na-cijepljenje-a-srbi-ga-odbijaju\/#primaryimage"},"thumbnailUrl":"https:\/\/radioljubuski.ba\/wp-content\/uploads\/2021\/04\/cijepljenje-vucic-696x464-1.jpg","articleSection":["BIH i regija"],"inLanguage":"hr"},{"@type":"WebPage","@id":"https:\/\/radioljubuski.ba\/index.php\/2021\/04\/05\/nova-prica-o-srbiji-strance-pozivaju-na-cijepljenje-a-srbi-ga-odbijaju\/","url":"https:\/\/radioljubuski.ba\/index.php\/2021\/04\/05\/nova-prica-o-srbiji-strance-pozivaju-na-cijepljenje-a-srbi-ga-odbijaju\/","name":"Nova pri\u010da o Srbiji: Strance pozivaju na cijepljenje, a Srbi ga odbijaju - RADIO LJUBU\u0160KI","isPartOf":{"@id":"https:\/\/radioljubuski.ba\/#website"},"primaryImageOfPage":{"@id":"https:\/\/radioljubuski.ba\/index.php\/2021\/04\/05\/nova-prica-o-srbiji-strance-pozivaju-na-cijepljenje-a-srbi-ga-odbijaju\/#primaryimage"},"image":{"@id":"https:\/\/radioljubuski.ba\/index.php\/2021\/04\/05\/nova-prica-o-srbiji-strance-pozivaju-na-cijepljenje-a-srbi-ga-odbijaju\/#primaryimage"},"thumbnailUrl":"https:\/\/radioljubuski.ba\/wp-content\/uploads\/2021\/04\/cijepljenje-vucic-696x464-1.jpg","datePublished":"2021-04-05T22:17:34+00:00","dateModified":"2021-04-05T22:17:35+00:00","breadcrumb":{"@id":"https:\/\/radioljubuski.ba\/index.php\/2021\/04\/05\/nova-prica-o-srbiji-strance-pozivaju-na-cijepljenje-a-srbi-ga-odbijaju\/#breadcrumb"},"inLanguage":"hr","potentialAction":[{"@type":"ReadAction","target":["https:\/\/radioljubuski.ba\/index.php\/2021\/04\/05\/nova-prica-o-srbiji-strance-pozivaju-na-cijepljenje-a-srbi-ga-odbijaju\/"]}]},{"@type":"ImageObject","inLanguage":"hr","@id":"https:\/\/radioljubuski.ba\/index.php\/2021\/04\/05\/nova-prica-o-srbiji-strance-pozivaju-na-cijepljenje-a-srbi-ga-odbijaju\/#primaryimage","url":"https:\/\/radioljubuski.ba\/wp-content\/uploads\/2021\/04\/cijepljenje-vucic-696x464-1.jpg","contentUrl":"https:\/\/radioljubuski.ba\/wp-content\/uploads\/2021\/04\/cijepljenje-vucic-696x464-1.jpg","width":696,"height":464},{"@type":"BreadcrumbList","@id":"https:\/\/radioljubuski.ba\/index.php\/2021\/04\/05\/nova-prica-o-srbiji-strance-pozivaju-na-cijepljenje-a-srbi-ga-odbijaju\/#breadcrumb","itemListElement":[{"@type":"ListItem","position":1,"name":"Po\u010detna stranica","item":"https:\/\/radioljubuski.ba\/"},{"@type":"ListItem","position":2,"name":"Nova pri\u010da o Srbiji: Strance pozivaju na cijepljenje, a Srbi ga odbijaju"}]},{"@type":"WebSite","@id":"https:\/\/radioljubuski.ba\/#website","url":"https:\/\/radioljubuski.ba\/","name":"Radio Ljubu\u0161ki","description":"Sun\u010dana frekvencija Hercegovine","publisher":{"@id":"https:\/\/radioljubuski.ba\/#organization"},"potentialAction":[{"@type":"SearchAction","target":{"@type":"EntryPoint","urlTemplate":"https:\/\/radioljubuski.ba\/?s={search_term_string}"},"query-input":{"@type":"PropertyValueSpecification","valueRequired":true,"valueName":"search_term_string"}}],"inLanguage":"hr"},{"@type":"Organization","@id":"https:\/\/radioljubuski.ba\/#organization","name":"Radio Ljubu\u0161ki","url":"https:\/\/radioljubuski.ba\/","logo":{"@type":"ImageObject","inLanguage":"hr","@id":"https:\/\/radioljubuski.ba\/#\/schema\/logo\/image\/","url":"https:\/\/radioljubuski.ba\/wp-content\/uploads\/2021\/02\/cropped-Radio_Ljubuski_logo1.jpg","contentUrl":"https:\/\/radioljubuski.ba\/wp-content\/uploads\/2021\/02\/cropped-Radio_Ljubuski_logo1.jpg","width":512,"height":512,"caption":"Radio Ljubu\u0161ki"},"image":{"@id":"https:\/\/radioljubuski.ba\/#\/schema\/logo\/image\/"},"sameAs":["https:\/\/www.facebook.com\/Radiio-Ljubuski-1490835324566332","https:\/\/x.com\/radioljubuski","https:\/\/hr.linkedin.com\/company\/radio-ljubuski","https:\/\/www.youtube.com\/channel\/UCHYaeO_n0Db3tjNGudGpXyw"]},{"@type":"Person","@id":"https:\/\/radioljubuski.ba\/#\/schema\/person\/19fc700381a780f69665d7956c469e3b","name":"Radio Ljubu\u0161ki"}]}},"_links":{"self":[{"href":"https:\/\/radioljubuski.ba\/index.php\/wp-json\/wp\/v2\/posts\/9889","targetHints":{"allow":["GET"]}}],"collection":[{"href":"https:\/\/radioljubuski.ba\/index.php\/wp-json\/wp\/v2\/posts"}],"about":[{"href":"https:\/\/radioljubuski.ba\/index.php\/wp-json\/wp\/v2\/types\/post"}],"author":[{"embeddable":true,"href":"https:\/\/radioljubuski.ba\/index.php\/wp-json\/wp\/v2\/users\/2"}],"replies":[{"embeddable":true,"href":"https:\/\/radioljubuski.ba\/index.php\/wp-json\/wp\/v2\/comments?post=9889"}],"version-history":[{"count":1,"href":"https:\/\/radioljubuski.ba\/index.php\/wp-json\/wp\/v2\/posts\/9889\/revisions"}],"predecessor-version":[{"id":9891,"href":"https:\/\/radioljubuski.ba\/index.php\/wp-json\/wp\/v2\/posts\/9889\/revisions\/9891"}],"wp:featuredmedia":[{"embeddable":true,"href":"https:\/\/radioljubuski.ba\/index.php\/wp-json\/wp\/v2\/media\/9890"}],"wp:attachment":[{"href":"https:\/\/radioljubuski.ba\/index.php\/wp-json\/wp\/v2\/media?parent=9889"}],"wp:term":[{"taxonomy":"category","embeddable":true,"href":"https:\/\/radioljubuski.ba\/index.php\/wp-json\/wp\/v2\/categories?post=9889"},{"taxonomy":"post_tag","embeddable":true,"href":"https:\/\/radioljubuski.ba\/index.php\/wp-json\/wp\/v2\/tags?post=9889"}],"curies":[{"name":"wp","href":"https:\/\/api.w.org\/{rel}","templated":true}]}}