{"id":9907,"date":"2021-04-05T23:31:44","date_gmt":"2021-04-05T22:31:44","guid":{"rendered":"https:\/\/radioljubuski.ba\/?p=9907"},"modified":"2021-04-05T23:31:45","modified_gmt":"2021-04-05T22:31:45","slug":"tko-su-zene-iz-bih-za-kojima-je-interpol-raspisao-crvenu-tjeralicu","status":"publish","type":"post","link":"https:\/\/radioljubuski.ba\/index.php\/2021\/04\/05\/tko-su-zene-iz-bih-za-kojima-je-interpol-raspisao-crvenu-tjeralicu\/","title":{"rendered":"Tko su \u017eene iz BiH za kojima je Interpol raspisao crvenu tjeralicu"},"content":{"rendered":"\n<p><strong>Me\u0111unarodna kriminalisti\u010dko-policijska organizacija (INTERPOL) traga za to\u010dno 100 osoba iz Bosne i Hercegovine. Konkretnije \u2013 ovaj broj je ne\u0161to ve\u0107i \u2013 ali za njih 100 je raspisna crvena tjeralica. To je zahtjev za provo\u0111enje zakona \u0161irom svijeta za pronala\u017eenje i privremeno uhi\u0107enje osobe do izru\u010denja, predaje ili sli\u010dne radnje.<\/strong><\/p>\n\n\n\n<p>Liste su duge, nepregledne i pune poznatih imena, a me\u0111u stotinu osoba iz BiH s oznakom \u201ccrveno\u201d Interpola-a nalazi se i pet \u017eena. Na listama su pojedinci koji od zakona bje\u017ee i niz godina.<\/p>\n\n\n\n<p>Od 100 dr\u017eavljana BiH \u2013 Interpol traga za 95 mu\u0161karaca i pet \u017eena. U nastavku prenosimo detalje o njima koje je objavila ova organizacija, pi\u0161e N1.<\/p>\n\n\n\n<p>Sandra Kahri\u0107 je rodom iz Bosanske Gradi\u0161ke. Ro\u0111ena je 13. rujna 1982. godine, a dr\u017eava koja tra\u017ei njeno uhi\u0107enje i izru\u010denje je Francuska.<\/p>\n\n\n\n<p>Kra\u0111a, prevara, ugro\u017eavanje zdravlja djeteta, poku\u0161aj prevare i provale su optu\u017ebe koje joj se stavljaju na teret.<\/p>\n\n\n\n<p>Njen suprug tvrdi da je njen identitet ukraden, te da ona \u017eivi u Parizu i bavi se prodajom automobila. U izjavi za bh. medije, njen suprug Nenad \u0110or\u0111evi\u0107 je rekao da je on slu\u010daj prijavio Veleposlanstvu BiH u Francuskoj, da ona sada ne mo\u017ee putovati nigdje \u2013 jer ne mo\u017ee izvaditi dokumente koje koristi njena snaha Jagoda Aleksi\u0107.<\/p>\n\n\n\n<p>\u0110or\u0111evi\u0107 ka\u017ee da su svi podaci koji se nalaze na crvenoj tjeralici to\u010dni, ali da se iza njih krije potpuno druga osoba.<\/p>\n\n\n\n<p>Slavojka Marinkovi\u0107 ima 54 godine. Ro\u0111ena je u Lakta\u0161ima 13. sije\u010dnja 1967. godine. Dr\u017eava koja tra\u017ei njeno izru\u010denje je Bosna i Hercegovina.<\/p>\n\n\n\n<p>\u201cNezakonito li\u0161enje slobode\u201d joj se stavlja na teret na stranici Interpola.<\/p>\n\n\n\n<p>Podsje\u0107amo, ona je sa suprugom Milenkom, osu\u0111ena za okrutno pona\u0161anje prema Njemici Betini Signer, koja je bila zatvorena godinama na njihovom imanju u selu Karavlasi kod Kalesije. Nakon otkri\u0107a o zlostavljanju njema\u010dke djevoj\u010dice, koju su tretirali kao robinju, u Op\u0161tinskom sudu u Kalesiji Milenko Marinkovi\u0107 je, poslije sporazumnog priznanja krivice, osu\u0111en na dvije godine zatvora, a njegova supruga Slavojka na 18 mjeseci.<\/p>\n\n\n\n<p>Par je optu\u017een da je od kraja 2005. do 17. svibnja 2012. godine u zaseoku Karavlasi dr\u017eao zatvorenu Betinu Signer, koju su fizi\u010dki i psihi\u010dki zlostavljali, nanosili joj te\u0161ke tjelesne povrede, izgladnjivali je i tjerali da radi te\u0161ke fizi\u010dke poslove. Slu\u010daj koji je \u0161okirao svjetsku javnost otkriven je 15. svibnja 2012. godine, kada ga je policiji prijavio Sead Makali\u0107, stanovnik susjednog sela Goj\u010din<\/p>\n\n\n\n<p>Vi\u0161nja A\u0107imovi\u0107 ro\u0111ena je 12. travnja 1972. godine. Iz Kladnja je, a tra\u017ei je Bosna i Hercegovina zbog ratnih zlo\u010dina protiv civilnog stanovni\u0161tva.<\/p>\n\n\n\n<p>Prema navodima Tu\u017eiteljstva BiH, A\u0107imovi\u0107 se tereti da je, zajedno s vi\u0161e pripadnika Vojske Republike Srpske (VRS), na lokalitetu Mra\u010dni dol (Mra\u010dnica), u \u010dijoj se neposrednoj blizini nalazio logor \u201cSu\u0161ica\u201d (op\u0107ina Vlasenica), svjesno i voljno sudjelovala u ubojstvu 37 mu\u0161karaca bo\u0161nja\u010dke nacionalnosti koji su prethodno dovezeni autobusom iz zatvora koji se nalazio iza zgrade Suda u Vlasenici.<\/p>\n\n\n\n<p>Nalazi se u Srbiji gdje joj je u prosincu 2020. godine po\u010delo su\u0111enje pred Specijalnim sudom u Beogradu. Krivicu je negirala.<\/p>\n\n\n\n<p>Sud BiH je potvrdio optu\u017enicu protiv A\u0107imovi\u0107 po\u010detkom velja\u010de 2017. godine, a kasnije je za njom raspisana tjeralica zbog nedostupnosti pravosu\u0111u u BiH.<\/p>\n\n\n\n<p>Slobodanka To\u0161i\u0107 iz Sarajeva ro\u0111ena je 7. o\u017eujka 1986. godine. Bosna i Hercegovina je zemlja koja tra\u017ei njeno uhi\u0107enje i izru\u010denje.<\/p>\n\n\n\n<p>Optu\u017ebe protiv nje su udru\u017eivanje u svrhu \u010dinjenja kaznenih djela i ubojstvo u poku\u0161aju sa sudioni\u0161tvom.<\/p>\n\n\n\n<p>Ona je najpoznatija osoba na ovom spisku, budu\u0107i da je biv\u0161a Miss fotogeni\u010dnosti BiH i Playboyeva ze\u010dica. Ona je osu\u0111ena na dvije i pol godine zatvora zbog sudioni\u0161tva u poku\u0161aju ubojstva \u0110or\u0111a \u017ddrale. Uhi\u0107ena je u akciji \u201cLutka\u201d, ali je uspjela pobje\u0107i. Mediji navode da ima i dr\u017eavljanstvo Srbije.<\/p>\n\n\n\n<p>Aldijana Dizdarevi\u0107 je iz Velike Kladu\u0161e. Ro\u0111ena je 15. sije\u010dnja 1986. godine, a dr\u017eava koja tra\u017ei njeno izru\u010denje je BiH. Razlog \u2013 poku\u0161aj ubojstva.<\/p>\n\n\n\n<p>Me\u0111unarodna tjeralica za njom raspisana je po nalogu \u017eupanijskog suda u Biha\u0107u u kolovozu 2015. godine. Osumnji\u010dena je da je 14. rujna 2011. uve\u010der u mjestu Kumarice kod Velike Kladu\u0161a iz ru\u010dno izra\u0111ene pu\u0161ke, takozvane kubure, kalibra 16 milimetara, ispalila hitac prema N.S. (29) iz Velike Kladu\u0161e koji je tada zadobio te\u0161ke ozljede.<\/p>\n\n\n\n<p>Detalje ove liste mo\u017eete pogledati&nbsp;<a href=\"https:\/\/www.interpol.int\/en\/How-we-work\/Notices\/View-Red-Notices\">OVDJE<\/a>.<\/p>\n\n\n\n<p>\/HMS\/<\/p>\n","protected":false},"excerpt":{"rendered":"<p>Me\u0111unarodna kriminalisti\u010dko-policijska organizacija (INTERPOL) traga za to\u010dno 100 osoba iz Bosne i Hercegovine. Konkretnije \u2013 ovaj broj je ne\u0161to ve\u0107i \u2013 ali za njih 100 je raspisna crvena tjeralica. To je zahtjev za provo\u0111enje zakona \u0161irom svijeta za pronala\u017eenje i privremeno uhi\u0107enje osobe do izru\u010denja, predaje ili sli\u010dne radnje. Liste su duge, nepregledne i pune [&hellip;]<\/p>\n","protected":false},"author":2,"featured_media":9908,"comment_status":"closed","ping_status":"closed","sticky":false,"template":"","format":"standard","meta":{"h5ap_radio_sources":[],"footnotes":""},"categories":[1],"tags":[],"class_list":["post-9907","post","type-post","status-publish","format-standard","has-post-thumbnail","hentry","category-bihiregija"],"yoast_head":"<!-- This site is optimized with the Yoast SEO plugin v27.5 - https:\/\/yoast.com\/product\/yoast-seo-wordpress\/ -->\n<title>Tko su \u017eene iz BiH za kojima je Interpol raspisao crvenu tjeralicu - RADIO LJUBU\u0160KI<\/title>\n<meta name=\"robots\" content=\"index, follow, max-snippet:-1, max-image-preview:large, max-video-preview:-1\" \/>\n<link rel=\"canonical\" href=\"https:\/\/radioljubuski.ba\/index.php\/2021\/04\/05\/tko-su-zene-iz-bih-za-kojima-je-interpol-raspisao-crvenu-tjeralicu\/\" \/>\n<meta property=\"og:locale\" content=\"hr_HR\" \/>\n<meta property=\"og:type\" content=\"article\" \/>\n<meta property=\"og:title\" content=\"Tko su \u017eene iz BiH za kojima je Interpol raspisao crvenu tjeralicu - RADIO LJUBU\u0160KI\" \/>\n<meta property=\"og:description\" content=\"Me\u0111unarodna kriminalisti\u010dko-policijska organizacija (INTERPOL) traga za to\u010dno 100 osoba iz Bosne i Hercegovine. Konkretnije \u2013 ovaj broj je ne\u0161to ve\u0107i \u2013 ali za njih 100 je raspisna crvena tjeralica. To je zahtjev za provo\u0111enje zakona \u0161irom svijeta za pronala\u017eenje i privremeno uhi\u0107enje osobe do izru\u010denja, predaje ili sli\u010dne radnje. Liste su duge, nepregledne i pune [&hellip;]\" \/>\n<meta property=\"og:url\" content=\"https:\/\/radioljubuski.ba\/index.php\/2021\/04\/05\/tko-su-zene-iz-bih-za-kojima-je-interpol-raspisao-crvenu-tjeralicu\/\" \/>\n<meta property=\"og:site_name\" content=\"RADIO LJUBU\u0160KI\" \/>\n<meta property=\"article:publisher\" content=\"https:\/\/www.facebook.com\/Radiio-Ljubuski-1490835324566332\" \/>\n<meta property=\"article:published_time\" content=\"2021-04-05T22:31:44+00:00\" \/>\n<meta property=\"article:modified_time\" content=\"2021-04-05T22:31:45+00:00\" \/>\n<meta property=\"og:image\" content=\"https:\/\/radioljubuski.ba\/wp-content\/uploads\/2021\/04\/befunky-collage-1.jpg\" \/>\n\t<meta property=\"og:image:width\" content=\"840\" \/>\n\t<meta property=\"og:image:height\" content=\"470\" \/>\n\t<meta property=\"og:image:type\" content=\"image\/jpeg\" \/>\n<meta name=\"author\" content=\"Radio Ljubu\u0161ki\" \/>\n<meta name=\"twitter:card\" content=\"summary_large_image\" \/>\n<meta name=\"twitter:creator\" content=\"@radioljubuski\" \/>\n<meta name=\"twitter:site\" content=\"@radioljubuski\" \/>\n<meta name=\"twitter:label1\" content=\"Napisao\/la\" \/>\n\t<meta name=\"twitter:data1\" content=\"Radio Ljubu\u0161ki\" \/>\n\t<meta name=\"twitter:label2\" content=\"Procijenjeno vrijeme \u010ditanja\" \/>\n\t<meta name=\"twitter:data2\" content=\"3 minute\" \/>\n<script type=\"application\/ld+json\" class=\"yoast-schema-graph\">{\"@context\":\"https:\\\/\\\/schema.org\",\"@graph\":[{\"@type\":\"Article\",\"@id\":\"https:\\\/\\\/radioljubuski.ba\\\/index.php\\\/2021\\\/04\\\/05\\\/tko-su-zene-iz-bih-za-kojima-je-interpol-raspisao-crvenu-tjeralicu\\\/#article\",\"isPartOf\":{\"@id\":\"https:\\\/\\\/radioljubuski.ba\\\/index.php\\\/2021\\\/04\\\/05\\\/tko-su-zene-iz-bih-za-kojima-je-interpol-raspisao-crvenu-tjeralicu\\\/\"},\"author\":{\"name\":\"Radio Ljubu\u0161ki\",\"@id\":\"https:\\\/\\\/radioljubuski.ba\\\/#\\\/schema\\\/person\\\/19fc700381a780f69665d7956c469e3b\"},\"headline\":\"Tko su \u017eene iz BiH za kojima je Interpol raspisao crvenu tjeralicu\",\"datePublished\":\"2021-04-05T22:31:44+00:00\",\"dateModified\":\"2021-04-05T22:31:45+00:00\",\"mainEntityOfPage\":{\"@id\":\"https:\\\/\\\/radioljubuski.ba\\\/index.php\\\/2021\\\/04\\\/05\\\/tko-su-zene-iz-bih-za-kojima-je-interpol-raspisao-crvenu-tjeralicu\\\/\"},\"wordCount\":779,\"publisher\":{\"@id\":\"https:\\\/\\\/radioljubuski.ba\\\/#organization\"},\"image\":{\"@id\":\"https:\\\/\\\/radioljubuski.ba\\\/index.php\\\/2021\\\/04\\\/05\\\/tko-su-zene-iz-bih-za-kojima-je-interpol-raspisao-crvenu-tjeralicu\\\/#primaryimage\"},\"thumbnailUrl\":\"https:\\\/\\\/radioljubuski.ba\\\/wp-content\\\/uploads\\\/2021\\\/04\\\/befunky-collage-1.jpg\",\"articleSection\":[\"BIH i regija\"],\"inLanguage\":\"hr\"},{\"@type\":\"WebPage\",\"@id\":\"https:\\\/\\\/radioljubuski.ba\\\/index.php\\\/2021\\\/04\\\/05\\\/tko-su-zene-iz-bih-za-kojima-je-interpol-raspisao-crvenu-tjeralicu\\\/\",\"url\":\"https:\\\/\\\/radioljubuski.ba\\\/index.php\\\/2021\\\/04\\\/05\\\/tko-su-zene-iz-bih-za-kojima-je-interpol-raspisao-crvenu-tjeralicu\\\/\",\"name\":\"Tko su \u017eene iz BiH za kojima je Interpol raspisao crvenu tjeralicu - RADIO LJUBU\u0160KI\",\"isPartOf\":{\"@id\":\"https:\\\/\\\/radioljubuski.ba\\\/#website\"},\"primaryImageOfPage\":{\"@id\":\"https:\\\/\\\/radioljubuski.ba\\\/index.php\\\/2021\\\/04\\\/05\\\/tko-su-zene-iz-bih-za-kojima-je-interpol-raspisao-crvenu-tjeralicu\\\/#primaryimage\"},\"image\":{\"@id\":\"https:\\\/\\\/radioljubuski.ba\\\/index.php\\\/2021\\\/04\\\/05\\\/tko-su-zene-iz-bih-za-kojima-je-interpol-raspisao-crvenu-tjeralicu\\\/#primaryimage\"},\"thumbnailUrl\":\"https:\\\/\\\/radioljubuski.ba\\\/wp-content\\\/uploads\\\/2021\\\/04\\\/befunky-collage-1.jpg\",\"datePublished\":\"2021-04-05T22:31:44+00:00\",\"dateModified\":\"2021-04-05T22:31:45+00:00\",\"breadcrumb\":{\"@id\":\"https:\\\/\\\/radioljubuski.ba\\\/index.php\\\/2021\\\/04\\\/05\\\/tko-su-zene-iz-bih-za-kojima-je-interpol-raspisao-crvenu-tjeralicu\\\/#breadcrumb\"},\"inLanguage\":\"hr\",\"potentialAction\":[{\"@type\":\"ReadAction\",\"target\":[\"https:\\\/\\\/radioljubuski.ba\\\/index.php\\\/2021\\\/04\\\/05\\\/tko-su-zene-iz-bih-za-kojima-je-interpol-raspisao-crvenu-tjeralicu\\\/\"]}]},{\"@type\":\"ImageObject\",\"inLanguage\":\"hr\",\"@id\":\"https:\\\/\\\/radioljubuski.ba\\\/index.php\\\/2021\\\/04\\\/05\\\/tko-su-zene-iz-bih-za-kojima-je-interpol-raspisao-crvenu-tjeralicu\\\/#primaryimage\",\"url\":\"https:\\\/\\\/radioljubuski.ba\\\/wp-content\\\/uploads\\\/2021\\\/04\\\/befunky-collage-1.jpg\",\"contentUrl\":\"https:\\\/\\\/radioljubuski.ba\\\/wp-content\\\/uploads\\\/2021\\\/04\\\/befunky-collage-1.jpg\",\"width\":840,\"height\":470},{\"@type\":\"BreadcrumbList\",\"@id\":\"https:\\\/\\\/radioljubuski.ba\\\/index.php\\\/2021\\\/04\\\/05\\\/tko-su-zene-iz-bih-za-kojima-je-interpol-raspisao-crvenu-tjeralicu\\\/#breadcrumb\",\"itemListElement\":[{\"@type\":\"ListItem\",\"position\":1,\"name\":\"Po\u010detna stranica\",\"item\":\"https:\\\/\\\/radioljubuski.ba\\\/\"},{\"@type\":\"ListItem\",\"position\":2,\"name\":\"Tko su \u017eene iz BiH za kojima je Interpol raspisao crvenu tjeralicu\"}]},{\"@type\":\"WebSite\",\"@id\":\"https:\\\/\\\/radioljubuski.ba\\\/#website\",\"url\":\"https:\\\/\\\/radioljubuski.ba\\\/\",\"name\":\"Radio Ljubu\u0161ki\",\"description\":\"Sun\u010dana frekvencija Hercegovine\",\"publisher\":{\"@id\":\"https:\\\/\\\/radioljubuski.ba\\\/#organization\"},\"potentialAction\":[{\"@type\":\"SearchAction\",\"target\":{\"@type\":\"EntryPoint\",\"urlTemplate\":\"https:\\\/\\\/radioljubuski.ba\\\/?s={search_term_string}\"},\"query-input\":{\"@type\":\"PropertyValueSpecification\",\"valueRequired\":true,\"valueName\":\"search_term_string\"}}],\"inLanguage\":\"hr\"},{\"@type\":\"Organization\",\"@id\":\"https:\\\/\\\/radioljubuski.ba\\\/#organization\",\"name\":\"Radio Ljubu\u0161ki\",\"url\":\"https:\\\/\\\/radioljubuski.ba\\\/\",\"logo\":{\"@type\":\"ImageObject\",\"inLanguage\":\"hr\",\"@id\":\"https:\\\/\\\/radioljubuski.ba\\\/#\\\/schema\\\/logo\\\/image\\\/\",\"url\":\"https:\\\/\\\/radioljubuski.ba\\\/wp-content\\\/uploads\\\/2021\\\/02\\\/cropped-Radio_Ljubuski_logo1.jpg\",\"contentUrl\":\"https:\\\/\\\/radioljubuski.ba\\\/wp-content\\\/uploads\\\/2021\\\/02\\\/cropped-Radio_Ljubuski_logo1.jpg\",\"width\":512,\"height\":512,\"caption\":\"Radio Ljubu\u0161ki\"},\"image\":{\"@id\":\"https:\\\/\\\/radioljubuski.ba\\\/#\\\/schema\\\/logo\\\/image\\\/\"},\"sameAs\":[\"https:\\\/\\\/www.facebook.com\\\/Radiio-Ljubuski-1490835324566332\",\"https:\\\/\\\/x.com\\\/radioljubuski\",\"https:\\\/\\\/hr.linkedin.com\\\/company\\\/radio-ljubuski\",\"https:\\\/\\\/www.youtube.com\\\/channel\\\/UCHYaeO_n0Db3tjNGudGpXyw\"]},{\"@type\":\"Person\",\"@id\":\"https:\\\/\\\/radioljubuski.ba\\\/#\\\/schema\\\/person\\\/19fc700381a780f69665d7956c469e3b\",\"name\":\"Radio Ljubu\u0161ki\"}]}<\/script>\n<!-- \/ Yoast SEO plugin. -->","yoast_head_json":{"title":"Tko su \u017eene iz BiH za kojima je Interpol raspisao crvenu tjeralicu - RADIO LJUBU\u0160KI","robots":{"index":"index","follow":"follow","max-snippet":"max-snippet:-1","max-image-preview":"max-image-preview:large","max-video-preview":"max-video-preview:-1"},"canonical":"https:\/\/radioljubuski.ba\/index.php\/2021\/04\/05\/tko-su-zene-iz-bih-za-kojima-je-interpol-raspisao-crvenu-tjeralicu\/","og_locale":"hr_HR","og_type":"article","og_title":"Tko su \u017eene iz BiH za kojima je Interpol raspisao crvenu tjeralicu - RADIO LJUBU\u0160KI","og_description":"Me\u0111unarodna kriminalisti\u010dko-policijska organizacija (INTERPOL) traga za to\u010dno 100 osoba iz Bosne i Hercegovine. Konkretnije \u2013 ovaj broj je ne\u0161to ve\u0107i \u2013 ali za njih 100 je raspisna crvena tjeralica. To je zahtjev za provo\u0111enje zakona \u0161irom svijeta za pronala\u017eenje i privremeno uhi\u0107enje osobe do izru\u010denja, predaje ili sli\u010dne radnje. Liste su duge, nepregledne i pune [&hellip;]","og_url":"https:\/\/radioljubuski.ba\/index.php\/2021\/04\/05\/tko-su-zene-iz-bih-za-kojima-je-interpol-raspisao-crvenu-tjeralicu\/","og_site_name":"RADIO LJUBU\u0160KI","article_publisher":"https:\/\/www.facebook.com\/Radiio-Ljubuski-1490835324566332","article_published_time":"2021-04-05T22:31:44+00:00","article_modified_time":"2021-04-05T22:31:45+00:00","og_image":[{"width":840,"height":470,"url":"https:\/\/radioljubuski.ba\/wp-content\/uploads\/2021\/04\/befunky-collage-1.jpg","type":"image\/jpeg"}],"author":"Radio Ljubu\u0161ki","twitter_card":"summary_large_image","twitter_creator":"@radioljubuski","twitter_site":"@radioljubuski","twitter_misc":{"Napisao\/la":"Radio Ljubu\u0161ki","Procijenjeno vrijeme \u010ditanja":"3 minute"},"schema":{"@context":"https:\/\/schema.org","@graph":[{"@type":"Article","@id":"https:\/\/radioljubuski.ba\/index.php\/2021\/04\/05\/tko-su-zene-iz-bih-za-kojima-je-interpol-raspisao-crvenu-tjeralicu\/#article","isPartOf":{"@id":"https:\/\/radioljubuski.ba\/index.php\/2021\/04\/05\/tko-su-zene-iz-bih-za-kojima-je-interpol-raspisao-crvenu-tjeralicu\/"},"author":{"name":"Radio Ljubu\u0161ki","@id":"https:\/\/radioljubuski.ba\/#\/schema\/person\/19fc700381a780f69665d7956c469e3b"},"headline":"Tko su \u017eene iz BiH za kojima je Interpol raspisao crvenu tjeralicu","datePublished":"2021-04-05T22:31:44+00:00","dateModified":"2021-04-05T22:31:45+00:00","mainEntityOfPage":{"@id":"https:\/\/radioljubuski.ba\/index.php\/2021\/04\/05\/tko-su-zene-iz-bih-za-kojima-je-interpol-raspisao-crvenu-tjeralicu\/"},"wordCount":779,"publisher":{"@id":"https:\/\/radioljubuski.ba\/#organization"},"image":{"@id":"https:\/\/radioljubuski.ba\/index.php\/2021\/04\/05\/tko-su-zene-iz-bih-za-kojima-je-interpol-raspisao-crvenu-tjeralicu\/#primaryimage"},"thumbnailUrl":"https:\/\/radioljubuski.ba\/wp-content\/uploads\/2021\/04\/befunky-collage-1.jpg","articleSection":["BIH i regija"],"inLanguage":"hr"},{"@type":"WebPage","@id":"https:\/\/radioljubuski.ba\/index.php\/2021\/04\/05\/tko-su-zene-iz-bih-za-kojima-je-interpol-raspisao-crvenu-tjeralicu\/","url":"https:\/\/radioljubuski.ba\/index.php\/2021\/04\/05\/tko-su-zene-iz-bih-za-kojima-je-interpol-raspisao-crvenu-tjeralicu\/","name":"Tko su \u017eene iz BiH za kojima je Interpol raspisao crvenu tjeralicu - RADIO LJUBU\u0160KI","isPartOf":{"@id":"https:\/\/radioljubuski.ba\/#website"},"primaryImageOfPage":{"@id":"https:\/\/radioljubuski.ba\/index.php\/2021\/04\/05\/tko-su-zene-iz-bih-za-kojima-je-interpol-raspisao-crvenu-tjeralicu\/#primaryimage"},"image":{"@id":"https:\/\/radioljubuski.ba\/index.php\/2021\/04\/05\/tko-su-zene-iz-bih-za-kojima-je-interpol-raspisao-crvenu-tjeralicu\/#primaryimage"},"thumbnailUrl":"https:\/\/radioljubuski.ba\/wp-content\/uploads\/2021\/04\/befunky-collage-1.jpg","datePublished":"2021-04-05T22:31:44+00:00","dateModified":"2021-04-05T22:31:45+00:00","breadcrumb":{"@id":"https:\/\/radioljubuski.ba\/index.php\/2021\/04\/05\/tko-su-zene-iz-bih-za-kojima-je-interpol-raspisao-crvenu-tjeralicu\/#breadcrumb"},"inLanguage":"hr","potentialAction":[{"@type":"ReadAction","target":["https:\/\/radioljubuski.ba\/index.php\/2021\/04\/05\/tko-su-zene-iz-bih-za-kojima-je-interpol-raspisao-crvenu-tjeralicu\/"]}]},{"@type":"ImageObject","inLanguage":"hr","@id":"https:\/\/radioljubuski.ba\/index.php\/2021\/04\/05\/tko-su-zene-iz-bih-za-kojima-je-interpol-raspisao-crvenu-tjeralicu\/#primaryimage","url":"https:\/\/radioljubuski.ba\/wp-content\/uploads\/2021\/04\/befunky-collage-1.jpg","contentUrl":"https:\/\/radioljubuski.ba\/wp-content\/uploads\/2021\/04\/befunky-collage-1.jpg","width":840,"height":470},{"@type":"BreadcrumbList","@id":"https:\/\/radioljubuski.ba\/index.php\/2021\/04\/05\/tko-su-zene-iz-bih-za-kojima-je-interpol-raspisao-crvenu-tjeralicu\/#breadcrumb","itemListElement":[{"@type":"ListItem","position":1,"name":"Po\u010detna stranica","item":"https:\/\/radioljubuski.ba\/"},{"@type":"ListItem","position":2,"name":"Tko su \u017eene iz BiH za kojima je Interpol raspisao crvenu tjeralicu"}]},{"@type":"WebSite","@id":"https:\/\/radioljubuski.ba\/#website","url":"https:\/\/radioljubuski.ba\/","name":"Radio Ljubu\u0161ki","description":"Sun\u010dana frekvencija Hercegovine","publisher":{"@id":"https:\/\/radioljubuski.ba\/#organization"},"potentialAction":[{"@type":"SearchAction","target":{"@type":"EntryPoint","urlTemplate":"https:\/\/radioljubuski.ba\/?s={search_term_string}"},"query-input":{"@type":"PropertyValueSpecification","valueRequired":true,"valueName":"search_term_string"}}],"inLanguage":"hr"},{"@type":"Organization","@id":"https:\/\/radioljubuski.ba\/#organization","name":"Radio Ljubu\u0161ki","url":"https:\/\/radioljubuski.ba\/","logo":{"@type":"ImageObject","inLanguage":"hr","@id":"https:\/\/radioljubuski.ba\/#\/schema\/logo\/image\/","url":"https:\/\/radioljubuski.ba\/wp-content\/uploads\/2021\/02\/cropped-Radio_Ljubuski_logo1.jpg","contentUrl":"https:\/\/radioljubuski.ba\/wp-content\/uploads\/2021\/02\/cropped-Radio_Ljubuski_logo1.jpg","width":512,"height":512,"caption":"Radio Ljubu\u0161ki"},"image":{"@id":"https:\/\/radioljubuski.ba\/#\/schema\/logo\/image\/"},"sameAs":["https:\/\/www.facebook.com\/Radiio-Ljubuski-1490835324566332","https:\/\/x.com\/radioljubuski","https:\/\/hr.linkedin.com\/company\/radio-ljubuski","https:\/\/www.youtube.com\/channel\/UCHYaeO_n0Db3tjNGudGpXyw"]},{"@type":"Person","@id":"https:\/\/radioljubuski.ba\/#\/schema\/person\/19fc700381a780f69665d7956c469e3b","name":"Radio Ljubu\u0161ki"}]}},"_links":{"self":[{"href":"https:\/\/radioljubuski.ba\/index.php\/wp-json\/wp\/v2\/posts\/9907","targetHints":{"allow":["GET"]}}],"collection":[{"href":"https:\/\/radioljubuski.ba\/index.php\/wp-json\/wp\/v2\/posts"}],"about":[{"href":"https:\/\/radioljubuski.ba\/index.php\/wp-json\/wp\/v2\/types\/post"}],"author":[{"embeddable":true,"href":"https:\/\/radioljubuski.ba\/index.php\/wp-json\/wp\/v2\/users\/2"}],"replies":[{"embeddable":true,"href":"https:\/\/radioljubuski.ba\/index.php\/wp-json\/wp\/v2\/comments?post=9907"}],"version-history":[{"count":1,"href":"https:\/\/radioljubuski.ba\/index.php\/wp-json\/wp\/v2\/posts\/9907\/revisions"}],"predecessor-version":[{"id":9909,"href":"https:\/\/radioljubuski.ba\/index.php\/wp-json\/wp\/v2\/posts\/9907\/revisions\/9909"}],"wp:featuredmedia":[{"embeddable":true,"href":"https:\/\/radioljubuski.ba\/index.php\/wp-json\/wp\/v2\/media\/9908"}],"wp:attachment":[{"href":"https:\/\/radioljubuski.ba\/index.php\/wp-json\/wp\/v2\/media?parent=9907"}],"wp:term":[{"taxonomy":"category","embeddable":true,"href":"https:\/\/radioljubuski.ba\/index.php\/wp-json\/wp\/v2\/categories?post=9907"},{"taxonomy":"post_tag","embeddable":true,"href":"https:\/\/radioljubuski.ba\/index.php\/wp-json\/wp\/v2\/tags?post=9907"}],"curies":[{"name":"wp","href":"https:\/\/api.w.org\/{rel}","templated":true}]}}