{"id":9916,"date":"2021-04-05T23:36:28","date_gmt":"2021-04-05T22:36:28","guid":{"rendered":"https:\/\/radioljubuski.ba\/?p=9916"},"modified":"2021-04-05T23:36:29","modified_gmt":"2021-04-05T22:36:29","slug":"kolektivni-imunitet-moguce-je-dostici-ali-i-izgubiti","status":"publish","type":"post","link":"https:\/\/radioljubuski.ba\/index.php\/2021\/04\/05\/kolektivni-imunitet-moguce-je-dostici-ali-i-izgubiti\/","title":{"rendered":"Kolektivni imunitet mogu\u0107e je dosti\u0107i, ali i izgubiti"},"content":{"rendered":"\n<p><strong>Postizanje kolektivnog imuniteta nije tako jednostavno. Niz prepreka postoji da bi se do njega do\u0161lo, a malo je potrebno da se on izgubi.<\/strong><\/p>\n\n\n\n<p>Kolektivni imunitet na covid-19 mo\u017ee se posti\u0107i, ali i izgubiti iz vi\u0161e razloga, ka\u017eu znanstvenici, ali je i mogu\u0107e da ga nikada ne\u0107emo posti\u0107i, prenosi&nbsp;<strong><a href=\"https:\/\/edition.cnn.com\/2021\/03\/30\/health\/herd-immunity-covid-shifts\/index.html\" target=\"_blank\" rel=\"noreferrer noopener\">CNN<\/a><\/strong>.<\/p>\n\n\n\n<p>\u201cMnogo se toga mora pokrenuti da bismo mogli posti\u0107i kolektivni imunitet\u201c, rekao je dr. Christopher Murray, direktor Instituta za metriku i ocjenu zdravlja Sveu\u010dili\u0161ta u Washingtonu i dodao:<\/p>\n\n\n\n<p>\u201cDa bi se kolektivni imunitet postigao, potrebno je da se dovoljno ljudi ili zarazi ili cijepi, da bi se zapravo sprije\u010dio prijenos u zajednici.\u201d<\/p>\n\n\n\n<p>Procjene variraju ovisno od tome koliko stanovni\u0161tva treba imati imunitet da bi se postigao taj cilj.<\/p>\n\n\n\n<p>Doktor Anthony Fauci, \u0161ef Nacionalnog instituta za alergije i zarazne bolesti, rekao je da bi kolektivni imunitet mogao biti postignut ako je 70 do 85 posto ljudi imuno. Internist dr. Jorge Rodriguez procjenjuje da je taj postotak izme\u0111u 85 i 90.<\/p>\n\n\n\n<h2 class=\"wp-block-heading\">Problem s mla\u0111om populacijom<\/h2>\n\n\n\n<p>Nitko mla\u0111i od 16 godina trenutno ne mo\u017ee dobiti cjepivo protiv koronavirusa. Cjepiva za djecu jo\u0161 uvijek su u fazi ispitivanja.<\/p>\n\n\n\n<p>Zdravstveni stru\u010dnjaci ka\u017eu da bi srednjo\u0161kolci mogli biti cijepljeni do jeseni, ali dr. Fauci je rekao da \u0107e mla\u0111a djeca vjerojatno morati \u010dekati do po\u010detka 2022. godine. A to je glavna prepreka za postizanje kolektivnog imuniteta jer se mladi jo\u0161 uvijek mogu zaraziti kao i prenijeti virus.<\/p>\n\n\n\n<p>\u201cVe\u0107 imamo 25 posto populacije koja ne ispunjava uvjete potrebne za cijepljenje, tako da su nam ruke vezane\u201c, rekao je epidemiolog Ali Mokdad, profesor medicinskih metri\u010dkih znanosti na IHME i dodao da je potrebno da ljudi koji ispunjavaju uvjete za cijepljenje, to i naprave, ali svi.<\/p>\n\n\n\n<p>\/HMS\/<\/p>\n","protected":false},"excerpt":{"rendered":"<p>Postizanje kolektivnog imuniteta nije tako jednostavno. Niz prepreka postoji da bi se do njega do\u0161lo, a malo je potrebno da se on izgubi. Kolektivni imunitet na covid-19 mo\u017ee se posti\u0107i, ali i izgubiti iz vi\u0161e razloga, ka\u017eu znanstvenici, ali je i mogu\u0107e da ga nikada ne\u0107emo posti\u0107i, prenosi&nbsp;CNN. \u201cMnogo se toga mora pokrenuti da bismo [&hellip;]<\/p>\n","protected":false},"author":2,"featured_media":9917,"comment_status":"closed","ping_status":"closed","sticky":false,"template":"","format":"standard","meta":{"h5ap_radio_sources":[],"footnotes":""},"categories":[1],"tags":[],"class_list":["post-9916","post","type-post","status-publish","format-standard","has-post-thumbnail","hentry","category-bihiregija"],"yoast_head":"<!-- This site is optimized with the Yoast SEO plugin v27.5 - https:\/\/yoast.com\/product\/yoast-seo-wordpress\/ -->\n<title>Kolektivni imunitet mogu\u0107e je dosti\u0107i, ali i izgubiti - RADIO LJUBU\u0160KI<\/title>\n<meta name=\"robots\" content=\"index, follow, max-snippet:-1, max-image-preview:large, max-video-preview:-1\" \/>\n<link rel=\"canonical\" href=\"https:\/\/radioljubuski.ba\/index.php\/2021\/04\/05\/kolektivni-imunitet-moguce-je-dostici-ali-i-izgubiti\/\" \/>\n<meta property=\"og:locale\" content=\"hr_HR\" \/>\n<meta property=\"og:type\" content=\"article\" \/>\n<meta property=\"og:title\" content=\"Kolektivni imunitet mogu\u0107e je dosti\u0107i, ali i izgubiti - RADIO LJUBU\u0160KI\" \/>\n<meta property=\"og:description\" content=\"Postizanje kolektivnog imuniteta nije tako jednostavno. Niz prepreka postoji da bi se do njega do\u0161lo, a malo je potrebno da se on izgubi. Kolektivni imunitet na covid-19 mo\u017ee se posti\u0107i, ali i izgubiti iz vi\u0161e razloga, ka\u017eu znanstvenici, ali je i mogu\u0107e da ga nikada ne\u0107emo posti\u0107i, prenosi&nbsp;CNN. \u201cMnogo se toga mora pokrenuti da bismo [&hellip;]\" \/>\n<meta property=\"og:url\" content=\"https:\/\/radioljubuski.ba\/index.php\/2021\/04\/05\/kolektivni-imunitet-moguce-je-dostici-ali-i-izgubiti\/\" \/>\n<meta property=\"og:site_name\" content=\"RADIO LJUBU\u0160KI\" \/>\n<meta property=\"article:publisher\" content=\"https:\/\/www.facebook.com\/Radiio-Ljubuski-1490835324566332\" \/>\n<meta property=\"article:published_time\" content=\"2021-04-05T22:36:28+00:00\" \/>\n<meta property=\"article:modified_time\" content=\"2021-04-05T22:36:29+00:00\" \/>\n<meta property=\"og:image\" content=\"https:\/\/radioljubuski.ba\/wp-content\/uploads\/2021\/04\/kolektivni.jpg\" \/>\n\t<meta property=\"og:image:width\" content=\"750\" \/>\n\t<meta property=\"og:image:height\" content=\"511\" \/>\n\t<meta property=\"og:image:type\" content=\"image\/jpeg\" \/>\n<meta name=\"author\" content=\"Radio Ljubu\u0161ki\" \/>\n<meta name=\"twitter:card\" content=\"summary_large_image\" \/>\n<meta name=\"twitter:creator\" content=\"@radioljubuski\" \/>\n<meta name=\"twitter:site\" content=\"@radioljubuski\" \/>\n<meta name=\"twitter:label1\" content=\"Napisao\/la\" \/>\n\t<meta name=\"twitter:data1\" content=\"Radio Ljubu\u0161ki\" \/>\n\t<meta name=\"twitter:label2\" content=\"Procijenjeno vrijeme \u010ditanja\" \/>\n\t<meta name=\"twitter:data2\" content=\"2 minute\" \/>\n<script type=\"application\/ld+json\" class=\"yoast-schema-graph\">{\"@context\":\"https:\\\/\\\/schema.org\",\"@graph\":[{\"@type\":\"Article\",\"@id\":\"https:\\\/\\\/radioljubuski.ba\\\/index.php\\\/2021\\\/04\\\/05\\\/kolektivni-imunitet-moguce-je-dostici-ali-i-izgubiti\\\/#article\",\"isPartOf\":{\"@id\":\"https:\\\/\\\/radioljubuski.ba\\\/index.php\\\/2021\\\/04\\\/05\\\/kolektivni-imunitet-moguce-je-dostici-ali-i-izgubiti\\\/\"},\"author\":{\"name\":\"Radio Ljubu\u0161ki\",\"@id\":\"https:\\\/\\\/radioljubuski.ba\\\/#\\\/schema\\\/person\\\/19fc700381a780f69665d7956c469e3b\"},\"headline\":\"Kolektivni imunitet mogu\u0107e je dosti\u0107i, ali i izgubiti\",\"datePublished\":\"2021-04-05T22:36:28+00:00\",\"dateModified\":\"2021-04-05T22:36:29+00:00\",\"mainEntityOfPage\":{\"@id\":\"https:\\\/\\\/radioljubuski.ba\\\/index.php\\\/2021\\\/04\\\/05\\\/kolektivni-imunitet-moguce-je-dostici-ali-i-izgubiti\\\/\"},\"wordCount\":304,\"publisher\":{\"@id\":\"https:\\\/\\\/radioljubuski.ba\\\/#organization\"},\"image\":{\"@id\":\"https:\\\/\\\/radioljubuski.ba\\\/index.php\\\/2021\\\/04\\\/05\\\/kolektivni-imunitet-moguce-je-dostici-ali-i-izgubiti\\\/#primaryimage\"},\"thumbnailUrl\":\"https:\\\/\\\/radioljubuski.ba\\\/wp-content\\\/uploads\\\/2021\\\/04\\\/kolektivni.jpg\",\"articleSection\":[\"BIH i regija\"],\"inLanguage\":\"hr\"},{\"@type\":\"WebPage\",\"@id\":\"https:\\\/\\\/radioljubuski.ba\\\/index.php\\\/2021\\\/04\\\/05\\\/kolektivni-imunitet-moguce-je-dostici-ali-i-izgubiti\\\/\",\"url\":\"https:\\\/\\\/radioljubuski.ba\\\/index.php\\\/2021\\\/04\\\/05\\\/kolektivni-imunitet-moguce-je-dostici-ali-i-izgubiti\\\/\",\"name\":\"Kolektivni imunitet mogu\u0107e je dosti\u0107i, ali i izgubiti - RADIO LJUBU\u0160KI\",\"isPartOf\":{\"@id\":\"https:\\\/\\\/radioljubuski.ba\\\/#website\"},\"primaryImageOfPage\":{\"@id\":\"https:\\\/\\\/radioljubuski.ba\\\/index.php\\\/2021\\\/04\\\/05\\\/kolektivni-imunitet-moguce-je-dostici-ali-i-izgubiti\\\/#primaryimage\"},\"image\":{\"@id\":\"https:\\\/\\\/radioljubuski.ba\\\/index.php\\\/2021\\\/04\\\/05\\\/kolektivni-imunitet-moguce-je-dostici-ali-i-izgubiti\\\/#primaryimage\"},\"thumbnailUrl\":\"https:\\\/\\\/radioljubuski.ba\\\/wp-content\\\/uploads\\\/2021\\\/04\\\/kolektivni.jpg\",\"datePublished\":\"2021-04-05T22:36:28+00:00\",\"dateModified\":\"2021-04-05T22:36:29+00:00\",\"breadcrumb\":{\"@id\":\"https:\\\/\\\/radioljubuski.ba\\\/index.php\\\/2021\\\/04\\\/05\\\/kolektivni-imunitet-moguce-je-dostici-ali-i-izgubiti\\\/#breadcrumb\"},\"inLanguage\":\"hr\",\"potentialAction\":[{\"@type\":\"ReadAction\",\"target\":[\"https:\\\/\\\/radioljubuski.ba\\\/index.php\\\/2021\\\/04\\\/05\\\/kolektivni-imunitet-moguce-je-dostici-ali-i-izgubiti\\\/\"]}]},{\"@type\":\"ImageObject\",\"inLanguage\":\"hr\",\"@id\":\"https:\\\/\\\/radioljubuski.ba\\\/index.php\\\/2021\\\/04\\\/05\\\/kolektivni-imunitet-moguce-je-dostici-ali-i-izgubiti\\\/#primaryimage\",\"url\":\"https:\\\/\\\/radioljubuski.ba\\\/wp-content\\\/uploads\\\/2021\\\/04\\\/kolektivni.jpg\",\"contentUrl\":\"https:\\\/\\\/radioljubuski.ba\\\/wp-content\\\/uploads\\\/2021\\\/04\\\/kolektivni.jpg\",\"width\":750,\"height\":511},{\"@type\":\"BreadcrumbList\",\"@id\":\"https:\\\/\\\/radioljubuski.ba\\\/index.php\\\/2021\\\/04\\\/05\\\/kolektivni-imunitet-moguce-je-dostici-ali-i-izgubiti\\\/#breadcrumb\",\"itemListElement\":[{\"@type\":\"ListItem\",\"position\":1,\"name\":\"Po\u010detna stranica\",\"item\":\"https:\\\/\\\/radioljubuski.ba\\\/\"},{\"@type\":\"ListItem\",\"position\":2,\"name\":\"Kolektivni imunitet mogu\u0107e je dosti\u0107i, ali i izgubiti\"}]},{\"@type\":\"WebSite\",\"@id\":\"https:\\\/\\\/radioljubuski.ba\\\/#website\",\"url\":\"https:\\\/\\\/radioljubuski.ba\\\/\",\"name\":\"Radio Ljubu\u0161ki\",\"description\":\"Sun\u010dana frekvencija Hercegovine\",\"publisher\":{\"@id\":\"https:\\\/\\\/radioljubuski.ba\\\/#organization\"},\"potentialAction\":[{\"@type\":\"SearchAction\",\"target\":{\"@type\":\"EntryPoint\",\"urlTemplate\":\"https:\\\/\\\/radioljubuski.ba\\\/?s={search_term_string}\"},\"query-input\":{\"@type\":\"PropertyValueSpecification\",\"valueRequired\":true,\"valueName\":\"search_term_string\"}}],\"inLanguage\":\"hr\"},{\"@type\":\"Organization\",\"@id\":\"https:\\\/\\\/radioljubuski.ba\\\/#organization\",\"name\":\"Radio Ljubu\u0161ki\",\"url\":\"https:\\\/\\\/radioljubuski.ba\\\/\",\"logo\":{\"@type\":\"ImageObject\",\"inLanguage\":\"hr\",\"@id\":\"https:\\\/\\\/radioljubuski.ba\\\/#\\\/schema\\\/logo\\\/image\\\/\",\"url\":\"https:\\\/\\\/radioljubuski.ba\\\/wp-content\\\/uploads\\\/2021\\\/02\\\/cropped-Radio_Ljubuski_logo1.jpg\",\"contentUrl\":\"https:\\\/\\\/radioljubuski.ba\\\/wp-content\\\/uploads\\\/2021\\\/02\\\/cropped-Radio_Ljubuski_logo1.jpg\",\"width\":512,\"height\":512,\"caption\":\"Radio Ljubu\u0161ki\"},\"image\":{\"@id\":\"https:\\\/\\\/radioljubuski.ba\\\/#\\\/schema\\\/logo\\\/image\\\/\"},\"sameAs\":[\"https:\\\/\\\/www.facebook.com\\\/Radiio-Ljubuski-1490835324566332\",\"https:\\\/\\\/x.com\\\/radioljubuski\",\"https:\\\/\\\/hr.linkedin.com\\\/company\\\/radio-ljubuski\",\"https:\\\/\\\/www.youtube.com\\\/channel\\\/UCHYaeO_n0Db3tjNGudGpXyw\"]},{\"@type\":\"Person\",\"@id\":\"https:\\\/\\\/radioljubuski.ba\\\/#\\\/schema\\\/person\\\/19fc700381a780f69665d7956c469e3b\",\"name\":\"Radio Ljubu\u0161ki\"}]}<\/script>\n<!-- \/ Yoast SEO plugin. -->","yoast_head_json":{"title":"Kolektivni imunitet mogu\u0107e je dosti\u0107i, ali i izgubiti - RADIO LJUBU\u0160KI","robots":{"index":"index","follow":"follow","max-snippet":"max-snippet:-1","max-image-preview":"max-image-preview:large","max-video-preview":"max-video-preview:-1"},"canonical":"https:\/\/radioljubuski.ba\/index.php\/2021\/04\/05\/kolektivni-imunitet-moguce-je-dostici-ali-i-izgubiti\/","og_locale":"hr_HR","og_type":"article","og_title":"Kolektivni imunitet mogu\u0107e je dosti\u0107i, ali i izgubiti - RADIO LJUBU\u0160KI","og_description":"Postizanje kolektivnog imuniteta nije tako jednostavno. Niz prepreka postoji da bi se do njega do\u0161lo, a malo je potrebno da se on izgubi. Kolektivni imunitet na covid-19 mo\u017ee se posti\u0107i, ali i izgubiti iz vi\u0161e razloga, ka\u017eu znanstvenici, ali je i mogu\u0107e da ga nikada ne\u0107emo posti\u0107i, prenosi&nbsp;CNN. \u201cMnogo se toga mora pokrenuti da bismo [&hellip;]","og_url":"https:\/\/radioljubuski.ba\/index.php\/2021\/04\/05\/kolektivni-imunitet-moguce-je-dostici-ali-i-izgubiti\/","og_site_name":"RADIO LJUBU\u0160KI","article_publisher":"https:\/\/www.facebook.com\/Radiio-Ljubuski-1490835324566332","article_published_time":"2021-04-05T22:36:28+00:00","article_modified_time":"2021-04-05T22:36:29+00:00","og_image":[{"width":750,"height":511,"url":"https:\/\/radioljubuski.ba\/wp-content\/uploads\/2021\/04\/kolektivni.jpg","type":"image\/jpeg"}],"author":"Radio Ljubu\u0161ki","twitter_card":"summary_large_image","twitter_creator":"@radioljubuski","twitter_site":"@radioljubuski","twitter_misc":{"Napisao\/la":"Radio Ljubu\u0161ki","Procijenjeno vrijeme \u010ditanja":"2 minute"},"schema":{"@context":"https:\/\/schema.org","@graph":[{"@type":"Article","@id":"https:\/\/radioljubuski.ba\/index.php\/2021\/04\/05\/kolektivni-imunitet-moguce-je-dostici-ali-i-izgubiti\/#article","isPartOf":{"@id":"https:\/\/radioljubuski.ba\/index.php\/2021\/04\/05\/kolektivni-imunitet-moguce-je-dostici-ali-i-izgubiti\/"},"author":{"name":"Radio Ljubu\u0161ki","@id":"https:\/\/radioljubuski.ba\/#\/schema\/person\/19fc700381a780f69665d7956c469e3b"},"headline":"Kolektivni imunitet mogu\u0107e je dosti\u0107i, ali i izgubiti","datePublished":"2021-04-05T22:36:28+00:00","dateModified":"2021-04-05T22:36:29+00:00","mainEntityOfPage":{"@id":"https:\/\/radioljubuski.ba\/index.php\/2021\/04\/05\/kolektivni-imunitet-moguce-je-dostici-ali-i-izgubiti\/"},"wordCount":304,"publisher":{"@id":"https:\/\/radioljubuski.ba\/#organization"},"image":{"@id":"https:\/\/radioljubuski.ba\/index.php\/2021\/04\/05\/kolektivni-imunitet-moguce-je-dostici-ali-i-izgubiti\/#primaryimage"},"thumbnailUrl":"https:\/\/radioljubuski.ba\/wp-content\/uploads\/2021\/04\/kolektivni.jpg","articleSection":["BIH i regija"],"inLanguage":"hr"},{"@type":"WebPage","@id":"https:\/\/radioljubuski.ba\/index.php\/2021\/04\/05\/kolektivni-imunitet-moguce-je-dostici-ali-i-izgubiti\/","url":"https:\/\/radioljubuski.ba\/index.php\/2021\/04\/05\/kolektivni-imunitet-moguce-je-dostici-ali-i-izgubiti\/","name":"Kolektivni imunitet mogu\u0107e je dosti\u0107i, ali i izgubiti - RADIO LJUBU\u0160KI","isPartOf":{"@id":"https:\/\/radioljubuski.ba\/#website"},"primaryImageOfPage":{"@id":"https:\/\/radioljubuski.ba\/index.php\/2021\/04\/05\/kolektivni-imunitet-moguce-je-dostici-ali-i-izgubiti\/#primaryimage"},"image":{"@id":"https:\/\/radioljubuski.ba\/index.php\/2021\/04\/05\/kolektivni-imunitet-moguce-je-dostici-ali-i-izgubiti\/#primaryimage"},"thumbnailUrl":"https:\/\/radioljubuski.ba\/wp-content\/uploads\/2021\/04\/kolektivni.jpg","datePublished":"2021-04-05T22:36:28+00:00","dateModified":"2021-04-05T22:36:29+00:00","breadcrumb":{"@id":"https:\/\/radioljubuski.ba\/index.php\/2021\/04\/05\/kolektivni-imunitet-moguce-je-dostici-ali-i-izgubiti\/#breadcrumb"},"inLanguage":"hr","potentialAction":[{"@type":"ReadAction","target":["https:\/\/radioljubuski.ba\/index.php\/2021\/04\/05\/kolektivni-imunitet-moguce-je-dostici-ali-i-izgubiti\/"]}]},{"@type":"ImageObject","inLanguage":"hr","@id":"https:\/\/radioljubuski.ba\/index.php\/2021\/04\/05\/kolektivni-imunitet-moguce-je-dostici-ali-i-izgubiti\/#primaryimage","url":"https:\/\/radioljubuski.ba\/wp-content\/uploads\/2021\/04\/kolektivni.jpg","contentUrl":"https:\/\/radioljubuski.ba\/wp-content\/uploads\/2021\/04\/kolektivni.jpg","width":750,"height":511},{"@type":"BreadcrumbList","@id":"https:\/\/radioljubuski.ba\/index.php\/2021\/04\/05\/kolektivni-imunitet-moguce-je-dostici-ali-i-izgubiti\/#breadcrumb","itemListElement":[{"@type":"ListItem","position":1,"name":"Po\u010detna stranica","item":"https:\/\/radioljubuski.ba\/"},{"@type":"ListItem","position":2,"name":"Kolektivni imunitet mogu\u0107e je dosti\u0107i, ali i izgubiti"}]},{"@type":"WebSite","@id":"https:\/\/radioljubuski.ba\/#website","url":"https:\/\/radioljubuski.ba\/","name":"Radio Ljubu\u0161ki","description":"Sun\u010dana frekvencija Hercegovine","publisher":{"@id":"https:\/\/radioljubuski.ba\/#organization"},"potentialAction":[{"@type":"SearchAction","target":{"@type":"EntryPoint","urlTemplate":"https:\/\/radioljubuski.ba\/?s={search_term_string}"},"query-input":{"@type":"PropertyValueSpecification","valueRequired":true,"valueName":"search_term_string"}}],"inLanguage":"hr"},{"@type":"Organization","@id":"https:\/\/radioljubuski.ba\/#organization","name":"Radio Ljubu\u0161ki","url":"https:\/\/radioljubuski.ba\/","logo":{"@type":"ImageObject","inLanguage":"hr","@id":"https:\/\/radioljubuski.ba\/#\/schema\/logo\/image\/","url":"https:\/\/radioljubuski.ba\/wp-content\/uploads\/2021\/02\/cropped-Radio_Ljubuski_logo1.jpg","contentUrl":"https:\/\/radioljubuski.ba\/wp-content\/uploads\/2021\/02\/cropped-Radio_Ljubuski_logo1.jpg","width":512,"height":512,"caption":"Radio Ljubu\u0161ki"},"image":{"@id":"https:\/\/radioljubuski.ba\/#\/schema\/logo\/image\/"},"sameAs":["https:\/\/www.facebook.com\/Radiio-Ljubuski-1490835324566332","https:\/\/x.com\/radioljubuski","https:\/\/hr.linkedin.com\/company\/radio-ljubuski","https:\/\/www.youtube.com\/channel\/UCHYaeO_n0Db3tjNGudGpXyw"]},{"@type":"Person","@id":"https:\/\/radioljubuski.ba\/#\/schema\/person\/19fc700381a780f69665d7956c469e3b","name":"Radio Ljubu\u0161ki"}]}},"_links":{"self":[{"href":"https:\/\/radioljubuski.ba\/index.php\/wp-json\/wp\/v2\/posts\/9916","targetHints":{"allow":["GET"]}}],"collection":[{"href":"https:\/\/radioljubuski.ba\/index.php\/wp-json\/wp\/v2\/posts"}],"about":[{"href":"https:\/\/radioljubuski.ba\/index.php\/wp-json\/wp\/v2\/types\/post"}],"author":[{"embeddable":true,"href":"https:\/\/radioljubuski.ba\/index.php\/wp-json\/wp\/v2\/users\/2"}],"replies":[{"embeddable":true,"href":"https:\/\/radioljubuski.ba\/index.php\/wp-json\/wp\/v2\/comments?post=9916"}],"version-history":[{"count":1,"href":"https:\/\/radioljubuski.ba\/index.php\/wp-json\/wp\/v2\/posts\/9916\/revisions"}],"predecessor-version":[{"id":9918,"href":"https:\/\/radioljubuski.ba\/index.php\/wp-json\/wp\/v2\/posts\/9916\/revisions\/9918"}],"wp:featuredmedia":[{"embeddable":true,"href":"https:\/\/radioljubuski.ba\/index.php\/wp-json\/wp\/v2\/media\/9917"}],"wp:attachment":[{"href":"https:\/\/radioljubuski.ba\/index.php\/wp-json\/wp\/v2\/media?parent=9916"}],"wp:term":[{"taxonomy":"category","embeddable":true,"href":"https:\/\/radioljubuski.ba\/index.php\/wp-json\/wp\/v2\/categories?post=9916"},{"taxonomy":"post_tag","embeddable":true,"href":"https:\/\/radioljubuski.ba\/index.php\/wp-json\/wp\/v2\/tags?post=9916"}],"curies":[{"name":"wp","href":"https:\/\/api.w.org\/{rel}","templated":true}]}}