{"id":9928,"date":"2021-04-05T23:49:04","date_gmt":"2021-04-05T22:49:04","guid":{"rendered":"https:\/\/radioljubuski.ba\/?p=9928"},"modified":"2021-04-05T23:49:05","modified_gmt":"2021-04-05T22:49:05","slug":"baka-preminule-djevojcice-opisala-sto-se-dogadalo-kobne-srijede-i-optuzila-majku","status":"publish","type":"post","link":"https:\/\/radioljubuski.ba\/index.php\/2021\/04\/05\/baka-preminule-djevojcice-opisala-sto-se-dogadalo-kobne-srijede-i-optuzila-majku\/","title":{"rendered":"Baka preminule djevoj\u010dice opisala \u0161to se doga\u0111alo kobne srijede i optu\u017eila majku"},"content":{"rendered":"\n<p>\u0160to se to\u010dno doga\u0111alo kobne srijede u domu malene djevoj\u010dice kod Nove Gradi\u0161ke? Tajnu o\u010dito samo zna majka, ali baka preminule curice za&nbsp;<a href=\"https:\/\/dnevnik.hr\/vijesti\/hrvatska\/baka-preminule-djevojcice-2-da-sam-znala-da-je-ona-moju-unuku-toliko-tukla-ja-bih-joj-slomila-ruku---646671.html?itm_source=HomeTopRow&amp;itm_medium=Dnevnik&amp;itm_campaign=Naslovnica\" target=\"_blank\" rel=\"noreferrer noopener\">dnevnik.hr&nbsp;<\/a>u detalje je opisala \u0161to se doga\u0111alo samo nekoliko minuta nakon \u0161to je djevoj\u010dica zavr\u0161ila s te\u0161kim, a poslije se pokazalo i fatalnim ozljedama.<\/p>\n\n\n\n<p>&#8211; \u010cula sam kako je zaplakala i vrisnula. \u010cula sam joj mater&#8230; Dok sam ja izletila&#8230; Nikad, nikad u pid\u017eami nisam izletila. Izletila sam da vidim. Ona *** dr\u017ei u rukama, dijete mrtvo, leti niz ulicu i zove njega. \u0160to je bilo, ona ka\u017ee, eto, gotovo je, mrtva je. Umivali su dijete, ja sam stavila maloj ovako ruku na prsa, srce ovako radi. To nikad nisam vidjela. I on ka\u017ee hitna, vozi na hitnu. Ne hitna, ne hitna, oti\u0107i \u0107e nam djeca, oti\u0107i \u0107emo u zatvor. On je dijete stavio u auto i odvezao na hitnu &#8211; rekla je baka preminule djevoj\u010dice za dnevnik.hr dodaju\u0107i da je majka i ranije djetetu prikrivala ozljede.<\/p>\n\n\n\n<p>&#8211; \u0160minkom, sjenilo. Ja vidim, ja nisam ni primijetila da je dijete imalo plavetnilo ispod o\u010diju. \u0160to da ja vama ka\u017eem? \u0160to ja vama na to imam re\u0107i? Nije mi dala unuku, ja sam i\u0161la u Centar. \u010cim sam vidjela prvu masnicu na mojoj unuci, ja sam oti\u0161la u Centar, prijavila sam je &#8211; kazala je baka koja nema lijepih rije\u010di ni za svog sina.<\/p>\n\n\n\n<p>&#8211; Njega ne branim, nek&#8217; je moj sin. Ja samo mogu re\u0107i &#8211; ako je znao, a morao je znati. Kad sam mu rekla &#8221;dijete je plavo&#8221;, ona je njemu rekla &#8216;udarilo se dijete&#8217;. Svi su oni zakazali. Svi su oni zakazali. Centar. On kao otac!<\/p>\n\n\n\n<p>Ka\u017ee da je prijavila i da dijete ima svrab.<\/p>\n\n\n\n<p>&#8211; Ja sam to prijavila, sad vam ka\u017eem. Ja sam oti\u0161la u \u010detvrtak i rekla sam: &#8216;Molim vas, sad sam do\u0161la i ne\u0107u vi\u0161e do\u0107i, nemojte re\u0107i da sam ja bila. Maloj opada kosa, mala sva je po vratu izgrebana, mala je plava, mala jednostavno, kako da vam ka\u017eem, utu\u010dena. Molim vas, spa\u0161avajte dijete! Za\u0161to ste dijete uzeli iz obitelji? Molim vas, spa\u0161avajte dok nije kasno, ona nju maltretira.<\/p>\n\n\n\n<p><strong>PI\u0160E&nbsp;<\/strong>PSD<\/p>\n","protected":false},"excerpt":{"rendered":"<p>\u0160to se to\u010dno doga\u0111alo kobne srijede u domu malene djevoj\u010dice kod Nove Gradi\u0161ke? Tajnu o\u010dito samo zna majka, ali baka preminule curice za&nbsp;dnevnik.hr&nbsp;u detalje je opisala \u0161to se doga\u0111alo samo nekoliko minuta nakon \u0161to je djevoj\u010dica zavr\u0161ila s te\u0161kim, a poslije se pokazalo i fatalnim ozljedama. &#8211; \u010cula sam kako je zaplakala i vrisnula. \u010cula [&hellip;]<\/p>\n","protected":false},"author":2,"featured_media":9929,"comment_status":"closed","ping_status":"closed","sticky":false,"template":"","format":"standard","meta":{"h5ap_radio_sources":[],"footnotes":""},"categories":[1],"tags":[],"class_list":["post-9928","post","type-post","status-publish","format-standard","has-post-thumbnail","hentry","category-bihiregija"],"yoast_head":"<!-- This site is optimized with the Yoast SEO plugin v27.5 - https:\/\/yoast.com\/product\/yoast-seo-wordpress\/ -->\n<title>Baka preminule djevoj\u010dice opisala \u0161to se doga\u0111alo kobne srijede i optu\u017eila majku - RADIO LJUBU\u0160KI<\/title>\n<meta name=\"robots\" content=\"index, follow, max-snippet:-1, max-image-preview:large, max-video-preview:-1\" \/>\n<link rel=\"canonical\" href=\"https:\/\/radioljubuski.ba\/index.php\/2021\/04\/05\/baka-preminule-djevojcice-opisala-sto-se-dogadalo-kobne-srijede-i-optuzila-majku\/\" \/>\n<meta property=\"og:locale\" content=\"hr_HR\" \/>\n<meta property=\"og:type\" content=\"article\" \/>\n<meta property=\"og:title\" content=\"Baka preminule djevoj\u010dice opisala \u0161to se doga\u0111alo kobne srijede i optu\u017eila majku - RADIO LJUBU\u0160KI\" \/>\n<meta property=\"og:description\" content=\"\u0160to se to\u010dno doga\u0111alo kobne srijede u domu malene djevoj\u010dice kod Nove Gradi\u0161ke? Tajnu o\u010dito samo zna majka, ali baka preminule curice za&nbsp;dnevnik.hr&nbsp;u detalje je opisala \u0161to se doga\u0111alo samo nekoliko minuta nakon \u0161to je djevoj\u010dica zavr\u0161ila s te\u0161kim, a poslije se pokazalo i fatalnim ozljedama. &#8211; \u010cula sam kako je zaplakala i vrisnula. \u010cula [&hellip;]\" \/>\n<meta property=\"og:url\" content=\"https:\/\/radioljubuski.ba\/index.php\/2021\/04\/05\/baka-preminule-djevojcice-opisala-sto-se-dogadalo-kobne-srijede-i-optuzila-majku\/\" \/>\n<meta property=\"og:site_name\" content=\"RADIO LJUBU\u0160KI\" \/>\n<meta property=\"article:publisher\" content=\"https:\/\/www.facebook.com\/Radiio-Ljubuski-1490835324566332\" \/>\n<meta property=\"article:published_time\" content=\"2021-04-05T22:49:04+00:00\" \/>\n<meta property=\"article:modified_time\" content=\"2021-04-05T22:49:05+00:00\" \/>\n<meta property=\"og:image\" content=\"https:\/\/radioljubuski.ba\/wp-content\/uploads\/2021\/04\/5-8.png\" \/>\n\t<meta property=\"og:image:width\" content=\"500\" \/>\n\t<meta property=\"og:image:height\" content=\"314\" \/>\n\t<meta property=\"og:image:type\" content=\"image\/png\" \/>\n<meta name=\"author\" content=\"Radio Ljubu\u0161ki\" \/>\n<meta name=\"twitter:card\" content=\"summary_large_image\" \/>\n<meta name=\"twitter:creator\" content=\"@radioljubuski\" \/>\n<meta name=\"twitter:site\" content=\"@radioljubuski\" \/>\n<meta name=\"twitter:label1\" content=\"Napisao\/la\" \/>\n\t<meta name=\"twitter:data1\" content=\"Radio Ljubu\u0161ki\" \/>\n\t<meta name=\"twitter:label2\" content=\"Procijenjeno vrijeme \u010ditanja\" \/>\n\t<meta name=\"twitter:data2\" content=\"2 minute\" \/>\n<script type=\"application\/ld+json\" class=\"yoast-schema-graph\">{\"@context\":\"https:\\\/\\\/schema.org\",\"@graph\":[{\"@type\":\"Article\",\"@id\":\"https:\\\/\\\/radioljubuski.ba\\\/index.php\\\/2021\\\/04\\\/05\\\/baka-preminule-djevojcice-opisala-sto-se-dogadalo-kobne-srijede-i-optuzila-majku\\\/#article\",\"isPartOf\":{\"@id\":\"https:\\\/\\\/radioljubuski.ba\\\/index.php\\\/2021\\\/04\\\/05\\\/baka-preminule-djevojcice-opisala-sto-se-dogadalo-kobne-srijede-i-optuzila-majku\\\/\"},\"author\":{\"name\":\"Radio Ljubu\u0161ki\",\"@id\":\"https:\\\/\\\/radioljubuski.ba\\\/#\\\/schema\\\/person\\\/19fc700381a780f69665d7956c469e3b\"},\"headline\":\"Baka preminule djevoj\u010dice opisala \u0161to se doga\u0111alo kobne srijede i optu\u017eila majku\",\"datePublished\":\"2021-04-05T22:49:04+00:00\",\"dateModified\":\"2021-04-05T22:49:05+00:00\",\"mainEntityOfPage\":{\"@id\":\"https:\\\/\\\/radioljubuski.ba\\\/index.php\\\/2021\\\/04\\\/05\\\/baka-preminule-djevojcice-opisala-sto-se-dogadalo-kobne-srijede-i-optuzila-majku\\\/\"},\"wordCount\":409,\"publisher\":{\"@id\":\"https:\\\/\\\/radioljubuski.ba\\\/#organization\"},\"image\":{\"@id\":\"https:\\\/\\\/radioljubuski.ba\\\/index.php\\\/2021\\\/04\\\/05\\\/baka-preminule-djevojcice-opisala-sto-se-dogadalo-kobne-srijede-i-optuzila-majku\\\/#primaryimage\"},\"thumbnailUrl\":\"https:\\\/\\\/radioljubuski.ba\\\/wp-content\\\/uploads\\\/2021\\\/04\\\/5-8.png\",\"articleSection\":[\"BIH i regija\"],\"inLanguage\":\"hr\"},{\"@type\":\"WebPage\",\"@id\":\"https:\\\/\\\/radioljubuski.ba\\\/index.php\\\/2021\\\/04\\\/05\\\/baka-preminule-djevojcice-opisala-sto-se-dogadalo-kobne-srijede-i-optuzila-majku\\\/\",\"url\":\"https:\\\/\\\/radioljubuski.ba\\\/index.php\\\/2021\\\/04\\\/05\\\/baka-preminule-djevojcice-opisala-sto-se-dogadalo-kobne-srijede-i-optuzila-majku\\\/\",\"name\":\"Baka preminule djevoj\u010dice opisala \u0161to se doga\u0111alo kobne srijede i optu\u017eila majku - RADIO LJUBU\u0160KI\",\"isPartOf\":{\"@id\":\"https:\\\/\\\/radioljubuski.ba\\\/#website\"},\"primaryImageOfPage\":{\"@id\":\"https:\\\/\\\/radioljubuski.ba\\\/index.php\\\/2021\\\/04\\\/05\\\/baka-preminule-djevojcice-opisala-sto-se-dogadalo-kobne-srijede-i-optuzila-majku\\\/#primaryimage\"},\"image\":{\"@id\":\"https:\\\/\\\/radioljubuski.ba\\\/index.php\\\/2021\\\/04\\\/05\\\/baka-preminule-djevojcice-opisala-sto-se-dogadalo-kobne-srijede-i-optuzila-majku\\\/#primaryimage\"},\"thumbnailUrl\":\"https:\\\/\\\/radioljubuski.ba\\\/wp-content\\\/uploads\\\/2021\\\/04\\\/5-8.png\",\"datePublished\":\"2021-04-05T22:49:04+00:00\",\"dateModified\":\"2021-04-05T22:49:05+00:00\",\"breadcrumb\":{\"@id\":\"https:\\\/\\\/radioljubuski.ba\\\/index.php\\\/2021\\\/04\\\/05\\\/baka-preminule-djevojcice-opisala-sto-se-dogadalo-kobne-srijede-i-optuzila-majku\\\/#breadcrumb\"},\"inLanguage\":\"hr\",\"potentialAction\":[{\"@type\":\"ReadAction\",\"target\":[\"https:\\\/\\\/radioljubuski.ba\\\/index.php\\\/2021\\\/04\\\/05\\\/baka-preminule-djevojcice-opisala-sto-se-dogadalo-kobne-srijede-i-optuzila-majku\\\/\"]}]},{\"@type\":\"ImageObject\",\"inLanguage\":\"hr\",\"@id\":\"https:\\\/\\\/radioljubuski.ba\\\/index.php\\\/2021\\\/04\\\/05\\\/baka-preminule-djevojcice-opisala-sto-se-dogadalo-kobne-srijede-i-optuzila-majku\\\/#primaryimage\",\"url\":\"https:\\\/\\\/radioljubuski.ba\\\/wp-content\\\/uploads\\\/2021\\\/04\\\/5-8.png\",\"contentUrl\":\"https:\\\/\\\/radioljubuski.ba\\\/wp-content\\\/uploads\\\/2021\\\/04\\\/5-8.png\",\"width\":500,\"height\":314},{\"@type\":\"BreadcrumbList\",\"@id\":\"https:\\\/\\\/radioljubuski.ba\\\/index.php\\\/2021\\\/04\\\/05\\\/baka-preminule-djevojcice-opisala-sto-se-dogadalo-kobne-srijede-i-optuzila-majku\\\/#breadcrumb\",\"itemListElement\":[{\"@type\":\"ListItem\",\"position\":1,\"name\":\"Po\u010detna stranica\",\"item\":\"https:\\\/\\\/radioljubuski.ba\\\/\"},{\"@type\":\"ListItem\",\"position\":2,\"name\":\"Baka preminule djevoj\u010dice opisala \u0161to se doga\u0111alo kobne srijede i optu\u017eila majku\"}]},{\"@type\":\"WebSite\",\"@id\":\"https:\\\/\\\/radioljubuski.ba\\\/#website\",\"url\":\"https:\\\/\\\/radioljubuski.ba\\\/\",\"name\":\"Radio Ljubu\u0161ki\",\"description\":\"Sun\u010dana frekvencija Hercegovine\",\"publisher\":{\"@id\":\"https:\\\/\\\/radioljubuski.ba\\\/#organization\"},\"potentialAction\":[{\"@type\":\"SearchAction\",\"target\":{\"@type\":\"EntryPoint\",\"urlTemplate\":\"https:\\\/\\\/radioljubuski.ba\\\/?s={search_term_string}\"},\"query-input\":{\"@type\":\"PropertyValueSpecification\",\"valueRequired\":true,\"valueName\":\"search_term_string\"}}],\"inLanguage\":\"hr\"},{\"@type\":\"Organization\",\"@id\":\"https:\\\/\\\/radioljubuski.ba\\\/#organization\",\"name\":\"Radio Ljubu\u0161ki\",\"url\":\"https:\\\/\\\/radioljubuski.ba\\\/\",\"logo\":{\"@type\":\"ImageObject\",\"inLanguage\":\"hr\",\"@id\":\"https:\\\/\\\/radioljubuski.ba\\\/#\\\/schema\\\/logo\\\/image\\\/\",\"url\":\"https:\\\/\\\/radioljubuski.ba\\\/wp-content\\\/uploads\\\/2021\\\/02\\\/cropped-Radio_Ljubuski_logo1.jpg\",\"contentUrl\":\"https:\\\/\\\/radioljubuski.ba\\\/wp-content\\\/uploads\\\/2021\\\/02\\\/cropped-Radio_Ljubuski_logo1.jpg\",\"width\":512,\"height\":512,\"caption\":\"Radio Ljubu\u0161ki\"},\"image\":{\"@id\":\"https:\\\/\\\/radioljubuski.ba\\\/#\\\/schema\\\/logo\\\/image\\\/\"},\"sameAs\":[\"https:\\\/\\\/www.facebook.com\\\/Radiio-Ljubuski-1490835324566332\",\"https:\\\/\\\/x.com\\\/radioljubuski\",\"https:\\\/\\\/hr.linkedin.com\\\/company\\\/radio-ljubuski\",\"https:\\\/\\\/www.youtube.com\\\/channel\\\/UCHYaeO_n0Db3tjNGudGpXyw\"]},{\"@type\":\"Person\",\"@id\":\"https:\\\/\\\/radioljubuski.ba\\\/#\\\/schema\\\/person\\\/19fc700381a780f69665d7956c469e3b\",\"name\":\"Radio Ljubu\u0161ki\"}]}<\/script>\n<!-- \/ Yoast SEO plugin. -->","yoast_head_json":{"title":"Baka preminule djevoj\u010dice opisala \u0161to se doga\u0111alo kobne srijede i optu\u017eila majku - RADIO LJUBU\u0160KI","robots":{"index":"index","follow":"follow","max-snippet":"max-snippet:-1","max-image-preview":"max-image-preview:large","max-video-preview":"max-video-preview:-1"},"canonical":"https:\/\/radioljubuski.ba\/index.php\/2021\/04\/05\/baka-preminule-djevojcice-opisala-sto-se-dogadalo-kobne-srijede-i-optuzila-majku\/","og_locale":"hr_HR","og_type":"article","og_title":"Baka preminule djevoj\u010dice opisala \u0161to se doga\u0111alo kobne srijede i optu\u017eila majku - RADIO LJUBU\u0160KI","og_description":"\u0160to se to\u010dno doga\u0111alo kobne srijede u domu malene djevoj\u010dice kod Nove Gradi\u0161ke? Tajnu o\u010dito samo zna majka, ali baka preminule curice za&nbsp;dnevnik.hr&nbsp;u detalje je opisala \u0161to se doga\u0111alo samo nekoliko minuta nakon \u0161to je djevoj\u010dica zavr\u0161ila s te\u0161kim, a poslije se pokazalo i fatalnim ozljedama. &#8211; \u010cula sam kako je zaplakala i vrisnula. \u010cula [&hellip;]","og_url":"https:\/\/radioljubuski.ba\/index.php\/2021\/04\/05\/baka-preminule-djevojcice-opisala-sto-se-dogadalo-kobne-srijede-i-optuzila-majku\/","og_site_name":"RADIO LJUBU\u0160KI","article_publisher":"https:\/\/www.facebook.com\/Radiio-Ljubuski-1490835324566332","article_published_time":"2021-04-05T22:49:04+00:00","article_modified_time":"2021-04-05T22:49:05+00:00","og_image":[{"width":500,"height":314,"url":"https:\/\/radioljubuski.ba\/wp-content\/uploads\/2021\/04\/5-8.png","type":"image\/png"}],"author":"Radio Ljubu\u0161ki","twitter_card":"summary_large_image","twitter_creator":"@radioljubuski","twitter_site":"@radioljubuski","twitter_misc":{"Napisao\/la":"Radio Ljubu\u0161ki","Procijenjeno vrijeme \u010ditanja":"2 minute"},"schema":{"@context":"https:\/\/schema.org","@graph":[{"@type":"Article","@id":"https:\/\/radioljubuski.ba\/index.php\/2021\/04\/05\/baka-preminule-djevojcice-opisala-sto-se-dogadalo-kobne-srijede-i-optuzila-majku\/#article","isPartOf":{"@id":"https:\/\/radioljubuski.ba\/index.php\/2021\/04\/05\/baka-preminule-djevojcice-opisala-sto-se-dogadalo-kobne-srijede-i-optuzila-majku\/"},"author":{"name":"Radio Ljubu\u0161ki","@id":"https:\/\/radioljubuski.ba\/#\/schema\/person\/19fc700381a780f69665d7956c469e3b"},"headline":"Baka preminule djevoj\u010dice opisala \u0161to se doga\u0111alo kobne srijede i optu\u017eila majku","datePublished":"2021-04-05T22:49:04+00:00","dateModified":"2021-04-05T22:49:05+00:00","mainEntityOfPage":{"@id":"https:\/\/radioljubuski.ba\/index.php\/2021\/04\/05\/baka-preminule-djevojcice-opisala-sto-se-dogadalo-kobne-srijede-i-optuzila-majku\/"},"wordCount":409,"publisher":{"@id":"https:\/\/radioljubuski.ba\/#organization"},"image":{"@id":"https:\/\/radioljubuski.ba\/index.php\/2021\/04\/05\/baka-preminule-djevojcice-opisala-sto-se-dogadalo-kobne-srijede-i-optuzila-majku\/#primaryimage"},"thumbnailUrl":"https:\/\/radioljubuski.ba\/wp-content\/uploads\/2021\/04\/5-8.png","articleSection":["BIH i regija"],"inLanguage":"hr"},{"@type":"WebPage","@id":"https:\/\/radioljubuski.ba\/index.php\/2021\/04\/05\/baka-preminule-djevojcice-opisala-sto-se-dogadalo-kobne-srijede-i-optuzila-majku\/","url":"https:\/\/radioljubuski.ba\/index.php\/2021\/04\/05\/baka-preminule-djevojcice-opisala-sto-se-dogadalo-kobne-srijede-i-optuzila-majku\/","name":"Baka preminule djevoj\u010dice opisala \u0161to se doga\u0111alo kobne srijede i optu\u017eila majku - RADIO LJUBU\u0160KI","isPartOf":{"@id":"https:\/\/radioljubuski.ba\/#website"},"primaryImageOfPage":{"@id":"https:\/\/radioljubuski.ba\/index.php\/2021\/04\/05\/baka-preminule-djevojcice-opisala-sto-se-dogadalo-kobne-srijede-i-optuzila-majku\/#primaryimage"},"image":{"@id":"https:\/\/radioljubuski.ba\/index.php\/2021\/04\/05\/baka-preminule-djevojcice-opisala-sto-se-dogadalo-kobne-srijede-i-optuzila-majku\/#primaryimage"},"thumbnailUrl":"https:\/\/radioljubuski.ba\/wp-content\/uploads\/2021\/04\/5-8.png","datePublished":"2021-04-05T22:49:04+00:00","dateModified":"2021-04-05T22:49:05+00:00","breadcrumb":{"@id":"https:\/\/radioljubuski.ba\/index.php\/2021\/04\/05\/baka-preminule-djevojcice-opisala-sto-se-dogadalo-kobne-srijede-i-optuzila-majku\/#breadcrumb"},"inLanguage":"hr","potentialAction":[{"@type":"ReadAction","target":["https:\/\/radioljubuski.ba\/index.php\/2021\/04\/05\/baka-preminule-djevojcice-opisala-sto-se-dogadalo-kobne-srijede-i-optuzila-majku\/"]}]},{"@type":"ImageObject","inLanguage":"hr","@id":"https:\/\/radioljubuski.ba\/index.php\/2021\/04\/05\/baka-preminule-djevojcice-opisala-sto-se-dogadalo-kobne-srijede-i-optuzila-majku\/#primaryimage","url":"https:\/\/radioljubuski.ba\/wp-content\/uploads\/2021\/04\/5-8.png","contentUrl":"https:\/\/radioljubuski.ba\/wp-content\/uploads\/2021\/04\/5-8.png","width":500,"height":314},{"@type":"BreadcrumbList","@id":"https:\/\/radioljubuski.ba\/index.php\/2021\/04\/05\/baka-preminule-djevojcice-opisala-sto-se-dogadalo-kobne-srijede-i-optuzila-majku\/#breadcrumb","itemListElement":[{"@type":"ListItem","position":1,"name":"Po\u010detna stranica","item":"https:\/\/radioljubuski.ba\/"},{"@type":"ListItem","position":2,"name":"Baka preminule djevoj\u010dice opisala \u0161to se doga\u0111alo kobne srijede i optu\u017eila majku"}]},{"@type":"WebSite","@id":"https:\/\/radioljubuski.ba\/#website","url":"https:\/\/radioljubuski.ba\/","name":"Radio Ljubu\u0161ki","description":"Sun\u010dana frekvencija Hercegovine","publisher":{"@id":"https:\/\/radioljubuski.ba\/#organization"},"potentialAction":[{"@type":"SearchAction","target":{"@type":"EntryPoint","urlTemplate":"https:\/\/radioljubuski.ba\/?s={search_term_string}"},"query-input":{"@type":"PropertyValueSpecification","valueRequired":true,"valueName":"search_term_string"}}],"inLanguage":"hr"},{"@type":"Organization","@id":"https:\/\/radioljubuski.ba\/#organization","name":"Radio Ljubu\u0161ki","url":"https:\/\/radioljubuski.ba\/","logo":{"@type":"ImageObject","inLanguage":"hr","@id":"https:\/\/radioljubuski.ba\/#\/schema\/logo\/image\/","url":"https:\/\/radioljubuski.ba\/wp-content\/uploads\/2021\/02\/cropped-Radio_Ljubuski_logo1.jpg","contentUrl":"https:\/\/radioljubuski.ba\/wp-content\/uploads\/2021\/02\/cropped-Radio_Ljubuski_logo1.jpg","width":512,"height":512,"caption":"Radio Ljubu\u0161ki"},"image":{"@id":"https:\/\/radioljubuski.ba\/#\/schema\/logo\/image\/"},"sameAs":["https:\/\/www.facebook.com\/Radiio-Ljubuski-1490835324566332","https:\/\/x.com\/radioljubuski","https:\/\/hr.linkedin.com\/company\/radio-ljubuski","https:\/\/www.youtube.com\/channel\/UCHYaeO_n0Db3tjNGudGpXyw"]},{"@type":"Person","@id":"https:\/\/radioljubuski.ba\/#\/schema\/person\/19fc700381a780f69665d7956c469e3b","name":"Radio Ljubu\u0161ki"}]}},"_links":{"self":[{"href":"https:\/\/radioljubuski.ba\/index.php\/wp-json\/wp\/v2\/posts\/9928","targetHints":{"allow":["GET"]}}],"collection":[{"href":"https:\/\/radioljubuski.ba\/index.php\/wp-json\/wp\/v2\/posts"}],"about":[{"href":"https:\/\/radioljubuski.ba\/index.php\/wp-json\/wp\/v2\/types\/post"}],"author":[{"embeddable":true,"href":"https:\/\/radioljubuski.ba\/index.php\/wp-json\/wp\/v2\/users\/2"}],"replies":[{"embeddable":true,"href":"https:\/\/radioljubuski.ba\/index.php\/wp-json\/wp\/v2\/comments?post=9928"}],"version-history":[{"count":1,"href":"https:\/\/radioljubuski.ba\/index.php\/wp-json\/wp\/v2\/posts\/9928\/revisions"}],"predecessor-version":[{"id":9930,"href":"https:\/\/radioljubuski.ba\/index.php\/wp-json\/wp\/v2\/posts\/9928\/revisions\/9930"}],"wp:featuredmedia":[{"embeddable":true,"href":"https:\/\/radioljubuski.ba\/index.php\/wp-json\/wp\/v2\/media\/9929"}],"wp:attachment":[{"href":"https:\/\/radioljubuski.ba\/index.php\/wp-json\/wp\/v2\/media?parent=9928"}],"wp:term":[{"taxonomy":"category","embeddable":true,"href":"https:\/\/radioljubuski.ba\/index.php\/wp-json\/wp\/v2\/categories?post=9928"},{"taxonomy":"post_tag","embeddable":true,"href":"https:\/\/radioljubuski.ba\/index.php\/wp-json\/wp\/v2\/tags?post=9928"}],"curies":[{"name":"wp","href":"https:\/\/api.w.org\/{rel}","templated":true}]}}