{"id":9943,"date":"2021-04-06T00:07:11","date_gmt":"2021-04-05T23:07:11","guid":{"rendered":"https:\/\/radioljubuski.ba\/?p=9943"},"modified":"2021-04-06T00:07:13","modified_gmt":"2021-04-05T23:07:13","slug":"ispovijest-mlade-puljanke-koja-je-zbog-korone-zavrsila-na-respiratoru","status":"publish","type":"post","link":"https:\/\/radioljubuski.ba\/index.php\/2021\/04\/06\/ispovijest-mlade-puljanke-koja-je-zbog-korone-zavrsila-na-respiratoru\/","title":{"rendered":"Ispovijest mlade Puljanke koja je zbog korone zavr\u0161ila na respiratoru"},"content":{"rendered":"\n<p>Ana Bolobicchio, mlada Puljanka, oboljela je od korone i nakon desetak dana te\u0161ke borbe s virusom lije\u010dnici su je usred no\u0107i odveli u pulski respiracijski centar.&nbsp;<\/p>\n\n\n\n<p>Djevojka iz Pule je svoju pri\u010du dala za&nbsp;<a href=\"https:\/\/www.glasistre.hr\/pula\/ekskluzivno-mlada-pulezanka-ana-bolobicchio-iz-pulske-bolnice-opisuje-svoje-zadnje-minute-neposredno-pred-prikljucivanje-na-respirator-te-ponovni-povratak-u-zivot-711615\">Glas Istre<\/a>, a dio je ispri\u010dala i na svome Facebooku, evo \u0161to je sve rekla&#8230;<\/p>\n\n\n\n<p>&#8220;Koliko sve drugo postane neva\u017eno preko no\u0107i&#8230;\u010cita\u0161 o tim neprestano pove\u0107avaju\u0107im brojkama, \u010dini ti se kao da nikada ne\u0107e stati, \u010dita\u0161 o tome kako mladi nisu toliko ugro\u017eeni, kako covid ne napada toliko mlade, zdrave, jake i vesele ljude. \u010cita\u0161 svjedo\u010danstva o mladima koji su ju preboljeli kao malo te\u017eu gripu, ili jo\u0161 i lak\u0161e&#8230;<\/p>\n\n\n\n<p>A onda&#8230; A onda do\u0111e vrijeme na tebe. Usprkos svim brojkama, vjerojatnostima, mogu\u0107nostima.<\/p>\n\n\n\n<h2 class=\"wp-block-heading\">RAPIDNO POGOR\u0160ANJE<\/h2>\n\n\n\n<p>Po\u010dne zaista kao malo ja\u010da gripa, ili upala sinusa, uz desetak dana visoke temperature&#8230; I taman kad pomisli\u0161 da je to to, da ide na bolje, ti shvati\u0161 da je u tebi ne\u0161to puno, puno ja\u010de i ozbiljnije&#8230;<\/p>\n\n\n\n<p>Pa te premjeste u bolnicu gdje vi\u0161e ne zna\u0161 koja je tvoja soba, koji je tvoj krevet, zbog tog rapidnog pogor\u0161anja i svakih par minuta &#8220;Nije dobro, moramo ipak ne\u0161to drugo&#8230;&#8221; I tako si prepu\u0161ten tom timu ljudi, presvla\u010de te, okre\u0107u, tra\u017ee nepostoje\u0107e vene satima po rukama, prepu\u0161ten si sam sebi i toj bolesti za koju se vi\u0161e ne\u0107u ni usudit tako ju nazivat.<\/p>\n\n\n\n<p>Dobila je kod mene neko strahopo\u0161tovanje, neku u\u017easnu ja\u010dinu i gor\u010dinu i ne mogu ju vi\u0161e nazivati &#8220;samo bole\u0161\u0107u&#8221;. A mlada sam. A zdrava sam. A ovo je definitivno najgori period u mom \u017eivotu.<\/p>\n\n\n\n<h2 class=\"wp-block-heading\">&#8216;NIJE DOBRO&#8217;<\/h2>\n\n\n\n<p>Kada usred no\u0107i do\u0111u po vas, pa vam ka\u017eu &#8220;Nije dobro. Skinite sve sa sebe, vodimo vas u respiracijski centar (isti onaj o kojem sam samo slu\u0161ala na vijestima) i kre\u0107emo. Mobitel ostavite ovdje, nazovite na sekundu koga morate i idemo.&#8221;<\/p>\n\n\n\n<p>Ta jedna sekunda za nazvat one koje voli\u0161. Ta jedna sekunda u kojoj mora\u0161 odabrat koji \u0107e\u0161 broj okrenuti&#8230; Ta jedna sekunda nakon koje zna\u0161 da te \u010deka ne\u0161to najgore na svijetu&#8230; Suze su potekle same od sebe jer je ta sekunda bila apsolutno prete\u0161ka. Nazove\u0161 i ka\u017ee\u0161 &#8220;Volim te&#8230;&#8221; pa \u010duje\u0161 suze i s druge strane slu\u0161alice. \u0160to drugo. \u0160to drugo re\u0107i.<\/p>\n\n\n\n<p>Ostavlja\u0161 sve iza sebe i ide\u0161 u nepoznato. Sve te boli, svaki uzdisaj je najve\u0107a muka na svijetu, srce lupa milijun puta u sekundi, nikad takav strah nije osjetilo, a i dalje jedino razmi\u0161lja o tome &#8220;Nazovite koga imate i kre\u0107emo.&#8221;<\/p>\n\n\n\n<h2 class=\"wp-block-heading\">TISU\u0106E PITANJA PO GLAVI<\/h2>\n\n\n\n<p>Prokleta bila ova bolest. Prokleto bilo ono \u0161to \u010dini svim hrabrim ljudima koje posljednjih dana gledam oko sebe, pa i onima koji tako nesebi\u010dno poku\u0161avaju pomo\u0107i. Prokleto bilo sve \u0161to te natjera da le\u017ei\u0161 bespomo\u0107no uz tisu\u0107e pitanja po glavi i samo se pita\u0161 ho\u0107e li oko zore biti lijepi izlazak sunca, samo da jo\u0161 ne\u0161to predivno od \u017eivota vidi\u0161. Proklete bile sekunde koje traju kao godine i ta neizvjesnost koja ti dokazuje \u0161to je jedino va\u017eno u \u017eivotu.<\/p>\n\n\n\n<p>A onda kad misli\u0161 da vi\u0161e ne mo\u017ee\u0161, kad je stvarno najlak\u0161e odustati, kad je bol neizdr\u017eiva, a muka prejaka&#8230; pa do\u0111e jedna medicinska sestra, usred no\u0107i, do\u010deka me budnu i ka\u017ee &#8220;Nisam ti stigla prije re\u0107i, ali mama zove stalno i rekla je samo da ti ka\u017eem da te voli&#8221;. O moj Bo\u017ee, pa pla\u010du\u0107i sam do\u010dekala ono svitanje.<\/p>\n\n\n\n<p>I onda evo pro\u0111e devet dugih dana. Disat je lak\u0161e, ali ni\u0161ta drugo ba\u0161 i nije. I dalje mi je kisik najbolji prijatelj kojeg ne skidam nikad. I dalje ovisim o ljudima oko sebe za mrvicu vode jer ni to ne mogu sama&#8230; ali nadam se da ide na bolje.<\/p>\n\n\n\n<h2 class=\"wp-block-heading\">\u010cUVAJTE SE, NIJE KLI\u0160EJ<\/h2>\n\n\n\n<p>Jedno BESKRAJNO hvala svima koji su bili uz mene, pisali uzaludne poruke na moj uga\u0161eni mobitel, sve \u0107u ih pro\u010ditat i na njih odgovorit, ali znajte da mi puno zna\u010de. Hvala mojima koji su bili u mislima uz mene svakog trenutka svakog dana, bjesomu\u010dno zvali sve informacije i izgnjavili cjelokupni Covid odjel tu u Bolnici (mislim da smo im ve\u0107 i dosadili&#8230;). Hvala mojim &#8220;volim te&#8221; pozivima i tome \u0161to su me dr\u017eali na \u017eivotu \u010dak i kad sam bila skroz sama. Hvala svima&#8230;<\/p>\n\n\n\n<p>I znam da sad to stvarno zvu\u010di kao kli\u0161ej, vama koji ovo \u010ditate iz topline svojih domova&#8230;ali \u010duvajte se.<\/p>\n\n\n\n<p>A ja idem polako dalje. Udisaj za udisajem, gutljaj vode jedan za drugim, trenutak po trenutak, s mislima o svim onim osmijesima koje tek trebam podijeliti svijetu&#8230;o svim onim fotografijama koje tek trebam stvoriti&#8230;o svim onim divnim stvarima koje tek trebam pro\u017eivjeti&#8230; i bit \u0107e dobro. Nadam se.&#8221;<\/p>\n\n\n\n<p><strong>PI\u0160E&nbsp;<\/strong>PSD<\/p>\n","protected":false},"excerpt":{"rendered":"<p>Ana Bolobicchio, mlada Puljanka, oboljela je od korone i nakon desetak dana te\u0161ke borbe s virusom lije\u010dnici su je usred no\u0107i odveli u pulski respiracijski centar.&nbsp; Djevojka iz Pule je svoju pri\u010du dala za&nbsp;Glas Istre, a dio je ispri\u010dala i na svome Facebooku, evo \u0161to je sve rekla&#8230; &#8220;Koliko sve drugo postane neva\u017eno preko no\u0107i&#8230;\u010cita\u0161 [&hellip;]<\/p>\n","protected":false},"author":2,"featured_media":9944,"comment_status":"closed","ping_status":"closed","sticky":false,"template":"","format":"standard","meta":{"h5ap_radio_sources":[],"footnotes":""},"categories":[1],"tags":[],"class_list":["post-9943","post","type-post","status-publish","format-standard","has-post-thumbnail","hentry","category-bihiregija"],"yoast_head":"<!-- This site is optimized with the Yoast SEO plugin v27.5 - https:\/\/yoast.com\/product\/yoast-seo-wordpress\/ -->\n<title>Ispovijest mlade Puljanke koja je zbog korone zavr\u0161ila na respiratoru - RADIO LJUBU\u0160KI<\/title>\n<meta name=\"robots\" content=\"index, follow, max-snippet:-1, max-image-preview:large, max-video-preview:-1\" \/>\n<link rel=\"canonical\" href=\"https:\/\/radioljubuski.ba\/index.php\/2021\/04\/06\/ispovijest-mlade-puljanke-koja-je-zbog-korone-zavrsila-na-respiratoru\/\" \/>\n<meta property=\"og:locale\" content=\"hr_HR\" \/>\n<meta property=\"og:type\" content=\"article\" \/>\n<meta property=\"og:title\" content=\"Ispovijest mlade Puljanke koja je zbog korone zavr\u0161ila na respiratoru - RADIO LJUBU\u0160KI\" \/>\n<meta property=\"og:description\" content=\"Ana Bolobicchio, mlada Puljanka, oboljela je od korone i nakon desetak dana te\u0161ke borbe s virusom lije\u010dnici su je usred no\u0107i odveli u pulski respiracijski centar.&nbsp; Djevojka iz Pule je svoju pri\u010du dala za&nbsp;Glas Istre, a dio je ispri\u010dala i na svome Facebooku, evo \u0161to je sve rekla&#8230; &#8220;Koliko sve drugo postane neva\u017eno preko no\u0107i&#8230;\u010cita\u0161 [&hellip;]\" \/>\n<meta property=\"og:url\" content=\"https:\/\/radioljubuski.ba\/index.php\/2021\/04\/06\/ispovijest-mlade-puljanke-koja-je-zbog-korone-zavrsila-na-respiratoru\/\" \/>\n<meta property=\"og:site_name\" content=\"RADIO LJUBU\u0160KI\" \/>\n<meta property=\"article:publisher\" content=\"https:\/\/www.facebook.com\/Radiio-Ljubuski-1490835324566332\" \/>\n<meta property=\"article:published_time\" content=\"2021-04-05T23:07:11+00:00\" \/>\n<meta property=\"article:modified_time\" content=\"2021-04-05T23:07:13+00:00\" \/>\n<meta property=\"og:image\" content=\"https:\/\/radioljubuski.ba\/wp-content\/uploads\/2021\/04\/dd.png\" \/>\n\t<meta property=\"og:image:width\" content=\"600\" \/>\n\t<meta property=\"og:image:height\" content=\"393\" \/>\n\t<meta property=\"og:image:type\" content=\"image\/png\" \/>\n<meta name=\"author\" content=\"Radio Ljubu\u0161ki\" \/>\n<meta name=\"twitter:card\" content=\"summary_large_image\" \/>\n<meta name=\"twitter:creator\" content=\"@radioljubuski\" \/>\n<meta name=\"twitter:site\" content=\"@radioljubuski\" \/>\n<meta name=\"twitter:label1\" content=\"Napisao\/la\" \/>\n\t<meta name=\"twitter:data1\" content=\"Radio Ljubu\u0161ki\" \/>\n\t<meta name=\"twitter:label2\" content=\"Procijenjeno vrijeme \u010ditanja\" \/>\n\t<meta name=\"twitter:data2\" content=\"4 minute\" \/>\n<script type=\"application\/ld+json\" class=\"yoast-schema-graph\">{\"@context\":\"https:\\\/\\\/schema.org\",\"@graph\":[{\"@type\":\"Article\",\"@id\":\"https:\\\/\\\/radioljubuski.ba\\\/index.php\\\/2021\\\/04\\\/06\\\/ispovijest-mlade-puljanke-koja-je-zbog-korone-zavrsila-na-respiratoru\\\/#article\",\"isPartOf\":{\"@id\":\"https:\\\/\\\/radioljubuski.ba\\\/index.php\\\/2021\\\/04\\\/06\\\/ispovijest-mlade-puljanke-koja-je-zbog-korone-zavrsila-na-respiratoru\\\/\"},\"author\":{\"name\":\"Radio Ljubu\u0161ki\",\"@id\":\"https:\\\/\\\/radioljubuski.ba\\\/#\\\/schema\\\/person\\\/19fc700381a780f69665d7956c469e3b\"},\"headline\":\"Ispovijest mlade Puljanke koja je zbog korone zavr\u0161ila na respiratoru\",\"datePublished\":\"2021-04-05T23:07:11+00:00\",\"dateModified\":\"2021-04-05T23:07:13+00:00\",\"mainEntityOfPage\":{\"@id\":\"https:\\\/\\\/radioljubuski.ba\\\/index.php\\\/2021\\\/04\\\/06\\\/ispovijest-mlade-puljanke-koja-je-zbog-korone-zavrsila-na-respiratoru\\\/\"},\"wordCount\":858,\"publisher\":{\"@id\":\"https:\\\/\\\/radioljubuski.ba\\\/#organization\"},\"image\":{\"@id\":\"https:\\\/\\\/radioljubuski.ba\\\/index.php\\\/2021\\\/04\\\/06\\\/ispovijest-mlade-puljanke-koja-je-zbog-korone-zavrsila-na-respiratoru\\\/#primaryimage\"},\"thumbnailUrl\":\"https:\\\/\\\/radioljubuski.ba\\\/wp-content\\\/uploads\\\/2021\\\/04\\\/dd.png\",\"articleSection\":[\"BIH i regija\"],\"inLanguage\":\"hr\"},{\"@type\":\"WebPage\",\"@id\":\"https:\\\/\\\/radioljubuski.ba\\\/index.php\\\/2021\\\/04\\\/06\\\/ispovijest-mlade-puljanke-koja-je-zbog-korone-zavrsila-na-respiratoru\\\/\",\"url\":\"https:\\\/\\\/radioljubuski.ba\\\/index.php\\\/2021\\\/04\\\/06\\\/ispovijest-mlade-puljanke-koja-je-zbog-korone-zavrsila-na-respiratoru\\\/\",\"name\":\"Ispovijest mlade Puljanke koja je zbog korone zavr\u0161ila na respiratoru - RADIO LJUBU\u0160KI\",\"isPartOf\":{\"@id\":\"https:\\\/\\\/radioljubuski.ba\\\/#website\"},\"primaryImageOfPage\":{\"@id\":\"https:\\\/\\\/radioljubuski.ba\\\/index.php\\\/2021\\\/04\\\/06\\\/ispovijest-mlade-puljanke-koja-je-zbog-korone-zavrsila-na-respiratoru\\\/#primaryimage\"},\"image\":{\"@id\":\"https:\\\/\\\/radioljubuski.ba\\\/index.php\\\/2021\\\/04\\\/06\\\/ispovijest-mlade-puljanke-koja-je-zbog-korone-zavrsila-na-respiratoru\\\/#primaryimage\"},\"thumbnailUrl\":\"https:\\\/\\\/radioljubuski.ba\\\/wp-content\\\/uploads\\\/2021\\\/04\\\/dd.png\",\"datePublished\":\"2021-04-05T23:07:11+00:00\",\"dateModified\":\"2021-04-05T23:07:13+00:00\",\"breadcrumb\":{\"@id\":\"https:\\\/\\\/radioljubuski.ba\\\/index.php\\\/2021\\\/04\\\/06\\\/ispovijest-mlade-puljanke-koja-je-zbog-korone-zavrsila-na-respiratoru\\\/#breadcrumb\"},\"inLanguage\":\"hr\",\"potentialAction\":[{\"@type\":\"ReadAction\",\"target\":[\"https:\\\/\\\/radioljubuski.ba\\\/index.php\\\/2021\\\/04\\\/06\\\/ispovijest-mlade-puljanke-koja-je-zbog-korone-zavrsila-na-respiratoru\\\/\"]}]},{\"@type\":\"ImageObject\",\"inLanguage\":\"hr\",\"@id\":\"https:\\\/\\\/radioljubuski.ba\\\/index.php\\\/2021\\\/04\\\/06\\\/ispovijest-mlade-puljanke-koja-je-zbog-korone-zavrsila-na-respiratoru\\\/#primaryimage\",\"url\":\"https:\\\/\\\/radioljubuski.ba\\\/wp-content\\\/uploads\\\/2021\\\/04\\\/dd.png\",\"contentUrl\":\"https:\\\/\\\/radioljubuski.ba\\\/wp-content\\\/uploads\\\/2021\\\/04\\\/dd.png\",\"width\":600,\"height\":393},{\"@type\":\"BreadcrumbList\",\"@id\":\"https:\\\/\\\/radioljubuski.ba\\\/index.php\\\/2021\\\/04\\\/06\\\/ispovijest-mlade-puljanke-koja-je-zbog-korone-zavrsila-na-respiratoru\\\/#breadcrumb\",\"itemListElement\":[{\"@type\":\"ListItem\",\"position\":1,\"name\":\"Po\u010detna stranica\",\"item\":\"https:\\\/\\\/radioljubuski.ba\\\/\"},{\"@type\":\"ListItem\",\"position\":2,\"name\":\"Ispovijest mlade Puljanke koja je zbog korone zavr\u0161ila na respiratoru\"}]},{\"@type\":\"WebSite\",\"@id\":\"https:\\\/\\\/radioljubuski.ba\\\/#website\",\"url\":\"https:\\\/\\\/radioljubuski.ba\\\/\",\"name\":\"Radio Ljubu\u0161ki\",\"description\":\"Sun\u010dana frekvencija Hercegovine\",\"publisher\":{\"@id\":\"https:\\\/\\\/radioljubuski.ba\\\/#organization\"},\"potentialAction\":[{\"@type\":\"SearchAction\",\"target\":{\"@type\":\"EntryPoint\",\"urlTemplate\":\"https:\\\/\\\/radioljubuski.ba\\\/?s={search_term_string}\"},\"query-input\":{\"@type\":\"PropertyValueSpecification\",\"valueRequired\":true,\"valueName\":\"search_term_string\"}}],\"inLanguage\":\"hr\"},{\"@type\":\"Organization\",\"@id\":\"https:\\\/\\\/radioljubuski.ba\\\/#organization\",\"name\":\"Radio Ljubu\u0161ki\",\"url\":\"https:\\\/\\\/radioljubuski.ba\\\/\",\"logo\":{\"@type\":\"ImageObject\",\"inLanguage\":\"hr\",\"@id\":\"https:\\\/\\\/radioljubuski.ba\\\/#\\\/schema\\\/logo\\\/image\\\/\",\"url\":\"https:\\\/\\\/radioljubuski.ba\\\/wp-content\\\/uploads\\\/2021\\\/02\\\/cropped-Radio_Ljubuski_logo1.jpg\",\"contentUrl\":\"https:\\\/\\\/radioljubuski.ba\\\/wp-content\\\/uploads\\\/2021\\\/02\\\/cropped-Radio_Ljubuski_logo1.jpg\",\"width\":512,\"height\":512,\"caption\":\"Radio Ljubu\u0161ki\"},\"image\":{\"@id\":\"https:\\\/\\\/radioljubuski.ba\\\/#\\\/schema\\\/logo\\\/image\\\/\"},\"sameAs\":[\"https:\\\/\\\/www.facebook.com\\\/Radiio-Ljubuski-1490835324566332\",\"https:\\\/\\\/x.com\\\/radioljubuski\",\"https:\\\/\\\/hr.linkedin.com\\\/company\\\/radio-ljubuski\",\"https:\\\/\\\/www.youtube.com\\\/channel\\\/UCHYaeO_n0Db3tjNGudGpXyw\"]},{\"@type\":\"Person\",\"@id\":\"https:\\\/\\\/radioljubuski.ba\\\/#\\\/schema\\\/person\\\/19fc700381a780f69665d7956c469e3b\",\"name\":\"Radio Ljubu\u0161ki\"}]}<\/script>\n<!-- \/ Yoast SEO plugin. -->","yoast_head_json":{"title":"Ispovijest mlade Puljanke koja je zbog korone zavr\u0161ila na respiratoru - RADIO LJUBU\u0160KI","robots":{"index":"index","follow":"follow","max-snippet":"max-snippet:-1","max-image-preview":"max-image-preview:large","max-video-preview":"max-video-preview:-1"},"canonical":"https:\/\/radioljubuski.ba\/index.php\/2021\/04\/06\/ispovijest-mlade-puljanke-koja-je-zbog-korone-zavrsila-na-respiratoru\/","og_locale":"hr_HR","og_type":"article","og_title":"Ispovijest mlade Puljanke koja je zbog korone zavr\u0161ila na respiratoru - RADIO LJUBU\u0160KI","og_description":"Ana Bolobicchio, mlada Puljanka, oboljela je od korone i nakon desetak dana te\u0161ke borbe s virusom lije\u010dnici su je usred no\u0107i odveli u pulski respiracijski centar.&nbsp; Djevojka iz Pule je svoju pri\u010du dala za&nbsp;Glas Istre, a dio je ispri\u010dala i na svome Facebooku, evo \u0161to je sve rekla&#8230; &#8220;Koliko sve drugo postane neva\u017eno preko no\u0107i&#8230;\u010cita\u0161 [&hellip;]","og_url":"https:\/\/radioljubuski.ba\/index.php\/2021\/04\/06\/ispovijest-mlade-puljanke-koja-je-zbog-korone-zavrsila-na-respiratoru\/","og_site_name":"RADIO LJUBU\u0160KI","article_publisher":"https:\/\/www.facebook.com\/Radiio-Ljubuski-1490835324566332","article_published_time":"2021-04-05T23:07:11+00:00","article_modified_time":"2021-04-05T23:07:13+00:00","og_image":[{"width":600,"height":393,"url":"https:\/\/radioljubuski.ba\/wp-content\/uploads\/2021\/04\/dd.png","type":"image\/png"}],"author":"Radio Ljubu\u0161ki","twitter_card":"summary_large_image","twitter_creator":"@radioljubuski","twitter_site":"@radioljubuski","twitter_misc":{"Napisao\/la":"Radio Ljubu\u0161ki","Procijenjeno vrijeme \u010ditanja":"4 minute"},"schema":{"@context":"https:\/\/schema.org","@graph":[{"@type":"Article","@id":"https:\/\/radioljubuski.ba\/index.php\/2021\/04\/06\/ispovijest-mlade-puljanke-koja-je-zbog-korone-zavrsila-na-respiratoru\/#article","isPartOf":{"@id":"https:\/\/radioljubuski.ba\/index.php\/2021\/04\/06\/ispovijest-mlade-puljanke-koja-je-zbog-korone-zavrsila-na-respiratoru\/"},"author":{"name":"Radio Ljubu\u0161ki","@id":"https:\/\/radioljubuski.ba\/#\/schema\/person\/19fc700381a780f69665d7956c469e3b"},"headline":"Ispovijest mlade Puljanke koja je zbog korone zavr\u0161ila na respiratoru","datePublished":"2021-04-05T23:07:11+00:00","dateModified":"2021-04-05T23:07:13+00:00","mainEntityOfPage":{"@id":"https:\/\/radioljubuski.ba\/index.php\/2021\/04\/06\/ispovijest-mlade-puljanke-koja-je-zbog-korone-zavrsila-na-respiratoru\/"},"wordCount":858,"publisher":{"@id":"https:\/\/radioljubuski.ba\/#organization"},"image":{"@id":"https:\/\/radioljubuski.ba\/index.php\/2021\/04\/06\/ispovijest-mlade-puljanke-koja-je-zbog-korone-zavrsila-na-respiratoru\/#primaryimage"},"thumbnailUrl":"https:\/\/radioljubuski.ba\/wp-content\/uploads\/2021\/04\/dd.png","articleSection":["BIH i regija"],"inLanguage":"hr"},{"@type":"WebPage","@id":"https:\/\/radioljubuski.ba\/index.php\/2021\/04\/06\/ispovijest-mlade-puljanke-koja-je-zbog-korone-zavrsila-na-respiratoru\/","url":"https:\/\/radioljubuski.ba\/index.php\/2021\/04\/06\/ispovijest-mlade-puljanke-koja-je-zbog-korone-zavrsila-na-respiratoru\/","name":"Ispovijest mlade Puljanke koja je zbog korone zavr\u0161ila na respiratoru - RADIO LJUBU\u0160KI","isPartOf":{"@id":"https:\/\/radioljubuski.ba\/#website"},"primaryImageOfPage":{"@id":"https:\/\/radioljubuski.ba\/index.php\/2021\/04\/06\/ispovijest-mlade-puljanke-koja-je-zbog-korone-zavrsila-na-respiratoru\/#primaryimage"},"image":{"@id":"https:\/\/radioljubuski.ba\/index.php\/2021\/04\/06\/ispovijest-mlade-puljanke-koja-je-zbog-korone-zavrsila-na-respiratoru\/#primaryimage"},"thumbnailUrl":"https:\/\/radioljubuski.ba\/wp-content\/uploads\/2021\/04\/dd.png","datePublished":"2021-04-05T23:07:11+00:00","dateModified":"2021-04-05T23:07:13+00:00","breadcrumb":{"@id":"https:\/\/radioljubuski.ba\/index.php\/2021\/04\/06\/ispovijest-mlade-puljanke-koja-je-zbog-korone-zavrsila-na-respiratoru\/#breadcrumb"},"inLanguage":"hr","potentialAction":[{"@type":"ReadAction","target":["https:\/\/radioljubuski.ba\/index.php\/2021\/04\/06\/ispovijest-mlade-puljanke-koja-je-zbog-korone-zavrsila-na-respiratoru\/"]}]},{"@type":"ImageObject","inLanguage":"hr","@id":"https:\/\/radioljubuski.ba\/index.php\/2021\/04\/06\/ispovijest-mlade-puljanke-koja-je-zbog-korone-zavrsila-na-respiratoru\/#primaryimage","url":"https:\/\/radioljubuski.ba\/wp-content\/uploads\/2021\/04\/dd.png","contentUrl":"https:\/\/radioljubuski.ba\/wp-content\/uploads\/2021\/04\/dd.png","width":600,"height":393},{"@type":"BreadcrumbList","@id":"https:\/\/radioljubuski.ba\/index.php\/2021\/04\/06\/ispovijest-mlade-puljanke-koja-je-zbog-korone-zavrsila-na-respiratoru\/#breadcrumb","itemListElement":[{"@type":"ListItem","position":1,"name":"Po\u010detna stranica","item":"https:\/\/radioljubuski.ba\/"},{"@type":"ListItem","position":2,"name":"Ispovijest mlade Puljanke koja je zbog korone zavr\u0161ila na respiratoru"}]},{"@type":"WebSite","@id":"https:\/\/radioljubuski.ba\/#website","url":"https:\/\/radioljubuski.ba\/","name":"Radio Ljubu\u0161ki","description":"Sun\u010dana frekvencija Hercegovine","publisher":{"@id":"https:\/\/radioljubuski.ba\/#organization"},"potentialAction":[{"@type":"SearchAction","target":{"@type":"EntryPoint","urlTemplate":"https:\/\/radioljubuski.ba\/?s={search_term_string}"},"query-input":{"@type":"PropertyValueSpecification","valueRequired":true,"valueName":"search_term_string"}}],"inLanguage":"hr"},{"@type":"Organization","@id":"https:\/\/radioljubuski.ba\/#organization","name":"Radio Ljubu\u0161ki","url":"https:\/\/radioljubuski.ba\/","logo":{"@type":"ImageObject","inLanguage":"hr","@id":"https:\/\/radioljubuski.ba\/#\/schema\/logo\/image\/","url":"https:\/\/radioljubuski.ba\/wp-content\/uploads\/2021\/02\/cropped-Radio_Ljubuski_logo1.jpg","contentUrl":"https:\/\/radioljubuski.ba\/wp-content\/uploads\/2021\/02\/cropped-Radio_Ljubuski_logo1.jpg","width":512,"height":512,"caption":"Radio Ljubu\u0161ki"},"image":{"@id":"https:\/\/radioljubuski.ba\/#\/schema\/logo\/image\/"},"sameAs":["https:\/\/www.facebook.com\/Radiio-Ljubuski-1490835324566332","https:\/\/x.com\/radioljubuski","https:\/\/hr.linkedin.com\/company\/radio-ljubuski","https:\/\/www.youtube.com\/channel\/UCHYaeO_n0Db3tjNGudGpXyw"]},{"@type":"Person","@id":"https:\/\/radioljubuski.ba\/#\/schema\/person\/19fc700381a780f69665d7956c469e3b","name":"Radio Ljubu\u0161ki"}]}},"_links":{"self":[{"href":"https:\/\/radioljubuski.ba\/index.php\/wp-json\/wp\/v2\/posts\/9943","targetHints":{"allow":["GET"]}}],"collection":[{"href":"https:\/\/radioljubuski.ba\/index.php\/wp-json\/wp\/v2\/posts"}],"about":[{"href":"https:\/\/radioljubuski.ba\/index.php\/wp-json\/wp\/v2\/types\/post"}],"author":[{"embeddable":true,"href":"https:\/\/radioljubuski.ba\/index.php\/wp-json\/wp\/v2\/users\/2"}],"replies":[{"embeddable":true,"href":"https:\/\/radioljubuski.ba\/index.php\/wp-json\/wp\/v2\/comments?post=9943"}],"version-history":[{"count":1,"href":"https:\/\/radioljubuski.ba\/index.php\/wp-json\/wp\/v2\/posts\/9943\/revisions"}],"predecessor-version":[{"id":9945,"href":"https:\/\/radioljubuski.ba\/index.php\/wp-json\/wp\/v2\/posts\/9943\/revisions\/9945"}],"wp:featuredmedia":[{"embeddable":true,"href":"https:\/\/radioljubuski.ba\/index.php\/wp-json\/wp\/v2\/media\/9944"}],"wp:attachment":[{"href":"https:\/\/radioljubuski.ba\/index.php\/wp-json\/wp\/v2\/media?parent=9943"}],"wp:term":[{"taxonomy":"category","embeddable":true,"href":"https:\/\/radioljubuski.ba\/index.php\/wp-json\/wp\/v2\/categories?post=9943"},{"taxonomy":"post_tag","embeddable":true,"href":"https:\/\/radioljubuski.ba\/index.php\/wp-json\/wp\/v2\/tags?post=9943"}],"curies":[{"name":"wp","href":"https:\/\/api.w.org\/{rel}","templated":true}]}}